{"id":194139,"date":"2025-10-22T16:45:08","date_gmt":"2025-10-22T16:45:08","guid":{"rendered":"https:\/\/www.europesays.com\/es\/194139\/"},"modified":"2025-10-22T16:45:08","modified_gmt":"2025-10-22T16:45:08","slug":"ambros-martin-convoca-a-18-jugadoras-para-continuar-en-elche-con-el-proyecto-2029","status":"publish","type":"post","link":"https:\/\/www.europesays.com\/es\/194139\/","title":{"rendered":"Ambros Mart\u00edn convoca a 18 jugadoras para continuar en Elche con el Proyecto 2029"},"content":{"rendered":"<p>\u00a0\u00a0\u00a0MADRID, 22 Oct. (EUROPA PRESS) &#8211; <\/p>\n<p>\u00a0\u00a0\u00a0El seleccionador espa\u00f1ol de balonmano femenino, Ambros Mart\u00edn, ha anunciado este mi\u00e9rcoles la convocatoria para la pr\u00f3xima actividad del combinado nacional, prevista entre el 10 y el 12 de noviembre en Elche, para continuar con el Proyecto 2029, que pretende consolidar al equipo de cara al Campeonato del Mundo de ese a\u00f1o y que se celebrar\u00e1 en Espa\u00f1a.<\/p>\n<p>\u00a0\u00a0\u00a0Seg\u00fan indic\u00f3 la Real Federaci\u00f3n Espa\u00f1ola de Balonmano (RFEBM), la lista incluye a las porteras Udane Bernab\u00e9, Andrea S\u00e1ez y Goundo Gassama; las centrales Sandra Monteagudo y Marta Regord\u00e1n; las laterales Mar\u00eda Rodr\u00edguez, Carmen Fidalgo, Matina Catal\u00e1, Raquel Mor\u00e9, Naroa Baquedano, Bel\u00e9n Rodr\u00edguez y Anna Ros; las extremos Sara Palanques, Carla Gonz\u00e1lez, Mar\u00eda Gonz\u00e1lez y Luc\u00eda Laguna; y las pivotes Kadidiatou Jallow y Alicia Huertas.<\/p>\n<p>\u00a0\u00a0\u00a0Las convocadas se entrenar\u00e1n en el Pabell\u00f3n Esperanza Lag de la ciudad ilicitana en sesiones de ma\u00f1ana y tarde durante toda la concentraci\u00f3n. El seleccionador nacional de las &#8216;Guerreras&#8217; coment\u00f3 que van a seguir \u00abcon este plan de tecnificaciones del Proyecto 2029\u00bb. \u00abEsta vez, debido a que muchos de los equipos espa\u00f1oles participan en competici\u00f3n europea, vamos a llamar a aquellos que no compitan entre semana, y a muchas de las jugadoras del equipo nacional j\u00fanior\u00bb, explic\u00f3 Ambros Mart\u00edn.<\/p>\n<p>\u00a0\u00a0\u00a0\u00abTenemos la idea de continuar con ese plan de mejora individual, t\u00e9cnico-t\u00e1ctica, de situaciones que creemos que van a ser importantes en su desarrollo como jugadoras, y tambi\u00e9n dentro de lo que es el modelo de juego que est\u00e1n llevando a cabo tanto en el equipo j\u00fanior como en el equipo absoluto. Esta es un poco la idea, el plan que tenemos para esta nueva tecnificaci\u00f3n\u00bb, concluy\u00f3 el seleccionador.<\/p>\n","protected":false},"excerpt":{"rendered":"\u00a0\u00a0\u00a0MADRID, 22 Oct. (EUROPA PRESS) &#8211; \u00a0\u00a0\u00a0El seleccionador espa\u00f1ol de balonmano femenino, Ambros Mart\u00edn, ha anunciado este mi\u00e9rcoles&hellip;\n","protected":false},"author":2,"featured_media":194140,"comment_status":"","ping_status":"","sticky":false,"template":"","format":"standard","meta":{"footnotes":""},"categories":[278],"tags":[376,168,25,24,375,23,167],"class_list":{"0":"post-194139","1":"post","2":"type-post","3":"status-publish","4":"format-standard","5":"has-post-thumbnail","7":"category-balonmano","8":"tag-balonmano","9":"tag-deportes","10":"tag-es","11":"tag-espana","12":"tag-handball","13":"tag-spain","14":"tag-sports"},"share_on_mastodon":{"url":"https:\/\/pubeurope.com\/@es\/115418832913864309","error":""},"_links":{"self":[{"href":"https:\/\/www.europesays.com\/es\/wp-json\/wp\/v2\/posts\/194139","targetHints":{"allow":["GET"]}}],"collection":[{"href":"https:\/\/www.europesays.com\/es\/wp-json\/wp\/v2\/posts"}],"about":[{"href":"https:\/\/www.europesays.com\/es\/wp-json\/wp\/v2\/types\/post"}],"author":[{"embeddable":true,"href":"https:\/\/www.europesays.com\/es\/wp-json\/wp\/v2\/users\/2"}],"replies":[{"embeddable":true,"href":"https:\/\/www.europesays.com\/es\/wp-json\/wp\/v2\/comments?post=194139"}],"version-history":[{"count":0,"href":"https:\/\/www.europesays.com\/es\/wp-json\/wp\/v2\/posts\/194139\/revisions"}],"wp:featuredmedia":[{"embeddable":true,"href":"https:\/\/www.europesays.com\/es\/wp-json\/wp\/v2\/media\/194140"}],"wp:attachment":[{"href":"https:\/\/www.europesays.com\/es\/wp-json\/wp\/v2\/media?parent=194139"}],"wp:term":[{"taxonomy":"category","embeddable":true,"href":"https:\/\/www.europesays.com\/es\/wp-json\/wp\/v2\/categories?post=194139"},{"taxonomy":"post_tag","embeddable":true,"href":"https:\/\/www.europesays.com\/es\/wp-json\/wp\/v2\/tags?post=194139"}],"curies":[{"name":"wp","href":"https:\/\/api.w.org\/{rel}","templated":true}]}}