{"id":194149,"date":"2025-10-22T16:51:11","date_gmt":"2025-10-22T16:51:11","guid":{"rendered":"https:\/\/www.europesays.com\/es\/194149\/"},"modified":"2025-10-22T16:51:11","modified_gmt":"2025-10-22T16:51:11","slug":"tenemos-que-sacar-mas-partido-al-coche","status":"publish","type":"post","link":"https:\/\/www.europesays.com\/es\/194149\/","title":{"rendered":"Tenemos que sacar m\u00e1s partido al coche"},"content":{"rendered":"<p class=\"L6-news-detail__text\">En McLaren las alarmas llevan sonando varias semanas. <b><a title=\"Max Verstappen\" href=\"https:\/\/www.lasexta.com\/noticias\/deportes\/motor\/formula1\/atencion-manera-que-mercedes-recoge-cable-verstappen_2025102268f88bfd5ddd5447a1beafe6.html\" target=\"_blank\" rel=\"nofollow noopener\">Max Verstappen<\/a><\/b> se acerca y est\u00e1 poniendo en peligro un t\u00edtulo que parec\u00eda cantado o para <b>Oscar Piastri o para Lando Norris<\/b>. Perder este mundial de F\u00f3rmula 1 ser\u00eda un fracaso para el que ha sido el coche m\u00e1s r\u00e1pido con mucha diferencia.<\/p>\n<p class=\"L6-news-detail__text\"><b>Andrea Stella<\/b>, jefe de McLaren, ha dicho en &#8216;Motorsport&#8217; que sus pilotos se tienen que poner las pilas: <b>\u00abPodr\u00edamos haber sacado m\u00e1s partido a nuestro coche.<\/b> Y hasta cierto punto, los propios pilotos reconocen que podr\u00edan haber hecho un mejor trabajo en algunas de las carreras anteriores\u00bb.<\/p>\n<p class=\"L6-news-detail__text\">Pero es optimista para el futuro. Y eso que Verstappen no para de recortar. \u00abEl hecho de que haya cinco carreras y dos sprints significa que<b> tambi\u00e9n podemos aumentar la diferencia con Max<\/b>. As\u00ed es como veo las cosas. Creo que nos esperan buenos circuitos para nuestro coche\u00bb, indica el jefe del equipo papaya.<\/p>\n<p class=\"L6-news-detail__text\">Ve como una \u00aboportunidad\u00bb el calendario que se viene, que deber\u00eda favorecer las caracter\u00edsticas de su coche: \u00abCreo que vemos las pr\u00f3ximas cinco carreras como <b>oportunidades para aumentar la diferencia con Max\u00bb.<\/b><\/p>\n<p class=\"L6-news-detail__text\">\u00abTenemos una gran oportunidad y el resultado de esta temporada y del campeonato de pilotos est\u00e1 en nuestras manos. No est\u00e1 en manos de otros\u00bb, sentencia Stella antes del <b><a title=\"Gran Premio de M\u00e9xico.\" href=\"https:\/\/www.lasexta.com\/noticias\/deportes\/motor\/formula1\/mexico-2025-horario-donde-ver-entrenamientos-clasificacion-carrera_2025102068f62b1376c80d35b5f11300.html\" target=\"_blank\" rel=\"nofollow noopener\">Gran Premio de M\u00e9xico.<\/a><\/b><\/p>\n<p class=\"L6-news-detail__text\">En Austin, hace una semana, Verstappen sac\u00f3 todos los puntos posibles: <b>victoria en la sprint y victoria en la carrera<\/b>. Y un Piastri desaparecido ha provocado que la distancia se haya reducido a apenas cuarenta puntos.<\/p>\n<p class=\"L6-support-news-video__title\">\u00abPara convertirnos en campeones\u00bb<\/p>\n<p>            <a href=\"https:\/\/www.lasexta.com\/noticias\/deportes\/motor\/formula1\/ojo-reaccion-carlos-sainz-cuando-williams-afirma-que-uno-mejores-pilotos_2025101568efb564de40d8089e0f53e9.html\" class=\"L6-news__link\" rel=\"nofollow noopener\" target=\"_blank\"><br \/>\n                Ojo a la reacci\u00f3n de Carlos Sainz cuando Williams afirma que es uno de los \u00abmejores pilotos\u00bb<\/p>\n<p class=\"recirculation-video-desc\">El madrile\u00f1o estuvo junto a Peter Kenyon en un acto en el que el asesor de Williams se deshizo en elogios hacia el &#8217;55&#8217;.<\/p>\n<p>            <\/a><\/p>\n","protected":false},"excerpt":{"rendered":"En McLaren las alarmas llevan sonando varias semanas. Max Verstappen se acerca y est\u00e1 poniendo en peligro un&hellip;\n","protected":false},"author":2,"featured_media":194150,"comment_status":"","ping_status":"","sticky":false,"template":"","format":"standard","meta":{"footnotes":""},"categories":[270],"tags":[168,25,24,306,271,272,23,167],"class_list":{"0":"post-194149","1":"post","2":"type-post","3":"status-publish","4":"format-standard","5":"has-post-thumbnail","7":"category-formula-1","8":"tag-deportes","9":"tag-es","10":"tag-espana","11":"tag-f1","12":"tag-formula-1","13":"tag-formula1","14":"tag-spain","15":"tag-sports"},"share_on_mastodon":{"url":"https:\/\/pubeurope.com\/@es\/115418856448626983","error":""},"_links":{"self":[{"href":"https:\/\/www.europesays.com\/es\/wp-json\/wp\/v2\/posts\/194149","targetHints":{"allow":["GET"]}}],"collection":[{"href":"https:\/\/www.europesays.com\/es\/wp-json\/wp\/v2\/posts"}],"about":[{"href":"https:\/\/www.europesays.com\/es\/wp-json\/wp\/v2\/types\/post"}],"author":[{"embeddable":true,"href":"https:\/\/www.europesays.com\/es\/wp-json\/wp\/v2\/users\/2"}],"replies":[{"embeddable":true,"href":"https:\/\/www.europesays.com\/es\/wp-json\/wp\/v2\/comments?post=194149"}],"version-history":[{"count":0,"href":"https:\/\/www.europesays.com\/es\/wp-json\/wp\/v2\/posts\/194149\/revisions"}],"wp:featuredmedia":[{"embeddable":true,"href":"https:\/\/www.europesays.com\/es\/wp-json\/wp\/v2\/media\/194150"}],"wp:attachment":[{"href":"https:\/\/www.europesays.com\/es\/wp-json\/wp\/v2\/media?parent=194149"}],"wp:term":[{"taxonomy":"category","embeddable":true,"href":"https:\/\/www.europesays.com\/es\/wp-json\/wp\/v2\/categories?post=194149"},{"taxonomy":"post_tag","embeddable":true,"href":"https:\/\/www.europesays.com\/es\/wp-json\/wp\/v2\/tags?post=194149"}],"curies":[{"name":"wp","href":"https:\/\/api.w.org\/{rel}","templated":true}]}}