{"id":194157,"date":"2025-10-22T16:55:08","date_gmt":"2025-10-22T16:55:08","guid":{"rendered":"https:\/\/www.europesays.com\/es\/194157\/"},"modified":"2025-10-22T16:55:08","modified_gmt":"2025-10-22T16:55:08","slug":"la-presidenta-del-louvre-el-robo-es-una-herida-inmensa-hemos-fracasado-cultura","status":"publish","type":"post","link":"https:\/\/www.europesays.com\/es\/194157\/","title":{"rendered":"La presidenta del Louvre: \u201cEl robo es una herida inmensa, hemos fracasado\u201d | Cultura"},"content":{"rendered":"<p class=\"\"><a href=\"https:\/\/elpais.com\/cultura\/2025-02-16\/laurence-des-cars-directora-del-louvre-el-turismo-de-masas-no-es-una-maldicion-para-el-museo-sino-un-orgullo.html\" target=\"_self\" rel=\"nofollow noopener\" title=\"https:\/\/elpais.com\/cultura\/2025-02-16\/laurence-des-cars-directora-del-louvre-el-turismo-de-masas-no-es-una-maldicion-para-el-museo-sino-un-orgullo.html\">Laurence des Cars, la presidenta del Museo del Louvre<\/a>, quiz\u00e1 la persona bajo mayor presi\u00f3n en Francia en las \u00faltimas horas -y eso ya es decir mucho- compareci\u00f3 este mi\u00e9rcoles por la tarde en el Senado para dar cuenta del robo sufrido por la pinacoteca el pasado domingo. Seria, afectada, en todo grave admiti\u00f3 el \u201cfracaso\u201d y calific\u00f3 la sustracci\u00f3n de las joyas, valoradas en unos 88 millones de euros, como \u201cuna herida inmensa\u201d. Des Cars detall\u00f3 los planes de seguridad realizados en los \u00faltimos a\u00f1os, pero admiti\u00f3 que hay elementos \u201cpreocupantes de seguridad\u201d. <\/p>\n<p class=\"\"><a href=\"https:\/\/elpais.com\/cultura\/2025-10-20\/las-claves-del-robo-en-el-louvre-siete-minutos-cuatro-asaltantes-y-una-escalera-para-acceder-a-las-joyas-de-la-corona.html\" target=\"_self\" rel=\"nofollow noopener\" title=\"https:\/\/elpais.com\/cultura\/2025-10-20\/las-claves-del-robo-en-el-louvre-siete-minutos-cuatro-asaltantes-y-una-escalera-para-acceder-a-las-joyas-de-la-corona.html\">El ataque del domingo, en el que cuatro asaltantes lograron introducirse a las 9.30 en la galer\u00eda Apolo del museo a trav\u00e9s de un veh\u00edculo con una gr\u00faa montacargas<\/a>, termin\u00f3 con el robo de nueve piezas. \u201cEl asalto nos recuerda que la violencia criminal no se detendr\u00e1 en nuestros muros. El Louvre, al igual que muchos otros museos de nuestro territorio y del mundo entero, no est\u00e1 a salvo de la creciente brutalizaci\u00f3n de la sociedad\u201d, lament\u00f3 des Cars. \u201cA pesar de nuestros esfuerzos y de nuestro trabajo, hemos sido superados\u201d, reconoci\u00f3.<\/p>\n<p>M\u00e1s informaci\u00f3n<\/p>\n<p class=\"\">El domingo por la noche des Cars apareci\u00f3 p\u00e1lida en las salas del Louvre, junto a la ministra de Cultura, Rachida Dati. Seg\u00fan ha publicado hoy Le Figaro, present\u00f3 su dimisi\u00f3n es emismo d\u00eda al presidente de la Rep\u00fablica, Emmanuel Macron. El jefe del Estado, sin embargo, la rechaz\u00f3. \u201cMantente firme; no se trata de romper la din\u00e1mica de renovaci\u00f3n del museo\u201d, le dijo.<\/p>\n<p class=\"\">La sensaci\u00f3n durante la comparecencia, en la que la dureza de los senadores fue en aumento, fue la de una derrota total. \u201cSomos es hazmerre\u00edr\u201d, le reprocharon a des Cars. La presidenta de la pinacoteca, que se mostr\u00f3 \u201cmortificada\u201d por las cr\u00edticas personales recibidas, relacion\u00f3 el robo con el envejecimiento de las instalaciones, como si no hubiera habido manera de evitarlo. \u201cEn este pa\u00eds nunca es culpa de nadie\u201d, le reproch\u00f3 un senador de Los Republicanos. Ante la comisi\u00f3n, des Cars admiti\u00f3 tambi\u00e9n que las c\u00e1maras de vigilancia perimetrales del museo \u201cson uno de los puntos d\u00e9biles\u201d del centro. \u201cHay algunas c\u00e1maras perimetrales, pero son antiguas (&#8230;); el sistema es muy insuficiente, no cubre todas las fachadas del Louvre y, lamentablemente, del lado de la galer\u00eda de Apolo, la \u00fanica c\u00e1mara est\u00e1 orientada hacia el oeste y, por lo tanto, no cubr\u00eda el balc\u00f3n afectado por la intrusi\u00f3n\u201d, declar\u00f3 des Cars, asegurando que el futuro plan de seguridad permitir\u00e1 cubrir \u201ctodas las fachadas\u201d.<\/p>\n<p class=\"\">La presidenta vincul\u00f3 el fracaso en la protecci\u00f3n del Louvre con el envejecimiento de las instalaciones que ella misma hab\u00eda denunciado hace algunos meses. Des Cars se refiri\u00f3 a \u201cla situaci\u00f3n preocupante de las instalaciones de seguridad del museo\u201d y su pol\u00edtica de modernizaci\u00f3n iniciada tras asumir el cargo en 2021. \u201cEste plan director de los equipos de seguridad est\u00e1 valorado en unos 80 millones de euros\u201d, a\u00f1adi\u00f3. Mientras tanto, des Cars pidi\u00f3 en el Senado la instalaci\u00f3n de una comisar\u00eda de polic\u00eda especial en el interior del museo.<\/p>\n<p class=\"\">Este mi\u00e9rcoles tambi\u00e9n ha dado explicaciones en el Senado la ministra de Cultura, Rachida Dati. Lejos de admitir errores, le ech\u00f3 la culpa a la \u201cseguridad\u201d de la ciudad de Par\u00eds. \u201cLos sistemas y dispositivos de seguridad internos del Louvre funcionaron. Es un hecho. Y me niego a que se ponga en duda a los agentes comprometidos con la seguridad del museo\u201d, apunt\u00f3. \u201c\u00bfDebemos mejorar los dispositivos? S\u00ed. Ese es precisamente el sentido de la investigaci\u00f3n administrativa, de las audiencias parlamentarias, de las misiones encomendadas a los diputados y de la instrucci\u00f3n elaborada junto con el ministro del Interior para los responsables de las instituciones culturales\u201d, a\u00f1adi\u00f3.<\/p>\n<p class=\"\">La comparecencia se ha producido <a href=\"https:\/\/elpais.com\/cultura\/2025-10-22\/el-louvre-reabre-tres-dias-despues-del-robo-de-las-joyas-de-la-corona.html\" target=\"_blank\" rel=\"noreferrer nofollow noopener\" title=\"https:\/\/elpais.com\/cultura\/2025-10-22\/el-louvre-reabre-tres-dias-despues-del-robo-de-las-joyas-de-la-corona.html\">el mismo d\u00eda que reabre el museo<\/a> tras tres jornadas sin p\u00fablico. La instituci\u00f3n hace lo posible por volver a la normalidad despu\u00e9s del <a href=\"https:\/\/elpais.com\/cultura\/2025-10-20\/las-claves-del-robo-en-el-louvre-siete-minutos-cuatro-asaltantes-y-una-escalera-para-acceder-a-las-joyas-de-la-corona.html\" target=\"_blank\" rel=\"noreferrer nofollow noopener\" title=\"https:\/\/elpais.com\/cultura\/2025-10-20\/las-claves-del-robo-en-el-louvre-siete-minutos-cuatro-asaltantes-y-una-escalera-para-acceder-a-las-joyas-de-la-corona.html\">robo del pasado domingo<\/a> \u2014el m\u00e1s grande del siglo\u2014 donde cuatro delincuentes accedieron por el balc\u00f3n de la galer\u00eda de Apolo, rompieron las vitrinas y se llevaron las joyas de <a href=\"https:\/\/elpais.com\/noticias\/napoleon-bonaparte\/\" rel=\"nofollow noopener\" title=\"https:\/\/elpais.com\/noticias\/napoleon-bonaparte\/\" target=\"_blank\">Napole\u00f3n Bonaparte<\/a>, Napole\u00f3n III y la emperatriz Eugenia de Montijo. <\/p>\n<p class=\"\">El robo, m\u00e1s all\u00e1 del impacto directo sobre el museo y su patrimonio, se ha convertido en una met\u00e1fora del momento cr\u00edtico por el que atraviesa el pa\u00eds. El asalto ocurri\u00f3 cuando la pol\u00edtica francesa atraviesa un mal momento <a href=\"https:\/\/elpais.com\/internacional\/2025-10-21\/edouard-philippe-no-hay-otra-solucion-para-francia-que-la-dimision-de-macron.html\" target=\"_blank\" rel=\"noreferrer nofollow noopener\" title=\"https:\/\/elpais.com\/internacional\/2025-10-21\/edouard-philippe-no-hay-otra-solucion-para-francia-que-la-dimision-de-macron.html\">en el Gobierno de Emmanuel Macron<\/a> y <a href=\"https:\/\/elpais.com\/internacional\/2025-10-21\/el-expresidente-de-francia-nicolas-sarkozy-sale-de-su-casa-para-entrar-en-prision.html\" target=\"_blank\" rel=\"noreferrer nofollow noopener\" title=\"https:\/\/elpais.com\/internacional\/2025-10-21\/el-expresidente-de-francia-nicolas-sarkozy-sale-de-su-casa-para-entrar-en-prision.html\">el ingreso a la c\u00e1rcel del expresidente Sarkozy<\/a>. El ministro de Justicia franc\u00e9s, <a href=\"https:\/\/elpais.com\/internacional\/2020-11-22\/gerald-darmanin-el-poli-malo-de-emmanuel-macron.html\" rel=\"nofollow noopener\" title=\"https:\/\/elpais.com\/internacional\/2020-11-22\/gerald-darmanin-el-poli-malo-de-emmanuel-macron.html\" target=\"_blank\">Gerald Darmanin<\/a>, se\u00f1al\u00f3 el pasado lunes que el asalto \u201cda una imagen lamentable de Francia\u201d. \u201cPudieron aparcar un cami\u00f3n con una escalera de mudanzas en mitad de Par\u00eds, subir y en unos pocos minutos robar joyas de valor incalculable\u201d, explic\u00f3.<\/p>\n<p class=\"\">A pesar de que <a href=\"https:\/\/elpais.com\/cultura\/2025-10-20\/las-joyas-robadas-del-louvre-simbolos-del-apogeo-de-francia-y-dificiles-de-vender.html\" target=\"_blank\" rel=\"noreferrer nofollow noopener\" title=\"https:\/\/elpais.com\/cultura\/2025-10-20\/las-joyas-robadas-del-louvre-simbolos-del-apogeo-de-francia-y-dificiles-de-vender.html\">las piezas robadas<\/a> tienen un valor econ\u00f3mico gigantesco, este se vuelve incalculable por la importancia que tienen las joyas en la historia de Francia. Aun as\u00ed, <a href=\"https:\/\/elpais.com\/cultura\/2025-10-21\/la-fiscalia-fija-en-88-millones-de-euros-el-valor-de-los-objetos-robados-en-el-louvre.html\" target=\"_blank\" rel=\"noreferrer nofollow noopener\" title=\"https:\/\/elpais.com\/cultura\/2025-10-21\/la-fiscalia-fija-en-88-millones-de-euros-el-valor-de-los-objetos-robados-en-el-louvre.html\">la Fiscal\u00eda francesa se atrevi\u00f3 con una estimaci\u00f3n: 88 millones de euros<\/a>. Una suma \u201cextremadamente espectacular\u201d, pero que \u201cno tiene parang\u00f3n ni comparaci\u00f3n con el da\u00f1o hist\u00f3rico\u201d, a\u00f1adi\u00f3 la fiscal a RTL. Estas mismas fuentes precisan que los delincuentes \u201cno ganar\u00edan\u201d esta suma \u201csi tuvieron la p\u00e9sima idea de fundir estas joyas\u201d.<\/p>\n","protected":false},"excerpt":{"rendered":"Laurence des Cars, la presidenta del Museo del Louvre, quiz\u00e1 la persona bajo mayor presi\u00f3n en Francia en&hellip;\n","protected":false},"author":2,"featured_media":194158,"comment_status":"","ping_status":"","sticky":false,"template":"","format":"standard","meta":{"footnotes":""},"categories":[173],"tags":[229,233,231,230,209,232,234,146,147,25,24,317,4016,18296,41530,38351,52564,4759,11989,23],"class_list":{"0":"post-194157","1":"post","2":"type-post","3":"status-publish","4":"format-standard","5":"has-post-thumbnail","7":"category-arte-y-diseno","8":"tag-arte","9":"tag-arte-y-diseno","10":"tag-arts","11":"tag-arts-and-design","12":"tag-cultura","13":"tag-design","14":"tag-diseno","15":"tag-entertainment","16":"tag-entretenimiento","17":"tag-es","18":"tag-espana","19":"tag-francia","20":"tag-joyas","21":"tag-ladrones","22":"tag-museo-del-louvre","23":"tag-napoleon","24":"tag-napoleon-bonaparte","25":"tag-paris","26":"tag-robos","27":"tag-spain"},"share_on_mastodon":{"url":"https:\/\/pubeurope.com\/@es\/115418872275135907","error":""},"_links":{"self":[{"href":"https:\/\/www.europesays.com\/es\/wp-json\/wp\/v2\/posts\/194157","targetHints":{"allow":["GET"]}}],"collection":[{"href":"https:\/\/www.europesays.com\/es\/wp-json\/wp\/v2\/posts"}],"about":[{"href":"https:\/\/www.europesays.com\/es\/wp-json\/wp\/v2\/types\/post"}],"author":[{"embeddable":true,"href":"https:\/\/www.europesays.com\/es\/wp-json\/wp\/v2\/users\/2"}],"replies":[{"embeddable":true,"href":"https:\/\/www.europesays.com\/es\/wp-json\/wp\/v2\/comments?post=194157"}],"version-history":[{"count":0,"href":"https:\/\/www.europesays.com\/es\/wp-json\/wp\/v2\/posts\/194157\/revisions"}],"wp:featuredmedia":[{"embeddable":true,"href":"https:\/\/www.europesays.com\/es\/wp-json\/wp\/v2\/media\/194158"}],"wp:attachment":[{"href":"https:\/\/www.europesays.com\/es\/wp-json\/wp\/v2\/media?parent=194157"}],"wp:term":[{"taxonomy":"category","embeddable":true,"href":"https:\/\/www.europesays.com\/es\/wp-json\/wp\/v2\/categories?post=194157"},{"taxonomy":"post_tag","embeddable":true,"href":"https:\/\/www.europesays.com\/es\/wp-json\/wp\/v2\/tags?post=194157"}],"curies":[{"name":"wp","href":"https:\/\/api.w.org\/{rel}","templated":true}]}}