{"id":194187,"date":"2025-10-22T17:13:10","date_gmt":"2025-10-22T17:13:10","guid":{"rendered":"https:\/\/www.europesays.com\/es\/194187\/"},"modified":"2025-10-22T17:13:10","modified_gmt":"2025-10-22T17:13:10","slug":"asedio-a-los-calatravos-deporte-y-turismo-se-dan-la-mano","status":"publish","type":"post","link":"https:\/\/www.europesays.com\/es\/194187\/","title":{"rendered":"Asedio a los Calatravos: Deporte y turismo se dan la mano"},"content":{"rendered":"<p>Este s\u00e1bado 25 de octubre se celebrar\u00e1 la primera edici\u00f3n del Desaf\u00edo Sport-Bike Ciudad Real Asedio a los Calatravos, ruta que cerr\u00f3 su inscripci\u00f3n con 716 corredores.\u00a0<\/p>\n<p>Esta prueba no competitiva constar\u00e1 de 188 kil\u00f3metros con 1.400 metros de desnivel positivo y partir\u00e1 finalmente a las 8.15 horas del pabell\u00f3n Ifedi, mientras que la l\u00ednea de llegada se ubicar\u00e1 en la avenida de los Reyes Cat\u00f3licos, en el entorno del Quijote Arena. Los participantes saldr\u00e1n de Ciudad Real y pasar\u00e1n por Miguelturra, Pozuelo, Almagro, Bola\u00f1os, Gran\u00e1tula, Calzada de Calatrava, Villanueva de San Carlos, Argamasilla de Calatrava, Villamayor, Cabezarados, Los Pozuelos, Alcolea, Puente Viejo de Alarcos, Poblete y regreso a Ciudad Real.<\/p>\n<p>Se trata de una ruta que dar\u00e1 a conocer los encantos de la provincia, uniendo as\u00ed deporte y turismo, y que, por lo tanto, supondr\u00e1 un importante impacto econ\u00f3mico. De hecho, para ese fin de semana la ocupaci\u00f3n hotelera es pr\u00e1cticamente total en la capital.<\/p>\n<p>Ser\u00e1 una ruta cicloturista no competitiva, aunque habr\u00e1 un punto especial cronometrado, entre los kil\u00f3metros 145 y 155, con premio Fusi\u00f3n \u00d3ptica a los tres mejores tiempos de cada categor\u00eda y g\u00e9nero.<\/p>\n<p>La Guardia Civil, que crear\u00e1 una c\u00e1psula de seguridad, colaborar\u00e1 con 9 efectivos, a los que habr\u00e1 que a\u00f1adir 16 moto-enlaces de la organizaci\u00f3n. Otros 30 voluntarios realizar\u00e1n distintas labores de log\u00edstica.<\/p>\n<p>El viernes se podr\u00e1n recoger los dorsales en el pabell\u00f3n Ifedi de 17 a 21.30 horas \u00a0y el mismo d\u00eda de la prueba desde las 6.30 hasta las 7.45 horas. En el pabell\u00f3n Ifedi se instalar\u00e1n carpas y expositores de las principales firmas comerciales de ciclismo, as\u00ed como de empresas locales, con entrada gratuita. Todo ello amenizado con dj, grupos de m\u00fasica y otras actividades de animaci\u00f3n.<\/p>\n<p>Para calentar motores, el viernes habr\u00e1 food truck y concluida la carrera se invitar\u00e1 a los participantes a migas elaboradas por la Asociaci\u00f3n de Pe\u00f1as, para dar paso a un tardeo a partir de las 15.30 horas.<\/p>\n<p>La cabeza visible de la organizaci\u00f3n es el empresario \u00d3scar Gal\u00e1n, que cuenta entre sus firmas con Fusi\u00f3n \u00d3ptica y que es un gran aficionado al ciclismo. Tiene el apoyo del Ayuntamiento de Ciudad Real a trav\u00e9s del Patronato Municipal de Deportes, la Diputaci\u00f3n, los ayuntamientos por los que discurrir\u00e1 la prueba, la Asociaci\u00f3n para el Desarrollo del Campo de Calatrava, y numerosas firmas comerciales, entre ellas La Tribuna, que ejerce como medio oficial de la prueba en el marco de los actos de celebraci\u00f3n de su 35 aniversario.<\/p>\n","protected":false},"excerpt":{"rendered":"Este s\u00e1bado 25 de octubre se celebrar\u00e1 la primera edici\u00f3n del Desaf\u00edo Sport-Bike Ciudad Real Asedio a los&hellip;\n","protected":false},"author":2,"featured_media":194188,"comment_status":"","ping_status":"","sticky":false,"template":"","format":"standard","meta":{"footnotes":""},"categories":[273],"tags":[1653,1948,54024,1954,29406,24014,313,1940,312,168,25,24,1160,2639,10247,10245,1397,29407,29410,19423,4092,23,167,4664],"class_list":{"0":"post-194187","1":"post","2":"type-post","3":"status-publish","4":"format-standard","5":"has-post-thumbnail","7":"category-ciclismo","8":"tag-almagro","9":"tag-argamasilla-de-calatrava","10":"tag-avenida-reyes-catolicos","11":"tag-ayuntamiento-de-ciudad-real","12":"tag-calzada-de-calatrava","13":"tag-campo-de-calatrava","14":"tag-ciclismo","15":"tag-ciudad-real","16":"tag-cycling","17":"tag-deportes","18":"tag-es","19":"tag-espana","20":"tag-guardia-civil","21":"tag-logistica","22":"tag-los-pozuelos-de-calatrava","23":"tag-miguelturra","24":"tag-patrimonio","25":"tag-patronato-municipal-de-deportes","26":"tag-poblete","27":"tag-pozuelo","28":"tag-quijote-arena","29":"tag-spain","30":"tag-sports","31":"tag-turismo"},"share_on_mastodon":{"url":"https:\/\/pubeurope.com\/@es\/115418942958694294","error":""},"_links":{"self":[{"href":"https:\/\/www.europesays.com\/es\/wp-json\/wp\/v2\/posts\/194187","targetHints":{"allow":["GET"]}}],"collection":[{"href":"https:\/\/www.europesays.com\/es\/wp-json\/wp\/v2\/posts"}],"about":[{"href":"https:\/\/www.europesays.com\/es\/wp-json\/wp\/v2\/types\/post"}],"author":[{"embeddable":true,"href":"https:\/\/www.europesays.com\/es\/wp-json\/wp\/v2\/users\/2"}],"replies":[{"embeddable":true,"href":"https:\/\/www.europesays.com\/es\/wp-json\/wp\/v2\/comments?post=194187"}],"version-history":[{"count":0,"href":"https:\/\/www.europesays.com\/es\/wp-json\/wp\/v2\/posts\/194187\/revisions"}],"wp:featuredmedia":[{"embeddable":true,"href":"https:\/\/www.europesays.com\/es\/wp-json\/wp\/v2\/media\/194188"}],"wp:attachment":[{"href":"https:\/\/www.europesays.com\/es\/wp-json\/wp\/v2\/media?parent=194187"}],"wp:term":[{"taxonomy":"category","embeddable":true,"href":"https:\/\/www.europesays.com\/es\/wp-json\/wp\/v2\/categories?post=194187"},{"taxonomy":"post_tag","embeddable":true,"href":"https:\/\/www.europesays.com\/es\/wp-json\/wp\/v2\/tags?post=194187"}],"curies":[{"name":"wp","href":"https:\/\/api.w.org\/{rel}","templated":true}]}}