{"id":194197,"date":"2025-10-22T17:18:11","date_gmt":"2025-10-22T17:18:11","guid":{"rendered":"https:\/\/www.europesays.com\/es\/194197\/"},"modified":"2025-10-22T17:18:11","modified_gmt":"2025-10-22T17:18:11","slug":"los-artistas-navarros-taxio-ardanaz-ruiz-y-amaya-suberviola-finalistas-de-la-40a-edicion-del-premio-bmw-de-pintura","status":"publish","type":"post","link":"https:\/\/www.europesays.com\/es\/194197\/","title":{"rendered":"Los artistas navarros Taxio Ardanaz Ruiz y Amaya Suberviola, finalistas de la 40\u00aa edici\u00f3n del Premio BMW de Pintura"},"content":{"rendered":"<p>\n        Los artistas navarros<strong> Taxio Ardanaz Ruiz <\/strong>y<strong> Amaya Suberviola<\/strong> se encuentran entre los <strong>finalistas <\/strong>de la 40\u00aa edici\u00f3n del<strong> Premio BMW de <\/strong><a href=\"https:\/\/www.noticiasdenavarra.com\/tags\/pintura\/\" title=\"Pintura\" class=\"link copy\" rel=\"nofollow noopener\" target=\"_blank\"><strong>Pintura<\/strong><\/a><strong>.<\/strong>\n<\/p>\n<p class=\"article-body__text \">\n        El pamplon\u00e9s Taxio Ardanaz Ruiz, con su obra <strong>Auge<\/strong>, y la artista de Mendavia Amaya Suberviola, con<strong> ST25061 (Coger una pesta\u00f1a con los dedos),<\/strong> han sido seleccionados entre los<strong> ocho finalistas<\/strong> que competir\u00e1n por galard\u00f3n, uno de los m\u00e1s prestigiosos del panorama art\u00edstico espa\u00f1ol.\n<\/p>\n<p class=\"article-body__text \">\n        El Premio, que cuenta con cuarenta a\u00f1os de trayectoria, ha batido su <strong>r\u00e9cord hist\u00f3rico de participaci\u00f3n<\/strong>, con <strong>1.904 candidaturas presentadas <\/strong>entre las categor\u00edas de <strong>Pintura (1.689) y Arte Digital (215).\u00a0<\/strong>\n<\/p>\n<p class=\"article-body__text \">\n        Tambi\u00e9n se ha reforzado el<strong> alcance internacional<\/strong> del premio, que este a\u00f1o ha recibido obras de artistas de <strong>38 nacionalidades distintas<\/strong>, con una destacada representaci\u00f3n de <strong>pa\u00edses latinoamericanos. <\/strong>Un reflejo del esp\u00edritu global del certamen y de su apuesta por la <strong>diversidad cultural<\/strong>.\n<\/p>\n<p>  Creciente presencia femenina<\/p>\n<p class=\"article-body__text \">\n        Esta edici\u00f3n destaca por una creciente presencia femenina, con <strong>848 candidaturas (un 44,5% del total),<\/strong> superando los n\u00fameros del a\u00f1o pasado. Un dato que subraya el <strong>papel cada vez m\u00e1s relevante de las mujeres<\/strong> en el panorama art\u00edstico y el compromiso del certamen con la <strong>igualdad <\/strong>en la cultura.\n<\/p>\n<p class=\"article-body__text \">\n        El <strong>jurado <\/strong>de este a\u00f1o, compuesto por figuras representativas del mundo del arte y la cultura repite por tercer a\u00f1o consecutivo, aportando una vez m\u00e1s su experiencia y criterio para seleccionar las mejores obras de esta edici\u00f3n.\n<\/p>\n<p class=\"article-photo__footer\">\n            &#8216;Auge&#8217;, obra del artista pamplon\u00e9s Taxio Ardanaz que opta al Premio BMW de Pintura.            Cedida        <\/p>\n<p class=\"article-body__text \">\n        El jurado est\u00e1 compuesto por <strong>Antonio L\u00f3pez<\/strong>, pintor, escultor y dibujante; <strong>Miguel Zugaza<\/strong>, director del Museo de Bellas Artes de Bilbao; <strong>Patrizia Sandretto Re Rebaudengo<\/strong>, fundadora y presidenta de la Fondazione Sandretto Re Rebaudengo; <strong>Guillermo Solana<\/strong>, director art\u00edstico del Museo Thyssen-Bornemisza en Madrid y <strong>Luc\u00eda Casani<\/strong>, directora de la Fundaci\u00f3n Carasso.\n<\/p>\n<p>  8 obras compiten por el Premio<\/p>\n<p class=\"article-body__text \">\n        Tras un riguroso proceso de selecci\u00f3n, el jurado ha seleccionado las 12 obras finalistas, de los cuales 8 competir\u00e1n por el Premio BMW de Pintura y 4 por el Premio BMW de Arte Digital. En la categor\u00eda de pintura los finalistas por orden alfab\u00e9tico son:\u00a0<strong>Jos\u00e9 Ram\u00f3n Amondarain Ubarrechena de San Sebasti\u00e1n; Taxio Ardanaz Ruiz, Pamplona; Igor Arrieta Varela de Hondarribia, Guip\u00fazcoa; Marta Beltr\u00e1n Ferrer de Granada; Cristina Mej\u00edas G\u00f3mez, Jerez de la Frontera; Sim\u00f3n Sep\u00falveda Braithwaite, Chile; Amaya Suberviola, Mendavia, Navarra y el madrile\u00f1o An Wei Lu Li.<\/strong>\n<\/p>\n<p class=\"article-body__text \">\n        Por su parte en la categor\u00eda de arte digital y tambi\u00e9n por orden alfab\u00e9tico los finalistas son: el gaditano <strong>Juan Carlos Bracho Jim\u00e9nez<\/strong>; <strong>Amaya Hern\u00e1ndez Sig\u00fcenza <\/strong>de Madrid;<strong> <\/strong> el tambi\u00e9n madrile\u00f1o<strong> Chino Moya <\/strong>y finalmente la bilba\u00edna <strong>Elisa Villota Sadaba<\/strong>.\n<\/p>\n<p class=\"article-photo__footer\">\n            &#8216;ST25061 (Coger una pesta\u00f1a con los dedos)&#8217;, obra finalista de la artista navarra Amaya Suberviola (Mendavia).            Cedida        <\/p>\n<p>  <strong>Hablemos de pintura<\/strong><\/p>\n<p class=\"article-body__text \">\n        En el marco del <strong>40\u00ba aniversario <\/strong>del Premio, se ha celebrado un <strong>encuentro <\/strong>en el Club Matador para unir a figuras de la pintura contempor\u00e1nea de distinto \u00e1mbitos. Una cita en la que han participado <strong>Sonia Navarro<\/strong>, Premio BMW de Pintura 2023, y <strong> Miki Leal<\/strong>, Premio BMW de Pintura 2016. Ambos artistas han podido dialogar con varios miembros del jurado de esta edici\u00f3n, <strong>Guillermo Solana<\/strong>, y <strong>Luc\u00eda Casani.<\/strong> Todo ello moderado por la periodista y comisaria <strong>Bea Espejo<\/strong>.\n<\/p>\n<p class=\"article-body__text \">\n        El encuentro ha contado con la intervenci\u00f3n de <strong>Manuel Terroba<\/strong>, presidente Ejecutivo de BMW Group Espa\u00f1a y Portugal, y de <strong> Pilar Garc\u00eda de la Puebla<\/strong>, directora de Comunicaci\u00f3n y Relaciones Institucionales de BMW Group Espa\u00f1a. En la conversaci\u00f3n se han puesto sobre la mesa temas como el estado de la pintura contempor\u00e1nea en nuestro pa\u00eds, el impacto del premio en la carrera de los ganadores, as\u00ed como las distintas formas de <strong>colaboraci\u00f3n con los artistas desde las instituciones. <\/strong>\n<\/p>\n<p class=\"article-body__text \">\n        En sus cuarenta a\u00f1os, el Premio BMW de Pintura se ha convertido en <strong>uno de los m\u00e1s prestigiosos galardones <\/strong>dentro de nuestro pa\u00eds y una de las pocas iniciativas que cuatro d\u00e9cadas despu\u00e9s sigue <strong>apostando por la creaci\u00f3n art\u00edstica estatal.<\/strong>\n<\/p>\n<p>  <strong>Exposici\u00f3n de las obras finalistas <\/strong><\/p>\n<p class=\"article-body__text \">\n        Todas las obras finalistas de la 40\u00aa edici\u00f3n se podr\u00e1n contemplar en una exposici\u00f3n que tendr\u00e1 lugar por primera vez en el <strong>Centro cultural Conde Duque <\/strong>y que estar\u00e1 abierta al p\u00fablico <strong>desde el 20 de noviembre de 2025 hasta finales de enero de 2026.<\/strong>\n<\/p>\n<p>  <strong>Premio BMW de Pintura<\/strong><\/p>\n<p class=\"article-body__text \">\n        Este 2025, el <strong>Premio BMW de Pintura cumple 40 ediciones<\/strong> manteniendo su prop\u00f3sito de puesta en valor y visibilizaci\u00f3n del arte y la cultura pict\u00f3rica de nuestro pa\u00eds. El certamen ha desempe\u00f1ado un papel crucial como puente entre el arte y la sociedad en Espa\u00f1a y ha evolucionado junto al panorama art\u00edstico espa\u00f1ol, del que ha sido testigo y compa\u00f1ero fiel.\u00a0\n<\/p>\n<p class=\"article-body__text \">\n        Desde su primera edici\u00f3n, en 1986, han participado en el certamen m\u00e1s de 29.000 artistas. Entre sus ganadores se encuentran artistas como <strong>Florencio Ma\u00edllo<\/strong> (1995), <strong>Rafa Macarr\u00f3n<\/strong> (2010), <strong>\u00c1ngeles Agrela<\/strong> (2015), <strong>Miki Leal<\/strong> (2016), <strong>Miguel \u00c1ngel Villarino <\/strong>(2017), <strong>Santiago Yd\u00e1\u00f1ez<\/strong> (2018), <strong>Sonia Navarro<\/strong> (2023) o <strong>Damaris Pan<\/strong> (2024).\n<\/p>\n<p class=\"article-body__text \">\n        Para todos ellos el premio supuso un<strong> impulso significativo<\/strong> para sus carreras profesionales.<\/p>\n","protected":false},"excerpt":{"rendered":"Los artistas navarros Taxio Ardanaz Ruiz y Amaya Suberviola se encuentran entre los finalistas de la 40\u00aa edici\u00f3n&hellip;\n","protected":false},"author":2,"featured_media":194198,"comment_status":"","ping_status":"","sticky":false,"template":"","format":"standard","meta":{"footnotes":""},"categories":[173],"tags":[54044,229,233,505,231,230,232,234,146,147,25,24,29385,5106,23,54043],"class_list":{"0":"post-194197","1":"post","2":"type-post","3":"status-publish","4":"format-standard","5":"has-post-thumbnail","7":"category-arte-y-diseno","8":"tag-ardanaz","9":"tag-arte","10":"tag-arte-y-diseno","11":"tag-artistas","12":"tag-arts","13":"tag-arts-and-design","14":"tag-design","15":"tag-diseno","16":"tag-entertainment","17":"tag-entretenimiento","18":"tag-es","19":"tag-espana","20":"tag-navarros","21":"tag-ruiz","22":"tag-spain","23":"tag-taxio"},"share_on_mastodon":{"url":"https:\/\/pubeurope.com\/@es\/115418962608775872","error":""},"_links":{"self":[{"href":"https:\/\/www.europesays.com\/es\/wp-json\/wp\/v2\/posts\/194197","targetHints":{"allow":["GET"]}}],"collection":[{"href":"https:\/\/www.europesays.com\/es\/wp-json\/wp\/v2\/posts"}],"about":[{"href":"https:\/\/www.europesays.com\/es\/wp-json\/wp\/v2\/types\/post"}],"author":[{"embeddable":true,"href":"https:\/\/www.europesays.com\/es\/wp-json\/wp\/v2\/users\/2"}],"replies":[{"embeddable":true,"href":"https:\/\/www.europesays.com\/es\/wp-json\/wp\/v2\/comments?post=194197"}],"version-history":[{"count":0,"href":"https:\/\/www.europesays.com\/es\/wp-json\/wp\/v2\/posts\/194197\/revisions"}],"wp:featuredmedia":[{"embeddable":true,"href":"https:\/\/www.europesays.com\/es\/wp-json\/wp\/v2\/media\/194198"}],"wp:attachment":[{"href":"https:\/\/www.europesays.com\/es\/wp-json\/wp\/v2\/media?parent=194197"}],"wp:term":[{"taxonomy":"category","embeddable":true,"href":"https:\/\/www.europesays.com\/es\/wp-json\/wp\/v2\/categories?post=194197"},{"taxonomy":"post_tag","embeddable":true,"href":"https:\/\/www.europesays.com\/es\/wp-json\/wp\/v2\/tags?post=194197"}],"curies":[{"name":"wp","href":"https:\/\/api.w.org\/{rel}","templated":true}]}}