{"id":194217,"date":"2025-10-22T17:28:08","date_gmt":"2025-10-22T17:28:08","guid":{"rendered":"https:\/\/www.europesays.com\/es\/194217\/"},"modified":"2025-10-22T17:28:08","modified_gmt":"2025-10-22T17:28:08","slug":"euronews-hoy-las-noticias-del-miercoles-22-de-octubre-trump-cancela-la-cumbre-con-putin","status":"publish","type":"post","link":"https:\/\/www.europesays.com\/es\/194217\/","title":{"rendered":"EURONEWS HOY | Las noticias del mi\u00e9rcoles 22 de octubre: Trump cancela la cumbre con Putin"},"content":{"rendered":"<p>En &#8216;<strong>Euronews<\/strong>&#8216; le traemos las noticias que destacamos de <strong>este mi\u00e9rcoles 22 de octubre<\/strong>. Estos son nuestros principales titulares:<\/p>\n<p>En lo que supone un nuevo giro en los esfuerzos del presidente de Estados Unidos, Donald Trump, por resolver <a href=\"https:\/\/es.euronews.com\/tag\/guerra-en-ucraina\" rel=\"nofollow noopener\" target=\"_blank\">la guerra en Ucrania<\/a>, el mandatario ha asegurado que su plan para una reuni\u00f3n en Budapest con el l\u00edder ruso, Vlad\u00edmir Putin, ha sido suspendida porque <strong>no quiere que sea \u00abuna p\u00e9rdida de tiempo\u00bb<\/strong>.<\/p>\n<p>La decisi\u00f3n llega tras las declaraciones del ministro ruso de Exteriores, Sergu\u00e9i Lavrov, que <strong>rechaz\u00f3 un alto el fuego inmediato en la guerra de Ucrania<\/strong>. Desde Mosc\u00fa advierten que no hay prisa por el encuentro y que requiere \u00abpreparaci\u00f3n seria\u00bb. Este cambio de plan llega en un momento en que varios pa\u00edses europeos <strong>miran con recelo la posibilidad de que la diplomacia rusa gane tiempo<\/strong> frente al avance militar de Ucrania. Hoy mismo, <a href=\"https:\/\/es.euronews.com\/2025\/10\/22\/rusia-bombardea-una-guarderia-en-jarkov-con-ninos-dentro\" rel=\"nofollow noopener\" target=\"_blank\">Zelenski ha denunciado el ataque a una guarder\u00eda con ni\u00f1os<\/a> en su interior en J\u00e1rkov.<\/p>\n<p>Operarios de la empresa p\u00fablica TRAGSA se toparon este martes, <strong>en la localidad de Manises<\/strong>, en Valencia, con un cad\u00e1ver momificado que se sospecha pudiera ser el de una de las tres personas que permanecen desaparecidas tras <a href=\"https:\/\/es.euronews.com\/2024\/11\/10\/la-tragedia-de-las-inundaciones-climaticas-en-espana-en-imagenes\" rel=\"nofollow noopener\" target=\"_blank\">la DANA<\/a> que sacudi\u00f3 la zona hace casi un a\u00f1o. Se cree que el cuerpo corresponde a <strong>Jos\u00e9 Javier Vicent Fas<\/strong>, de 56 a\u00f1os.<\/p>\n<p>Mientras tanto, Espa\u00f1a se prepara para otra borrasca, <a href=\"https:\/\/es.euronews.com\/my-europe\/2025\/10\/22\/tormenta-meteorologos-esperan-ciclon-bomba\" rel=\"nofollow noopener\" target=\"_blank\"><strong>la bombog\u00e9nesis Benjam\u00edn<\/strong><\/a>, que mantiene <a href=\"https:\/\/es.euronews.com\/green\/2025\/10\/22\/aemet-alerta-roja-costeros-olas-cantabria-pais-vasco\" rel=\"nofollow noopener\" target=\"_blank\"><strong>en alerta roja al Pa\u00eds Vasco y Cantabria<\/strong><\/a> para el jueves. <\/p>\n<p>Este mi\u00e9rcoles concluye el plazo para que los hijos y nietos de ciudadanos exiliados <strong>durante la Guerra Civil y los a\u00f1os de dictadura franquista<\/strong> soliciten la nacionalidad espa\u00f1ola, en virtud de la Ley de Memoria Democr\u00e1tica, que <a href=\"https:\/\/es.euronews.com\/2022\/10\/28\/espana-aprueba-una-ley-para-reconocer-como-espanoles-a-los-nietos-de-exiliados-del-franqui\" rel=\"nofollow noopener\" target=\"_blank\">fue aprobada en 2022<\/a>.<\/p>\n<p>La normativa reconoc\u00eda el derecho a recuperar la nacionalidad a los descendientes de quienes <strong>la perdieron a causa del exilio<\/strong>, as\u00ed como a los hijos de mujeres espa\u00f1olas que <strong>tuvieron que renunciar a ella al casarse con extranjeros<\/strong> antes de 1978, y a los hijos mayores de edad de quienes la obtuvieron con <a href=\"https:\/\/es.euronews.com\/2024\/05\/03\/la-onu-insta-a-espana-a-preservar-la-memoria-historica-frente-a-las-leyes-de-concordia-de-\" rel=\"nofollow noopener\" target=\"_blank\">la Ley de Memoria Hist\u00f3rica<\/a> de 2007.<\/p>\n<p>Seis personas han sido detenidas tras los enfrentamientos <a href=\"https:\/\/es.euronews.com\/2023\/12\/01\/las-protestas-en-irlanda-revelan-un-aumento-del-pensamiento-de-ultraderecha\" rel=\"nofollow noopener\" target=\"_blank\">entre manifestantes de ultraderecha y la Polic\u00eda irlandesa<\/a> a las afueras de Dubl\u00edn, generados por <strong>la agresi\u00f3n sexual a una menor de edad<\/strong> a manos de, presuntamente, un solicitante de asilo.<\/p>\n<p>Cientos de manifestantes se congregaron el martes por la noche frente al hotel CityWest, que <strong>alberga a varios refugiados en Saggart<\/strong>, al oeste de Dubl\u00edn. La Garda irlandesa fue atacada con botellas de cristal, ladrillos y artefactos pirot\u00e9cnicos, y un veh\u00edculo policial fue calcinado a las puertas del hotel.<\/p>\n<p>Adem\u00e1s, en el <strong>NO COMMENT<\/strong> del d\u00eda podr\u00e1n ver las adorables im\u00e1genes de <a href=\"https:\/\/es.euronews.com\/video\/2025\/10\/22\/un-cachorro-de-leopardo-de-las-nieves-descubre-una-calabaza\" rel=\"nofollow noopener\" target=\"_blank\"><strong>una cr\u00eda de leopardo de las nieves descubriendo una calabaza<\/strong><\/a> por primera vez.<\/p>\n<p>Tambi\u00e9n pueden instalar la aplicaci\u00f3n de <strong>&#8216;Euronews&#8217;<\/strong> en sus dispositivos <strong>Android<\/strong> y en <strong>iPhone<\/strong> para estar siempre conectados a lo que sucede en Europa y el mundo, y seguirnos en <strong>X e Instagram<\/strong>.<\/p>\n","protected":false},"excerpt":{"rendered":"En &#8216;Euronews&#8216; le traemos las noticias que destacamos de este mi\u00e9rcoles 22 de octubre. Estos son nuestros principales&hellip;\n","protected":false},"author":2,"featured_media":194218,"comment_status":"","ping_status":"","sticky":false,"template":"","format":"standard","meta":{"footnotes":""},"categories":[42],"tags":[17,18,1681,352,24,8836,13,14,7419,11,61,62,63,64,2908,19,20,9,10,15,16,12,21,22,65,66,67],"class_list":{"0":"post-194217","1":"post","2":"type-post","3":"status-publish","4":"format-standard","5":"has-post-thumbnail","7":"category-internacional","8":"tag-breaking-news","9":"tag-breakingnews","10":"tag-dana","11":"tag-donald-trump","12":"tag-espana","13":"tag-euronews-hoy","14":"tag-featured-news","15":"tag-featurednews","16":"tag-guerra-en-ucrania","17":"tag-headlines","18":"tag-internacional","19":"tag-international","20":"tag-international-news","21":"tag-internationalnews","22":"tag-irlanda","23":"tag-latest-news","24":"tag-latestnews","25":"tag-news","26":"tag-noticias","27":"tag-noticias-destacadas","28":"tag-noticiasdestacadas","29":"tag-titulares","30":"tag-ultimas-noticias","31":"tag-ultimasnoticias","32":"tag-world","33":"tag-world-news","34":"tag-worldnews"},"share_on_mastodon":{"url":"https:\/\/pubeurope.com\/@es\/115419001887215531","error":""},"_links":{"self":[{"href":"https:\/\/www.europesays.com\/es\/wp-json\/wp\/v2\/posts\/194217","targetHints":{"allow":["GET"]}}],"collection":[{"href":"https:\/\/www.europesays.com\/es\/wp-json\/wp\/v2\/posts"}],"about":[{"href":"https:\/\/www.europesays.com\/es\/wp-json\/wp\/v2\/types\/post"}],"author":[{"embeddable":true,"href":"https:\/\/www.europesays.com\/es\/wp-json\/wp\/v2\/users\/2"}],"replies":[{"embeddable":true,"href":"https:\/\/www.europesays.com\/es\/wp-json\/wp\/v2\/comments?post=194217"}],"version-history":[{"count":0,"href":"https:\/\/www.europesays.com\/es\/wp-json\/wp\/v2\/posts\/194217\/revisions"}],"wp:featuredmedia":[{"embeddable":true,"href":"https:\/\/www.europesays.com\/es\/wp-json\/wp\/v2\/media\/194218"}],"wp:attachment":[{"href":"https:\/\/www.europesays.com\/es\/wp-json\/wp\/v2\/media?parent=194217"}],"wp:term":[{"taxonomy":"category","embeddable":true,"href":"https:\/\/www.europesays.com\/es\/wp-json\/wp\/v2\/categories?post=194217"},{"taxonomy":"post_tag","embeddable":true,"href":"https:\/\/www.europesays.com\/es\/wp-json\/wp\/v2\/tags?post=194217"}],"curies":[{"name":"wp","href":"https:\/\/api.w.org\/{rel}","templated":true}]}}