{"id":194223,"date":"2025-10-22T17:31:08","date_gmt":"2025-10-22T17:31:08","guid":{"rendered":"https:\/\/www.europesays.com\/es\/194223\/"},"modified":"2025-10-22T17:31:08","modified_gmt":"2025-10-22T17:31:08","slug":"la-navarra-naroa-baquedano-citada-de-nuevo-con-las-guerreras","status":"publish","type":"post","link":"https:\/\/www.europesays.com\/es\/194223\/","title":{"rendered":"La navarra Naroa Baquedano, citada de nuevo con las &#8216;Guerreras&#8217;"},"content":{"rendered":"<p>\n        El seleccionador espa\u00f1ol de balonmano<strong> Ambros Mart\u00edn<\/strong> ha anunciado este mi\u00e9rcoles la convocatoria para la pr\u00f3xima actividad del combinado nacional, prevista entre <strong>el 10 y el 12 de noviembre en Elche<\/strong>, para continuar con el <strong>Proyecto 2029<\/strong>, que pretende consolidar al equipo de cara al <strong>Campeonato del Mundo <\/strong>de ese a\u00f1o y que se celebrar\u00e1 en Espa\u00f1a. En su lista de 18 jugadoras incluye a <strong>la lateral navarra del Aula Valladolid Naroa Baquedano<\/strong>, que ya ha contado para el t\u00e9cnico canario con anterioridad.\n<\/p>\n<p class=\"article-body__text \">\n        Seg\u00fan indic\u00f3 la Real Federaci\u00f3n Espa\u00f1ola de Balonmano <strong>(RFEBM)<\/strong>, la lista incluye a las <strong>porteras <\/strong>Udane Bernab\u00e9, Andrea S\u00e1ez y Goundo Gassama; las <strong>centrales <\/strong>Sandra Monteagudo y Marta Regord\u00e1n; las <strong>laterales <\/strong>Mar\u00eda Rodr\u00edguez, Carmen Fidalgo, Matina Catal\u00e1, Raquel Mor\u00e9, <strong>Naroa Baquedano<\/strong>, Bel\u00e9n Rodr\u00edguez y Anna Ros; las <strong>extremos <\/strong>Sara Palanques, Carla Gonz\u00e1lez, Mar\u00eda Gonz\u00e1lez y Luc\u00eda Laguna; y las <strong>pivotes <\/strong>Kadidiatou Jallow y Alicia Huertas.\n<\/p>\n<p class=\"article-body__text \">\n        Las convocadas se entrenar\u00e1n en el <strong>Pabell\u00f3n Esperanza Lag <\/strong>de la ciudad ilicitana en sesiones de ma\u00f1ana y tarde durante toda la concentraci\u00f3n. El seleccionador nacional de las <strong>Guerreras<\/strong> coment\u00f3 que van a seguir \u00abcon este plan de tecnificaciones del Proyecto 2029\u00bb. \u00abEsta vez, debido a que muchos de los equipos espa\u00f1oles participan en<strong> competici\u00f3n europea<\/strong>, vamos a llamar a aquellos que no compitan entre semana, y a muchas de las jugadoras del <strong>equipo nacional j\u00fanior<\/strong>\u00ab, explic\u00f3 Ambros Mart\u00edn.\n<\/p>\n<p class=\"article-body__text \">\n        \u00abTenemos la idea de continuar con ese <strong>plan de mejora individual<\/strong>, t\u00e9cnico-t\u00e1ctica, de situaciones que creemos que van a ser importantes en su desarrollo como jugadoras, y tambi\u00e9n dentro de lo que es<strong> el modelo de juego<\/strong> que est\u00e1n llevando a cabo tanto en el equipo j\u00fanior como en el equipo absoluto. Esta es un poco la idea, el plan que tenemos para esta nueva tecnificaci\u00f3n\u00bb, concluy\u00f3 el <strong>seleccionador<\/strong>.<\/p>\n","protected":false},"excerpt":{"rendered":"El seleccionador espa\u00f1ol de balonmano Ambros Mart\u00edn ha anunciado este mi\u00e9rcoles la convocatoria para la pr\u00f3xima actividad del&hellip;\n","protected":false},"author":2,"featured_media":194224,"comment_status":"","ping_status":"","sticky":false,"template":"","format":"standard","meta":{"footnotes":""},"categories":[278],"tags":[376,54050,54051,168,25,24,375,54049,708,524,23,167],"class_list":{"0":"post-194223","1":"post","2":"type-post","3":"status-publish","4":"format-standard","5":"has-post-thumbnail","7":"category-balonmano","8":"tag-balonmano","9":"tag-baquedano","10":"tag-citada","11":"tag-deportes","12":"tag-es","13":"tag-espana","14":"tag-handball","15":"tag-naroa","16":"tag-navarra","17":"tag-nuevo","18":"tag-spain","19":"tag-sports"},"share_on_mastodon":{"url":"https:\/\/pubeurope.com\/@es\/115419013746365634","error":""},"_links":{"self":[{"href":"https:\/\/www.europesays.com\/es\/wp-json\/wp\/v2\/posts\/194223","targetHints":{"allow":["GET"]}}],"collection":[{"href":"https:\/\/www.europesays.com\/es\/wp-json\/wp\/v2\/posts"}],"about":[{"href":"https:\/\/www.europesays.com\/es\/wp-json\/wp\/v2\/types\/post"}],"author":[{"embeddable":true,"href":"https:\/\/www.europesays.com\/es\/wp-json\/wp\/v2\/users\/2"}],"replies":[{"embeddable":true,"href":"https:\/\/www.europesays.com\/es\/wp-json\/wp\/v2\/comments?post=194223"}],"version-history":[{"count":0,"href":"https:\/\/www.europesays.com\/es\/wp-json\/wp\/v2\/posts\/194223\/revisions"}],"wp:featuredmedia":[{"embeddable":true,"href":"https:\/\/www.europesays.com\/es\/wp-json\/wp\/v2\/media\/194224"}],"wp:attachment":[{"href":"https:\/\/www.europesays.com\/es\/wp-json\/wp\/v2\/media?parent=194223"}],"wp:term":[{"taxonomy":"category","embeddable":true,"href":"https:\/\/www.europesays.com\/es\/wp-json\/wp\/v2\/categories?post=194223"},{"taxonomy":"post_tag","embeddable":true,"href":"https:\/\/www.europesays.com\/es\/wp-json\/wp\/v2\/tags?post=194223"}],"curies":[{"name":"wp","href":"https:\/\/api.w.org\/{rel}","templated":true}]}}