{"id":194225,"date":"2025-10-22T17:32:07","date_gmt":"2025-10-22T17:32:07","guid":{"rendered":"https:\/\/www.europesays.com\/es\/194225\/"},"modified":"2025-10-22T17:32:07","modified_gmt":"2025-10-22T17:32:07","slug":"imanol-sanchez-encabezara-la-jornada-con-la-que-torosocial-despedira-la-temporada-en-arriazu-2","status":"publish","type":"post","link":"https:\/\/www.europesays.com\/es\/194225\/","title":{"rendered":"Imanol S\u00e1nchez encabezar\u00e1 la jornada con la que Torosocial despedir\u00e1 la temporada en Arriazu"},"content":{"rendered":"<p style=\"text-align: justify;\">El torero aragon\u00e9s <strong>Imanol S\u00e1nchez<\/strong> encabezar\u00e1 la jornada campera con la que <strong>Torosocial\u00a0<\/strong>pondr\u00e1 fin a la temporada 2025 en la ganader\u00eda de <strong>Jos\u00e9 Arriazu e Hijos<\/strong>, uno de los hierros m\u00e1s emblem\u00e1ticos del campo bravo navarro y referente hist\u00f3rico de la Casta del Ebro.<\/p>\n<p style=\"text-align: justify;\">La iniciativa, que forma parte del compromiso de Torosocial con la divulgaci\u00f3n y promoci\u00f3n de la tauromaquia, permitir\u00e1 a <strong>52 aficionados<\/strong> vivir una experiencia exclusiva en la finca La Estanca, en Ablitas (Navarra), donde pastan las reses de este legendario hierro.<\/p>\n<p><strong class=\"relacionadas-titulo-gral\">Noticias Relacionadas<\/strong><\/p>\n<p style=\"text-align: justify;\">Durante la jornada, los asistentes disfrutar\u00e1n de una visita guiada junto a la familia Arriazu, depositaria de una de las estirpes m\u00e1s antiguas y puras del toro bravo, y podr\u00e1n presenciar un tentadero en directo a cargo de <strong>Imanol S\u00e1nchez<\/strong>, quien mantiene una estrecha vinculaci\u00f3n con este encaste.<\/p>\n<p>&#13;<br \/>\n&#13;<\/p>\n<p style=\"text-align: justify;\">El torero zaragozano, firme defensor de las ra\u00edces y la autenticidad del toro bravo, fue protagonista en <strong>2021<\/strong> de un hecho hist\u00f3rico, al lidiar ejemplares de Jos\u00e9 Arriazu en <strong>Torres de la Alameda<\/strong>, lo que supuso el regreso de la Casta Navarra a las corridas de toros en Espa\u00f1a tras m\u00e1s de <strong>120 a\u00f1os<\/strong>.<\/p>\n<p style=\"text-align: justify;\">La participaci\u00f3n en esta experiencia se realizar\u00e1 mediante sorteos exclusivos que Torosocial lanzar\u00e1 en los pr\u00f3ximos d\u00edas a trav\u00e9s de sus perfiles en Facebook e Instagram. En ellos, <strong>26 ganadores<\/strong> y sus acompa\u00f1antes podr\u00e1n acceder gratuitamente a una jornada que busca acercar el campo bravo a los aficionados y rendir homenaje a una de las ganader\u00edas m\u00e1s singulares del panorama taurino.<\/p>\n<blockquote class=\"instagram-media\" data-instgrm-captioned=\"\" data-instgrm-permalink=\"https:\/\/www.instagram.com\/reel\/DP1u9ORDXXW\/?utm_source=ig_embed&amp;utm_campaign=loading\" data-instgrm-version=\"14\" style=\" background:#FFF; border:0; border-radius:3px; box-shadow:0 0 1px 0 rgba(0,0,0,0.5),0 1px 10px 0 rgba(0,0,0,0.15); margin: 1px; max-width:540px; min-width:326px; padding:0; width:99.375%; width:-webkit-calc(100% - 2px); width:calc(100% - 2px);\"><p>&#13;<br \/>\n&#13;\n<\/p><\/blockquote>\n<p>\u00a0<\/p>\n<p>\t\t<script async src=\"\/\/www.instagram.com\/embed.js\"><\/script><\/p>\n","protected":false},"excerpt":{"rendered":"El torero aragon\u00e9s Imanol S\u00e1nchez encabezar\u00e1 la jornada campera con la que Torosocial\u00a0pondr\u00e1 fin a la temporada 2025&hellip;\n","protected":false},"author":2,"featured_media":194226,"comment_status":"","ping_status":"","sticky":false,"template":"","format":"standard","meta":{"footnotes":""},"categories":[277],"tags":[9602,373,168,25,24,28586,23,167,374],"class_list":{"0":"post-194225","1":"post","2":"type-post","3":"status-publish","4":"format-standard","5":"has-post-thumbnail","7":"category-toreo","8":"tag-arriazu","9":"tag-bullfighting","10":"tag-deportes","11":"tag-es","12":"tag-espana","13":"tag-imanol-sanchez","14":"tag-spain","15":"tag-sports","16":"tag-toreo"},"share_on_mastodon":{"url":"https:\/\/pubeurope.com\/@es\/115419017565693250","error":""},"_links":{"self":[{"href":"https:\/\/www.europesays.com\/es\/wp-json\/wp\/v2\/posts\/194225","targetHints":{"allow":["GET"]}}],"collection":[{"href":"https:\/\/www.europesays.com\/es\/wp-json\/wp\/v2\/posts"}],"about":[{"href":"https:\/\/www.europesays.com\/es\/wp-json\/wp\/v2\/types\/post"}],"author":[{"embeddable":true,"href":"https:\/\/www.europesays.com\/es\/wp-json\/wp\/v2\/users\/2"}],"replies":[{"embeddable":true,"href":"https:\/\/www.europesays.com\/es\/wp-json\/wp\/v2\/comments?post=194225"}],"version-history":[{"count":0,"href":"https:\/\/www.europesays.com\/es\/wp-json\/wp\/v2\/posts\/194225\/revisions"}],"wp:featuredmedia":[{"embeddable":true,"href":"https:\/\/www.europesays.com\/es\/wp-json\/wp\/v2\/media\/194226"}],"wp:attachment":[{"href":"https:\/\/www.europesays.com\/es\/wp-json\/wp\/v2\/media?parent=194225"}],"wp:term":[{"taxonomy":"category","embeddable":true,"href":"https:\/\/www.europesays.com\/es\/wp-json\/wp\/v2\/categories?post=194225"},{"taxonomy":"post_tag","embeddable":true,"href":"https:\/\/www.europesays.com\/es\/wp-json\/wp\/v2\/tags?post=194225"}],"curies":[{"name":"wp","href":"https:\/\/api.w.org\/{rel}","templated":true}]}}