{"id":194229,"date":"2025-10-22T17:36:22","date_gmt":"2025-10-22T17:36:22","guid":{"rendered":"https:\/\/www.europesays.com\/es\/194229\/"},"modified":"2025-10-22T17:36:22","modified_gmt":"2025-10-22T17:36:22","slug":"caja-rural-burgos-y-kern-pharma-optan-a-la-vuelta-2026","status":"publish","type":"post","link":"https:\/\/www.europesays.com\/es\/194229\/","title":{"rendered":"Caja Rural, Burgos y Kern Pharma optan a La Vuelta 2026"},"content":{"rendered":"<p><a href=\"https:\/\/www.europesays.com\/es\/wp-content\/uploads\/2025\/10\/Caja-Rural-La-Vuelta.jpg\" target=\"_blank\" rel=\"noopener\"><img fetchpriority=\"high\" decoding=\"async\" aria-describedby=\"caption-attachment-451048\" class=\"wp-image-451048 lazy\" src=\"data:image\/svg+xml,%3Csvg%20xmlns=\" http:=\"\" data-src=\"https:\/\/www.europesays.com\/es\/wp-content\/uploads\/2025\/10\/Caja-Rural-La-Vuelta.jpg\" alt=\"\" width=\"748\" height=\"499\" data- data-\/><\/a><\/p>\n<p id=\"caption-attachment-451048\" class=\"wp-caption-text\">Caja Rural, al t\u00e9rmino de La Vuelta 2025<\/p>\n<p><strong>Redacci\u00f3n \/\u00a0<a href=\"https:\/\/www.ciclo21.com\/whatsapp-telegram-2024\/\" target=\"_blank\" rel=\"noopener nofollow\">Ciclo 21<\/a><\/strong><\/p>\n<p style=\"text-align: justify;\">Con el final de la temporada 2025, no solo se cerr\u00f3 el trienio y la pelea por las licencias UCI WorldTeam, sino tambi\u00e9n la lucha de los <strong>UCI ProTeam<\/strong> por acceder a las <strong>invitaciones a grandes vueltas<\/strong> y a carreras del UCI WorldTour. Los tres mejores equipos del ranking UCI de 2025 dispondr\u00e1n de <strong>invitaciones a todo el UCI WorldTour.<\/strong> En este caso, se trata de<strong> Uno-X (11\u00ba), Tudor (13\u00ba) y Q36.5 (19\u00ba),<\/strong> aunque el posible ascenso de Uno-X a la m\u00e1xima categor\u00eda por la fusi\u00f3n de Lotto e Intermarch\u00e9, dar\u00eda la tercera invitaci\u00f3n directa <strong>al Cofidis (20\u00ba).<\/strong> La desaparici\u00f3n del Ark\u00e9a (21\u00ba) permite que <strong>TotalEnergies (22\u00ba) y Caja Rural (25\u00ba)<\/strong> reciban las nuevas <strong>invitaciones directas<\/strong> a todas las pruebas <strong>UCI ProSeries<\/strong>.<\/p>\n<p style=\"text-align: justify;\">El equipo navarro, al igual que el <strong>Burgos (27\u00ba) y el Kern Pharma (29\u00ba)<\/strong> han cumplido con el requisito de <strong>acabar en el top-30<\/strong> <strong>y optar\u00e1n a disputar La Vuelta en 2026<\/strong>. Algo que no podr\u00e1 hacer el <strong>Euskaltel (34\u00ba),<\/strong> que acab\u00f3 muy lejos del \u00faltimo puesto que daba acceso a estas invitaciones otorgadas por los organizadores. <strong>TotalEnergies y Unibet (26\u00ba)<\/strong> tambi\u00e9n cumplieron y se postulan como favoritos a correr el <strong>Tour de Francia<\/strong>, al igual que <strong>Polti (28\u00ba) y VF Group (30\u00ba),<\/strong> en relaci\u00f3n al <strong>Giro de Italia<\/strong>. Se queda fuera por segundo a\u00f1o consecutivo el otro italiano, <strong>Solution Tech (31\u00ba).<\/strong><\/p>\n<p><strong>RANKING UCI 2025 (UCI PROTEAMS)<\/strong><\/p>\n<tr role=\"row\">\n<td>11\u00ba<\/td>\n<td>Uno-X Mobility<\/td>\n<td>\u00a0Noruega<\/td>\n<td>10.816<\/td>\n<\/tr>\n<tr role=\"row\">\n<td>13\u00ba<\/td>\n<td>Tudor Pro Cycling Team<\/td>\n<td>\u00a0Suiza<\/td>\n<td>10.026<\/td>\n<\/tr>\n<tr role=\"row\">\n<td>19\u00ba<\/td>\n<td>Q36.5 Pro Cycling Team<\/td>\n<td>\u00a0Suiza<\/td>\n<td>8.173<\/td>\n<\/tr>\n<tr role=\"row\">\n<td>20\u00ba<\/td>\n<td>Cofidis<\/td>\n<td>\u00a0Francia<\/td>\n<td>7.599<\/td>\n<\/tr>\n<tr role=\"row\">\n<td>21\u00ba<\/td>\n<td>ARKEA-B&amp;B HOTELS<\/td>\n<td>\u00a0Francia<\/td>\n<td>7.234<\/td>\n<\/tr>\n<tr role=\"row\">\n<td>22\u00ba<\/td>\n<td>Team TotalEnergies<\/td>\n<td>\u00a0Francia<\/td>\n<td>7.005<\/td>\n<\/tr>\n<tr role=\"row\">\n<td><strong>25\u00ba<\/strong><\/td>\n<td><strong>Caja Rural-Seguros RGA<\/strong><\/td>\n<td><strong>\u00a0Espa\u00f1a<\/strong><\/td>\n<td><strong>3.922<\/strong><\/td>\n<\/tr>\n<tr role=\"row\">\n<td>26\u00ba<\/td>\n<td>Unibet Tietema Rockets<\/td>\n<td>\u00a0Francia<\/td>\n<td>3.225<\/td>\n<\/tr>\n<tr role=\"row\">\n<td><strong>27\u00ba<\/strong><\/td>\n<td><strong>Burgos Burpellet BH<\/strong><\/td>\n<td><strong>\u00a0Espa\u00f1a<\/strong><\/td>\n<td><strong>3.215<\/strong><\/td>\n<\/tr>\n<tr role=\"row\">\n<td>28\u00ba<\/td>\n<td>Team Polti VisitMalta<\/td>\n<td>\u00a0Italia<\/td>\n<td>3.085<\/td>\n<\/tr>\n<tr role=\"row\">\n<td><strong>29\u00ba<\/strong><\/td>\n<td><strong>Equipo Kern Pharma<\/strong><\/td>\n<td><strong>\u00a0Espa\u00f1a<\/strong><\/td>\n<td><strong>2.967<\/strong><\/td>\n<\/tr>\n<tr role=\"row\">\n<td>30\u00ba<\/td>\n<td>VF Group-Bardiani CSF-Faizan\u00e8<\/td>\n<td>\u00a0Italia<\/td>\n<td>2.550<\/td>\n<\/tr>\n<tr role=\"row\">\n<td>31\u00ba<\/td>\n<td>Solution Tech-Vini Fantini<\/td>\n<td>\u00a0Italia<\/td>\n<td>2.310<\/td>\n<\/tr>\n<tr role=\"row\">\n<td><strong>34\u00ba<\/strong><\/td>\n<td><strong>Euskaltel-Euskadi<\/strong><\/td>\n<td><strong>\u00a0Espa\u00f1a<\/strong><\/td>\n<td><strong>1.387<\/strong><\/td>\n<\/tr>\n<tr role=\"row\">\n<td>51\u00ba<\/td>\n<td>Team Flanders-Baloise<\/td>\n<td>\u00a0B\u00e9lgica<\/td>\n<td>792<\/td>\n<\/tr>\n<tr role=\"row\">\n<td>72\u00ba<\/td>\n<td>Wagner Bazin WB<\/td>\n<td>\u00a0B\u00e9lgica<\/td>\n<td>479<\/td>\n<\/tr>\n<tr role=\"row\">\n<td>73\u00ba<\/td>\n<td>Team Novo Nordisk<\/td>\n<td>EEUU<\/td>\n<td>468<\/td>\n<\/tr>\n<p>Fuente: @firstcycling<\/p>\n","protected":false},"excerpt":{"rendered":"Caja Rural, al t\u00e9rmino de La Vuelta 2025 Redacci\u00f3n \/\u00a0Ciclo 21 Con el final de la temporada 2025,&hellip;\n","protected":false},"author":2,"featured_media":194230,"comment_status":"","ping_status":"","sticky":false,"template":"","format":"standard","meta":{"footnotes":""},"categories":[273],"tags":[54052,9299,313,312,168,25,24,9329,50918,23,167],"class_list":{"0":"post-194229","1":"post","2":"type-post","3":"status-publish","4":"format-standard","5":"has-post-thumbnail","7":"category-ciclismo","8":"tag-burgos-burpellet-bh","9":"tag-caja-rural-seguros-rga","10":"tag-ciclismo","11":"tag-cycling","12":"tag-deportes","13":"tag-es","14":"tag-espana","15":"tag-kern-pharma","16":"tag-proteam","17":"tag-spain","18":"tag-sports"},"share_on_mastodon":{"url":"https:\/\/pubeurope.com\/@es\/115419033416553010","error":""},"_links":{"self":[{"href":"https:\/\/www.europesays.com\/es\/wp-json\/wp\/v2\/posts\/194229","targetHints":{"allow":["GET"]}}],"collection":[{"href":"https:\/\/www.europesays.com\/es\/wp-json\/wp\/v2\/posts"}],"about":[{"href":"https:\/\/www.europesays.com\/es\/wp-json\/wp\/v2\/types\/post"}],"author":[{"embeddable":true,"href":"https:\/\/www.europesays.com\/es\/wp-json\/wp\/v2\/users\/2"}],"replies":[{"embeddable":true,"href":"https:\/\/www.europesays.com\/es\/wp-json\/wp\/v2\/comments?post=194229"}],"version-history":[{"count":0,"href":"https:\/\/www.europesays.com\/es\/wp-json\/wp\/v2\/posts\/194229\/revisions"}],"wp:featuredmedia":[{"embeddable":true,"href":"https:\/\/www.europesays.com\/es\/wp-json\/wp\/v2\/media\/194230"}],"wp:attachment":[{"href":"https:\/\/www.europesays.com\/es\/wp-json\/wp\/v2\/media?parent=194229"}],"wp:term":[{"taxonomy":"category","embeddable":true,"href":"https:\/\/www.europesays.com\/es\/wp-json\/wp\/v2\/categories?post=194229"},{"taxonomy":"post_tag","embeddable":true,"href":"https:\/\/www.europesays.com\/es\/wp-json\/wp\/v2\/tags?post=194229"}],"curies":[{"name":"wp","href":"https:\/\/api.w.org\/{rel}","templated":true}]}}