{"id":194235,"date":"2025-10-22T17:39:12","date_gmt":"2025-10-22T17:39:12","guid":{"rendered":"https:\/\/www.europesays.com\/es\/194235\/"},"modified":"2025-10-22T17:39:12","modified_gmt":"2025-10-22T17:39:12","slug":"nianzou-se-mantiene-al-margen-del-debate-abierto-en-el-sevilla-fabio-cardoso-ramon-martinez-kike-salas","status":"publish","type":"post","link":"https:\/\/www.europesays.com\/es\/194235\/","title":{"rendered":"Nianzou se mantiene al margen del debate abierto en el Sevilla: F\u00e1bio Cardoso, Ram\u00f3n Mart\u00ednez, Kike Salas&#8230;"},"content":{"rendered":"<p class=\"parrafo\">El <strong>Sevilla FC<\/strong> ha realizado en la ma\u00f1ana de este mi\u00e9rcoles su <a href=\"https:\/\/www.estadiodeportivo.com\/futbol\/sevilla-fc\/dos-nombres-importantes-marcan-una-nueva-sesion-del-sevilla-20251022-517436.html\" target=\"_blank\" class=\"intext-link\" rel=\"nofollow noopener\">tercer entrenamiento de una &#8216;semana corta&#8217;<\/a>, pues es la pen\u00faltima sesi\u00f3n preparatoria del conjunto nervionense antes de viajar a San Sebasti\u00e1n para <strong>enfrentarse el viernes a la Real Sociedad<\/strong> en el choque que abrir\u00e1 la jornada 10 en LaLiga EA Sports. Mat\u00edas Almeyda hab\u00eda estado durante todo el par\u00f3n perfilando la que iba a ser la primera vez en mucho tiempo que toda la plantilla estuviese disponible al completo; pero finalmente no pudo ser. <strong>Alfon Gonz\u00e1lez<\/strong> y <strong>Tanguy Nianzou<\/strong> no llegaron a tiempo para estar en la derrota del pasado s\u00e1bado contra el RCD Mallorca, partido en el que adem\u00e1s cayeron lesionados dos pilares esenciales en el engranaje del t\u00e9cnico argentino como son el omnipresente mediocentro defensivo <strong>Batista Mendy<\/strong> y el galoneado defensor <strong>C\u00e9sar Azpilicueta<\/strong><strong>. Precisamente, la baja del navarro ha acentuado el principal debate en clave nervionense<\/strong>. En \u00e9l, Nianzou de momento se mantiene al margen, literalmente. <\/p>\n<p><a class=\"elementos-rel-t2\" href=\"https:\/\/www.estadiodeportivo.com\/futbol\/sevilla-fc\/dos-nombres-importantes-marcan-una-nueva-sesion-del-sevilla-20251022-517436.html\" title=\"Dos nombres importantes marcan una nueva sesi\u00f3n del Sevilla FC\" rel=\"nofollow noopener\" target=\"_blank\">Dos nombres importantes marcan una nueva sesi\u00f3n del Sevilla FC<img decoding=\"async\" src=\"https:\/\/www.europesays.com\/es\/wp-content\/uploads\/2025\/10\/0e1212f5-8c53-4f14-8ac1-84a1569e0b1a_320x180.jpeg\" alt=\"Dos nombres importantes marcan una nueva sesi\u00f3n del Sevilla FC\"\/><\/a><a class=\"elementos-rel-t2\" href=\"https:\/\/www.estadiodeportivo.com\/futbol\/real-sociedad\/kubo-casi-imposible-ante-sevilla-20251021-517302.html\" title=\"Kubo, casi imposible ante el Sevilla\" rel=\"nofollow noopener\" target=\"_blank\">Kubo, casi imposible ante el Sevilla<img decoding=\"async\" src=\"https:\/\/www.europesays.com\/es\/wp-content\/uploads\/2025\/10\/7ac23376-8ea4-4ce5-aaaa-d9c17b3a28bd_320x180.jpeg\" alt=\"Kubo, casi imposible ante el Sevilla\"\/><\/a><a class=\"elementos-rel-t2\" href=\"https:\/\/www.estadiodeportivo.com\/futbol\/sevilla-fc\/vuelve-alfon-pero-batista-mendy-otra-baja-calcada-para-san-sebastian-parte-medico-identico-azpilicueta-20251020-517231.html\" title=\"Vuelve Alfon, pero Batista Mendy, otra baja calcada para San Sebasti\u00e1n: un parte m\u00e9dico id\u00e9ntico al de Azpilicueta\" rel=\"nofollow noopener\" target=\"_blank\">Vuelve Alfon, pero Batista Mendy, otra baja calcada para San Sebasti\u00e1n: un parte m\u00e9dico id\u00e9ntico al de Azpilicueta<img decoding=\"async\" src=\"https:\/\/www.europesays.com\/es\/wp-content\/uploads\/2025\/10\/96f0f7c5-d91e-4965-ac95-8dd4ffa027de_320x180.jpeg\" alt=\"Vuelve Alfon, pero Batista Mendy, otra baja calcada para San Sebasti\u00e1n: un parte m\u00e9dico id\u00e9ntico al de Azpilicueta\"\/><\/a>Nianzou sigue entren\u00e1ndose al margen del grupo<\/p>\n<p class=\"parrafo\">Con Alfon sumando jornadas de trabajo con el grupo y con Joan Jord\u00e1n de vuelta tras ausentarse el martes, la otra gran imagen de la sesi\u00f3n de este mi\u00e9rcoles en la Ciudad Deportiva Jos\u00e9 Ram\u00f3n Cisneros Palacios la ha ofrecido el propio Nianzou, que <strong>se ha ejercitado a\u00fan apartado del resto de sus compa\u00f1eros cuando se cumple un mes de la lesi\u00f3n en el b\u00edceps femoral de su pierna derecha<\/strong> que le oblig\u00f3 a pedir el cambio en el partido de la jornada 6 ante el Villarreal CF. <\/p>\n<p class=\"parrafo\">Su largu\u00edsimo historial de lesiones &#8211;<strong>se ha perdido 69 encuentros oficiales desde su llegada al club en el verano de 2022<\/strong>&#8211; recomienda tomarse con much\u00edsima precauci\u00f3n la vuelta a los terrenos de juego de <a href=\"https:\/\/www.estadiodeportivo.com\/futbol\/sevilla-fc\/almeyda-pule-defensa-del-sevilla-error-marcao-nuevo-nianzou-ramon-martinez-castrin-20250922-513126.html\" target=\"_blank\" class=\"intext-link\" rel=\"nofollow noopener\">un futbolista se\u00f1alado como te\u00f3rico titular<\/a> por un Almeyda que tendr\u00e1 que recomponer su l\u00ednea defensiva este viernes. De momento, el galo sigue sin estar apto y continua trabajando de manera individual, como ha captado hoy la c\u00e1mara de Juanjo Ponce para <strong>ESTADIO Deportivo<\/strong>.<\/p>\n<p><img decoding=\"async\" src=\"https:\/\/www.europesays.com\/es\/wp-content\/uploads\/2025\/10\/a95b142b-d915-41de-8da9-5234c8548efc_800x1000.jpeg\" loading=\"lazy\"\/>Almeyda busca sustituto para Azpilicueta, el &#8216;l\u00edder silencioso&#8217; del Sevilla FC: F\u00e1bio Cardoso, Ram\u00f3n Mart\u00ednez, Kike Salas, Andr\u00e9s Castr\u00edn&#8230; <\/p>\n<p class=\"parrafo\">Con la baja de Azpilicueta para las tres pr\u00f3ximas semanas, el &#8216;Pelado&#8217; se queda sin otro de sus bastiones defensivos. El veterano jugador, se\u00f1alado como <a href=\"https:\/\/www.estadiodeportivo.com\/futbol\/sevilla-fc\/azpilicueta-lider-silencioso-apaga-musica-fiesta-sevilla-aun-20251005-515203.html\" target=\"_blank\" class=\"intext-link\" rel=\"nofollow noopener\">\u00abl\u00edder silencioso\u00bb<\/a> por el entrenador del Sevilla FC tuvo que ser sustituido nada m\u00e1s arrancar el duelo con el Mallorca y su ausencia la ech\u00f3 de menos su compa\u00f1ero<strong> Marcao<\/strong><strong>, quien volvi\u00f3 a las andadas con el error que dio origen al definitivo 1-3<\/strong>. No es casualidad, ya que uno de los principales aportes del navarro es su insistencia a la hora de recolocar la l\u00ednea y alertar al compa\u00f1ero. <strong>Tampoco estuvo fino Ram\u00f3n Mart\u00ednez<\/strong>, que sali\u00f3 en el 3&#8242; sin tiempo para calentar y en los minutos decisivos acab\u00f3 acusando su falta de rodaje (s\u00f3lo sumaba 13 minutos ante el Rayo). <\/p>\n<p class=\"parrafo\">Si el canterano cuenta poco, <strong>a\u00fan m\u00e1s llamativo es el caso de<\/strong> <strong>F\u00e1bio Cardoso<\/strong>, el \u00fanico fichaje que no cuenta para Almeyda y que s\u00f3lo suma los 77 minutos de juego de su \u00fanica cita hasta la fecha (en Vallecas). Tampoco deja de sorprender <strong>lo poco que est\u00e1 contando el &#8216;desaparecido&#8217; Kike Salas<\/strong>: tras ser titular en las tres primeras, el de Mor\u00f3n ha tenido 90 minutos (contra el Villarreal) en las \u00faltimas seis jornadas. En teor\u00eda, su condici\u00f3n de marcador zurdo le convierte m\u00e1s en una alternativa a Marcao que en un posible recambio de Azpilicueta para la visita a la Real Sociedad. Visto que la recuperaci\u00f3n de Nianzou avanza a paso lento y que el argentino <strong>ve a Nemanja Gudelj como pivote (m\u00e1s ahora que falta Mendy)<\/strong>, la decisi\u00f3n apunta a que no le quedar\u00e1 m\u00e1s remedio que dar m\u00e1s confianza a los necesitados Ram\u00f3n Mart\u00ednez o F\u00e1bio Cardoso, con <strong>Andr\u00e9s Castr\u00edn <\/strong>(335&#8242;) como recurrente alternativa. <\/p>\n<p>\u00abNianzou marca diferencias en el Sevilla FC\u00bb<\/p>\n<p class=\"parrafo\">Volviendo a <strong>Nianzou, Almeyda le ha dado galones en cuanto le ha tenido disponible<\/strong>. El galo permaneci\u00f3 en el dique seco entre noviembre de 2024 y el pasado mes de septiembre de 2025, cuando encaden\u00f3 dos titularidades seguidas, el 12-S ante el Elche CF (61&#8242;) y el 20-S contra el Deportivo Alav\u00e9s (75&#8242;), antes de volver a romperse en el tercer encuentro consecutivo, entrando desde el banquillo para <a href=\"https:\/\/www.estadiodeportivo.com\/futbol\/sevilla-fc\/almeyda-hace-autocritica-explica-nianzou-tras-derrota-del-sevilla-20250923-513354.html\" target=\"_blank\" class=\"intext-link\" rel=\"nofollow noopener\">acabar dejando con 10 al Sevilla FC<\/a> frente al Villarreal CF (23&#8242;) el pasado 23 de septiembre. <\/p>\n<p class=\"parrafo\">\u00abQueremos poder contar con \u00e9l en todos los partidos, algo que <strong>en estos tres a\u00f1os lo ha hecho muy poco<\/strong>. No dudamos de la calidad que tiene, realmente es un jugador que beneficia al equipo y que, estando bien, marca una diferencia. <strong>Nos da seguridad, nos da velocidad, nos da juego a\u00e9reo, nos da t\u00e9cnica&#8230; y ojal\u00e1 que lo podamos tener en muchos partidos\u00bb<\/strong>, dec\u00eda el t\u00e9cnico blanquirrojo sobre el galo en la previa de esa en\u00e9sima lesi\u00f3n. <\/p>\n<p><img decoding=\"async\" src=\"https:\/\/www.europesays.com\/es\/wp-content\/uploads\/2025\/10\/5d3e8c3e-639e-4e47-a720-55cd527e2b43_800x450.jpeg\" loading=\"lazy\"\/><\/p>\n","protected":false},"excerpt":{"rendered":"El Sevilla FC ha realizado en la ma\u00f1ana de este mi\u00e9rcoles su tercer entrenamiento de una &#8216;semana corta&#8217;,&hellip;\n","protected":false},"author":2,"featured_media":194236,"comment_status":"","ping_status":"","sticky":false,"template":"","format":"standard","meta":{"footnotes":""},"categories":[268],"tags":[54053,168,25,24,284,280,282,54054,2993,281,23,167,51801],"class_list":{"0":"post-194235","1":"post","2":"type-post","3":"status-publish","4":"format-standard","5":"has-post-thumbnail","7":"category-futbol","8":"tag-cesar-azpilicueta","9":"tag-deportes","10":"tag-es","11":"tag-espana","12":"tag-estadio-deportivo","13":"tag-football","14":"tag-futbol","15":"tag-joan-jordan","16":"tag-sevilla-futbol-club","17":"tag-soccer","18":"tag-spain","19":"tag-sports","20":"tag-tanguy-nianzou"},"share_on_mastodon":{"url":"https:\/\/pubeurope.com\/@es\/115419046436216117","error":""},"_links":{"self":[{"href":"https:\/\/www.europesays.com\/es\/wp-json\/wp\/v2\/posts\/194235","targetHints":{"allow":["GET"]}}],"collection":[{"href":"https:\/\/www.europesays.com\/es\/wp-json\/wp\/v2\/posts"}],"about":[{"href":"https:\/\/www.europesays.com\/es\/wp-json\/wp\/v2\/types\/post"}],"author":[{"embeddable":true,"href":"https:\/\/www.europesays.com\/es\/wp-json\/wp\/v2\/users\/2"}],"replies":[{"embeddable":true,"href":"https:\/\/www.europesays.com\/es\/wp-json\/wp\/v2\/comments?post=194235"}],"version-history":[{"count":0,"href":"https:\/\/www.europesays.com\/es\/wp-json\/wp\/v2\/posts\/194235\/revisions"}],"wp:featuredmedia":[{"embeddable":true,"href":"https:\/\/www.europesays.com\/es\/wp-json\/wp\/v2\/media\/194236"}],"wp:attachment":[{"href":"https:\/\/www.europesays.com\/es\/wp-json\/wp\/v2\/media?parent=194235"}],"wp:term":[{"taxonomy":"category","embeddable":true,"href":"https:\/\/www.europesays.com\/es\/wp-json\/wp\/v2\/categories?post=194235"},{"taxonomy":"post_tag","embeddable":true,"href":"https:\/\/www.europesays.com\/es\/wp-json\/wp\/v2\/tags?post=194235"}],"curies":[{"name":"wp","href":"https:\/\/api.w.org\/{rel}","templated":true}]}}