{"id":194241,"date":"2025-10-22T17:42:08","date_gmt":"2025-10-22T17:42:08","guid":{"rendered":"https:\/\/www.europesays.com\/es\/194241\/"},"modified":"2025-10-22T17:42:08","modified_gmt":"2025-10-22T17:42:08","slug":"presentacion-del-libro-tu-en-el-aire-yo-en-el-mar-de-daniela-larrea-en-la-biblioteca-publica-pedro-salinas","status":"publish","type":"post","link":"https:\/\/www.europesays.com\/es\/194241\/","title":{"rendered":"Presentaci\u00f3n del libro \u00bb T\u00fa en el aire, yo en el mar\u00bb, de Daniela Larrea, en la Biblioteca P\u00fablica Pedro Salinas"},"content":{"rendered":"<p><b>Daniela Larrea<\/b>\u00a0es una joven escritora chilena.\u00a0Su inter\u00e9s por la literatura surge desde peque\u00f1a, siendo una asidua lectora hasta que decidi\u00f3 aventurarse en el mundo de la escritura. En 2021 escribe su primera novela\u00a0<b>T\u00fa en el aire, yo en el mar<\/b>\u00a0.<\/p>\n<p><b>T\u00fa en el aire, yo en el mar<\/b>\u00a0 se ambienta en Gij\u00f3n en el a\u00f1o 1939. La guerra civil acaba de terminar pero, para la joven Cayetana, el infierno reci\u00e9n comienza. Su padre ha decidido casarla con un hombre mayor y ella, angustiada, decide escapar. Ayudada por\u00a0\u00a0su mejor amiga, la joven se embarcar\u00e1 en el Winnipeg, junto a cientos de refugiados republicanos, en un viaje que la llevar\u00e1 a tierras extra\u00f1as. Instalada en el campo chileno y en un ambiente de creciente crisis pol\u00edtica, Cayetana deber\u00e1 sortear dificultades para construirse una vida nueva.<\/p>\n<p>Al final de la actividad habr\u00e1 un turno de preguntas.<\/p>\n<p>Actividad destinada a adultos y j\u00f3venes mayores de 14 a\u00f1os.<\/p>\n<p>Entrada libre hasta completar aforo.<\/p>\n","protected":false},"excerpt":{"rendered":"Daniela Larrea\u00a0es una joven escritora chilena.\u00a0Su inter\u00e9s por la literatura surge desde peque\u00f1a, siendo una asidua lectora hasta&hellip;\n","protected":false},"author":2,"featured_media":194242,"comment_status":"","ping_status":"","sticky":false,"template":"","format":"standard","meta":{"footnotes":""},"categories":[172],"tags":[224,146,147,25,24,225,23],"class_list":{"0":"post-194241","1":"post","2":"type-post","3":"status-publish","4":"format-standard","5":"has-post-thumbnail","7":"category-libros","8":"tag-books","9":"tag-entertainment","10":"tag-entretenimiento","11":"tag-es","12":"tag-espana","13":"tag-libros","14":"tag-spain"},"share_on_mastodon":{"url":"https:\/\/pubeurope.com\/@es\/115419057128196118","error":""},"_links":{"self":[{"href":"https:\/\/www.europesays.com\/es\/wp-json\/wp\/v2\/posts\/194241","targetHints":{"allow":["GET"]}}],"collection":[{"href":"https:\/\/www.europesays.com\/es\/wp-json\/wp\/v2\/posts"}],"about":[{"href":"https:\/\/www.europesays.com\/es\/wp-json\/wp\/v2\/types\/post"}],"author":[{"embeddable":true,"href":"https:\/\/www.europesays.com\/es\/wp-json\/wp\/v2\/users\/2"}],"replies":[{"embeddable":true,"href":"https:\/\/www.europesays.com\/es\/wp-json\/wp\/v2\/comments?post=194241"}],"version-history":[{"count":0,"href":"https:\/\/www.europesays.com\/es\/wp-json\/wp\/v2\/posts\/194241\/revisions"}],"wp:featuredmedia":[{"embeddable":true,"href":"https:\/\/www.europesays.com\/es\/wp-json\/wp\/v2\/media\/194242"}],"wp:attachment":[{"href":"https:\/\/www.europesays.com\/es\/wp-json\/wp\/v2\/media?parent=194241"}],"wp:term":[{"taxonomy":"category","embeddable":true,"href":"https:\/\/www.europesays.com\/es\/wp-json\/wp\/v2\/categories?post=194241"},{"taxonomy":"post_tag","embeddable":true,"href":"https:\/\/www.europesays.com\/es\/wp-json\/wp\/v2\/tags?post=194241"}],"curies":[{"name":"wp","href":"https:\/\/api.w.org\/{rel}","templated":true}]}}