{"id":194261,"date":"2025-10-22T17:52:11","date_gmt":"2025-10-22T17:52:11","guid":{"rendered":"https:\/\/www.europesays.com\/es\/194261\/"},"modified":"2025-10-22T17:52:11","modified_gmt":"2025-10-22T17:52:11","slug":"cuando-el-subconsciente-te-traiciona","status":"publish","type":"post","link":"https:\/\/www.europesays.com\/es\/194261\/","title":{"rendered":"\u00abCuando el subconsciente te traiciona&#8230;\u00bb"},"content":{"rendered":"<p style=\"\">La vicepresidenta segunda del Gobierno, <strong>Yolanda D\u00edaz<\/strong>, protagoniz\u00f3 este martes un <a href=\"https:\/\/www.abc.es\/espana\/lapsus-yolanda-diaz-senado-queda-gobierno-corrupcion-20251021175450-nt.html\" title=\"www.abc.es\" data-voc-vtm-id=\"in-text-traffic\" data-mrf-link=\"www.abc.es\" rel=\"nofollow noopener\" target=\"_blank\">sonado lapsus en la sesi\u00f3n de control del Senado<\/a> tras ser preguntada por la portavoz en el Senado del PP, Alicia Garc\u00eda, acerca de los supuestos casos de corrupci\u00f3n que rodean al  &#8230; Ejecutivo de <strong>Pedro S\u00e1nchez<\/strong>. <\/p>\n<p class=\"voc-p\" style=\"\">Tras una encendida pregunta realizada por la popular en la que record\u00f3 las diferentes declaraciones realizadas por D\u00edaz acerca de la corrupci\u00f3n, el presidente del Senado, Pedro Roll\u00e1n, tuvo que llamar al orden al Grupo Parlamentario Popular. Fue despu\u00e9s cuando la ministra de Trabajo declar\u00f3 que <strong>\u00abqueda Gobierno de corrupci\u00f3n para rato\u00bb<\/strong>, queriendo referirse realmente al \u00abGobierno de coalici\u00f3n\u00bb.<\/p>\n<p class=\"voc-p\" style=\"\">En ese momento, la vicepresidenta intent\u00f3 corregirse, pero las <strong>risas de los senadores populares <\/strong>provocaron una nueva llamada al orden. Unas horas despu\u00e9s de lo ocurrido, la ministra de Trabajo public\u00f3 un <strong>v\u00eddeo <\/strong>en su cuenta de Instagram respondiendo a lo sucedido.<\/p>\n<p class=\"voc-p\" style=\"\">\u00abHe tenido un lapsus en el Senado porque es imposible tomarse en serio las sesiones de control. <strong>Estaban a gritos, no paraban de interrumpirnos<\/strong>\u00bb, dijo, tras re\u00edrse del momento. La ministra explic\u00f3 que \u00ablo que intentaba decir es que la corrupci\u00f3n es muy grave en Espa\u00f1a y desde Sumar hemos llevado una iniciativa adelante para, por primera vez en Espa\u00f1a, tener una agencia p\u00fablica anticorrupci\u00f3n\u00bb.<\/p>\n<p class=\"voc-p\" style=\"\">Las redes sociales, al igual que los medios de comunicaci\u00f3n, se hicieron eco del lapsus de D\u00edaz. Este mi\u00e9rcoles, ha sido el periodista <strong>Carlos Herrera<\/strong> quien ha opinado sobre este asunto en su programa <a href=\"https:\/\/www.cope.es\/programas\/herrera-en-cope\/monologo-de-las-8-de-herrera\/monologos\/gobierno-tendria-decidir-apagon-mantener-ese-absoluto-cierre-nuclear-toda-europa-reconsiderando-20251022_3236529.html\" title=\"www.cope.es\" data-voc-vtm-id=\"in-text-traffic\" data-mrf-link=\"www.cope.es\" rel=\"nofollow noopener\" target=\"_blank\">&#8216;Herrera en COPE&#8217;<\/a>.<\/p>\n<p>\nLa opini\u00f3n de Carlos Herrera sobre el lapsus de Yolanda D\u00edaz\n<\/p>\n<p class=\"voc-p\" style=\"\">En su habitual mon\u00f3logo, Herrera ha querido opinar sobre \u00abdos mujeres que son <strong>superstar<\/strong>\u00bb, en referencia a <a href=\"https:\/\/www.cope.es\/programas\/herrera-en-cope\/monologo-de-las-8-de-herrera\/monologos\/gobierno-tendria-decidir-apagon-mantener-ese-absoluto-cierre-nuclear-toda-europa-reconsiderando-20251022_3236529.html\" title=\"www.cope.es\" data-voc-vtm-id=\"in-text-traffic\" data-mrf-link=\"www.cope.es\" rel=\"nofollow noopener\" target=\"_blank\">Leire D\u00edez, la presunta fontanera del PSOE<\/a>, y la vicepresidenta segunda y ministra de Trabajo.<\/p>\n<p class=\"voc-p\" style=\"\">Tal y como ha explicado el periodista, este martes D\u00edaz, \u00absin quererlo\u00bb, acu\u00f1\u00f3 el nombre que, para Herrera, \u00abmejor define a este Gobierno, que es el <strong>Gobierno de la corrupci\u00f3n<\/strong>\u00bb. <\/p>\n<p class=\"voc-p\" style=\"\">\u00abCuando no son las <strong>se\u00f1oritas en lencer\u00eda<\/strong>, son los sobres repletos de billetes, las adjudicaciones de obras ama\u00f1adas, el borrado de tel\u00e9fonos del fiscal general, el absentismo laboral y fiscal del hermano de S\u00e1nchez, la asistente privada de Bego\u00f1a G\u00f3mez, pagada con dinero p\u00fablico&#8230;\u00bb, ha enumerado Herrera.<\/p>\n<p class=\"voc-p\" style=\"\">Herrera ha continuado su discurso asegurando que D\u00edaz \u00abque <strong>tampoco pasa por sus mejores momentos en pol\u00edtica<\/strong>\u2026 Vamos, yo creo que no los ha tenido nunca, protagoniz\u00f3 ayer lo que un psiquiatra definir\u00eda como un <strong>acto fallido<\/strong><strong> cuando el subconsciente te traiciona y dice la verdad<\/strong> que uno est\u00e1 tratando de ocultar\u00bb.<\/p>\n<p class=\"voc-p\" style=\"\">Tras el an\u00e1lisis del momento, Herrera ha invitado a los oyentes a escucharlo. \u00abEn vez de lanzar el sintagma habitual de &#8216;gobierno de coalici\u00f3n progresista y feminista y de todos&#8217;, se le escap\u00f3 lo que probablemente m\u00e1s le preocupa: <strong>el Gobierno de la corrupci\u00f3n del que ella forma parte<\/strong>\u00bb, ha se\u00f1alado.<\/p>\n<p class=\"voc-p\" style=\"\">Herrera ha pasado despu\u00e9s a hablar sobre otras cuestiones de actualidad como <a href=\"https:\/\/www.abc.es\/espana\/leire-diez-fiscal-stampa-persona-puesto-psoe-20251021161422-nt.html\" title=\"www.abc.es\" data-voc-vtm-id=\"in-text-traffic\" data-mrf-link=\"www.abc.es\" rel=\"nofollow noopener\" target=\"_blank\">la reuni\u00f3n que Leire D\u00edez mantuvo con el fiscal Stampa<\/a> o las cr\u00edticas de Sumar a la ministra de Vivienda, Isabel Rodr\u00edguez.<\/p>\n","protected":false},"excerpt":{"rendered":"La vicepresidenta segunda del Gobierno, Yolanda D\u00edaz, protagoniz\u00f3 este martes un sonado lapsus en la sesi\u00f3n de control&hellip;\n","protected":false},"author":2,"featured_media":194262,"comment_status":"","ping_status":"","sticky":false,"template":"","format":"standard","meta":{"footnotes":""},"categories":[8],"tags":[17,18,415,25,24,13,14,11,2140,19,20,9,10,15,16,23,12,21,22],"class_list":{"0":"post-194261","1":"post","2":"type-post","3":"status-publish","4":"format-standard","5":"has-post-thumbnail","7":"category-espana","8":"tag-breaking-news","9":"tag-breakingnews","10":"tag-carlos","11":"tag-es","12":"tag-espana","13":"tag-featured-news","14":"tag-featurednews","15":"tag-headlines","16":"tag-herrera","17":"tag-latest-news","18":"tag-latestnews","19":"tag-news","20":"tag-noticias","21":"tag-noticias-destacadas","22":"tag-noticiasdestacadas","23":"tag-spain","24":"tag-titulares","25":"tag-ultimas-noticias","26":"tag-ultimasnoticias"},"share_on_mastodon":{"url":"https:\/\/pubeurope.com\/@es\/115419096284779940","error":""},"_links":{"self":[{"href":"https:\/\/www.europesays.com\/es\/wp-json\/wp\/v2\/posts\/194261","targetHints":{"allow":["GET"]}}],"collection":[{"href":"https:\/\/www.europesays.com\/es\/wp-json\/wp\/v2\/posts"}],"about":[{"href":"https:\/\/www.europesays.com\/es\/wp-json\/wp\/v2\/types\/post"}],"author":[{"embeddable":true,"href":"https:\/\/www.europesays.com\/es\/wp-json\/wp\/v2\/users\/2"}],"replies":[{"embeddable":true,"href":"https:\/\/www.europesays.com\/es\/wp-json\/wp\/v2\/comments?post=194261"}],"version-history":[{"count":0,"href":"https:\/\/www.europesays.com\/es\/wp-json\/wp\/v2\/posts\/194261\/revisions"}],"wp:featuredmedia":[{"embeddable":true,"href":"https:\/\/www.europesays.com\/es\/wp-json\/wp\/v2\/media\/194262"}],"wp:attachment":[{"href":"https:\/\/www.europesays.com\/es\/wp-json\/wp\/v2\/media?parent=194261"}],"wp:term":[{"taxonomy":"category","embeddable":true,"href":"https:\/\/www.europesays.com\/es\/wp-json\/wp\/v2\/categories?post=194261"},{"taxonomy":"post_tag","embeddable":true,"href":"https:\/\/www.europesays.com\/es\/wp-json\/wp\/v2\/tags?post=194261"}],"curies":[{"name":"wp","href":"https:\/\/api.w.org\/{rel}","templated":true}]}}