{"id":194265,"date":"2025-10-22T17:54:07","date_gmt":"2025-10-22T17:54:07","guid":{"rendered":"https:\/\/www.europesays.com\/es\/194265\/"},"modified":"2025-10-22T17:54:07","modified_gmt":"2025-10-22T17:54:07","slug":"el-club-balonmano-burgos-presenta-sus-nuevas-equipaciones","status":"publish","type":"post","link":"https:\/\/www.europesays.com\/es\/194265\/","title":{"rendered":"El Club Balonmano Burgos presenta sus nuevas equipaciones"},"content":{"rendered":"<p>\nRedacci\u00f3n BurgosNoticias\u00a0<br \/>\n<br \/>22\/10\/2025 &#8211; 18:42h.\n<\/p>\n<p class=\"\">El dise\u00f1o de la primera equipaci\u00f3n mantiene los colores institucionales del Club Balonmano Burgos, con el rojo en el cuerpo y el negro en las mangas. La gran novedad esta temporada es la incorporaci\u00f3n de un motivo en forma de huella dactilar en todas las camisetas del club (primera, segunda, equipaci\u00f3n de porteros y de Academia), un detalle que representa la identidad \u00fanica del equipo burgal\u00e9s, su car\u00e1cter competitivo y la voluntad de dejar huella en cada encuentro y competici\u00f3n.<\/p>\n<p class=\"\">En la parte posterior de las equipaciones destaca una inscripci\u00f3n muy especial: la frase &#8216;Juntos so\u00f1amos en alto. Somos orgullo cidiano&#8217; manuscrita por Ernesto L\u00f3pez, jugador emblem\u00e1tico que se despidi\u00f3 del club por motivos laborales a principio de temporada, y cuya huella y compromiso quedan as\u00ed integrados en la nueva piel del equipo.<\/p>\n<p class=\"\">Otro de los pilares del proyecto, la afici\u00f3n, tambi\u00e9n tiene su espacio en la nueva camiseta. En el frontal figura el sello &#8216;Orgullo cidiano&#8217;, como reconocimiento a la masa social que acompa\u00f1a y empuja al equipo en cada jornada.<\/p>\n<p class=\"\">El &#8216;claim&#8217; de la campa\u00f1a es una declaraci\u00f3n de identidad que resume el esp\u00edritu del club y el significado del nuevo dise\u00f1o:<\/p>\n<p class=\"\">Esta es nuestra nueva camiseta. Y no es solo un dise\u00f1o: es nuestra piel.<\/p>\n<p class=\"\">En su base, nuestra huella dactilar. \u00danica, irrepetible e imposible de copiar.<\/p>\n<p class=\"\">Una huella que habla de qui\u00e9nes somos: identidad, car\u00e1cter y la fuerza de un equipo que deja marca dentro y fuera de la pista.<\/p>\n<p class=\"\">Un club llamado a dejar huella all\u00ed donde juega.<\/p>\n<p class=\"\">Y junto a ella, algo a\u00fan m\u00e1s nuestro.<\/p>\n<p class=\"\">Una frase escrita a mano por alguien que ya es leyenda en esta casa: Ernesto L\u00f3pez.<\/p>\n<p class=\"\">Compa\u00f1ero. Amigo. Familia.<\/p>\n<p class=\"\">\u00abJuntos so\u00f1amos en alto. Somos orgullo cidiano\u00bb.<\/p>\n<p class=\"\">Sus palabras juegan con nosotros cada partido, tatuadas en nuestra piel como homenaje vivo.<\/p>\n<p class=\"\">Podr\u00edamos haber retirado su n\u00famero, pero elegimos algo m\u00e1s poderoso: que su esencia siga jugando cada jornada, cada vez que pisamos la pista.<\/p>\n<p class=\"\">Estrenamos piel, s\u00ed, pero la esencia sigue intacta.<\/p>\n<p class=\"\">La de un equipo que nunca deja de luchar.<\/p>\n<p class=\"\">La de un equipo que pelea hasta el \u00faltimo ataque.<\/p>\n<p class=\"\">La de un equipo hecho para dejar huella.<\/p>\n<p class=\"\">Con este nuevo dise\u00f1o, el Club Balonmano Burgos reafirma su compromiso con la identidad, la cercan\u00eda y la ambici\u00f3n que definen al proyecto cidiano, uniendo tradici\u00f3n, innovaci\u00f3n y sentimiento en una equipaci\u00f3n que representa a toda la familia del balonmano burgal\u00e9s.<\/p>\n","protected":false},"excerpt":{"rendered":"Redacci\u00f3n BurgosNoticias\u00a0 22\/10\/2025 &#8211; 18:42h. El dise\u00f1o de la primera equipaci\u00f3n mantiene los colores institucionales del Club Balonmano&hellip;\n","protected":false},"author":2,"featured_media":194266,"comment_status":"","ping_status":"","sticky":false,"template":"","format":"standard","meta":{"footnotes":""},"categories":[278],"tags":[517,376,623,6992,1798,209,168,1639,54061,25,24,375,1667,10,6993,2860,952,2782,6436,23,167,2845],"class_list":{"0":"post-194265","1":"post","2":"type-post","3":"status-publish","4":"format-standard","5":"has-post-thumbnail","7":"category-balonmano","8":"tag-actualidad","9":"tag-balonmano","10":"tag-burgos","11":"tag-burgosnoticias","12":"tag-club","13":"tag-cultura","14":"tag-deportes","15":"tag-digital","16":"tag-equipacionesdiario","17":"tag-es","18":"tag-espana","19":"tag-handball","20":"tag-informacion","21":"tag-noticias","22":"tag-noticiasburgos","23":"tag-nuevas","24":"tag-politica","25":"tag-presenta","26":"tag-provincia","27":"tag-spain","28":"tag-sports","29":"tag-universidad"},"share_on_mastodon":{"url":"https:\/\/pubeurope.com\/@es\/115419104211069109","error":""},"_links":{"self":[{"href":"https:\/\/www.europesays.com\/es\/wp-json\/wp\/v2\/posts\/194265","targetHints":{"allow":["GET"]}}],"collection":[{"href":"https:\/\/www.europesays.com\/es\/wp-json\/wp\/v2\/posts"}],"about":[{"href":"https:\/\/www.europesays.com\/es\/wp-json\/wp\/v2\/types\/post"}],"author":[{"embeddable":true,"href":"https:\/\/www.europesays.com\/es\/wp-json\/wp\/v2\/users\/2"}],"replies":[{"embeddable":true,"href":"https:\/\/www.europesays.com\/es\/wp-json\/wp\/v2\/comments?post=194265"}],"version-history":[{"count":0,"href":"https:\/\/www.europesays.com\/es\/wp-json\/wp\/v2\/posts\/194265\/revisions"}],"wp:featuredmedia":[{"embeddable":true,"href":"https:\/\/www.europesays.com\/es\/wp-json\/wp\/v2\/media\/194266"}],"wp:attachment":[{"href":"https:\/\/www.europesays.com\/es\/wp-json\/wp\/v2\/media?parent=194265"}],"wp:term":[{"taxonomy":"category","embeddable":true,"href":"https:\/\/www.europesays.com\/es\/wp-json\/wp\/v2\/categories?post=194265"},{"taxonomy":"post_tag","embeddable":true,"href":"https:\/\/www.europesays.com\/es\/wp-json\/wp\/v2\/tags?post=194265"}],"curies":[{"name":"wp","href":"https:\/\/api.w.org\/{rel}","templated":true}]}}