{"id":194269,"date":"2025-10-22T17:56:07","date_gmt":"2025-10-22T17:56:07","guid":{"rendered":"https:\/\/www.europesays.com\/es\/194269\/"},"modified":"2025-10-22T17:56:07","modified_gmt":"2025-10-22T17:56:07","slug":"dare-una-paliza-al-falso-aficionado-en-el-bernabeu","status":"publish","type":"post","link":"https:\/\/www.europesays.com\/es\/194269\/","title":{"rendered":"Dar\u00e9 una paliza al falso aficionado en el Bernab\u00e9u"},"content":{"rendered":"<p><a href=\"https:\/\/okdiario.com\/deportes\/asi-fue-homenaje-federacion-topuria-victoria-espana-elche-15571031\" rel=\"nofollow noopener\" target=\"_blank\"><strong>Ilia Topuria<\/strong><\/a> cuenta los d\u00edas para conocer a su pr\u00f3ximo rival en la <strong>UFC<\/strong>, con el que se jugar\u00e1 el cintur\u00f3n de campe\u00f3n conseguido el pasado 29 de junio al derrotar a <strong>Charles Oliveira<\/strong>. Mientras tanto, su m\u00e1s posible oponente, <strong>Paddy Pimblett<\/strong> calienta ese futuro combate tachando al hispano-georgiano de \u00abfalso aficionado del <a href=\"https:\/\/okdiario.com\/diariomadridista\/real-madrid\/real-madrid-juventus-hoy-champions-league-que-hora-donde-ver-partido-directo-tv-online-vivo-569877\" rel=\"nofollow noopener\" target=\"_blank\"><strong>Real Madrid<\/strong><\/a>\u00bb, amenaz\u00e1ndole adem\u00e1s de que le dar\u00e1 \u00abuna paliza\u00bb en el <strong>Santiago Bernab\u00e9u<\/strong>.<\/p>\n<p>Topuria ha reflejado en m\u00faltiples ocasiones su madridismo y tambi\u00e9n su deseo por pelear en el estadio del equipo blanco, pero este luchador brit\u00e1nico ha puesto en duda sus colores. Pimblett es aficionado confeso del <strong>Liverpool<\/strong> y tiene clavadas las dos finales perdidas contra el Real Madrid, tanto que identifica a <strong>Xabi Alonso<\/strong> como una \u00ableyenda\u00bb del club ingl\u00e9s y no del madridista.<\/p>\n<p>Y no s\u00f3lo se qued\u00f3 ah\u00ed, tambi\u00e9n le tacha de no ser espa\u00f1ol: \u00abEl pobre no es espa\u00f1ol. Dejemos eso claro desde el principio. \u00bfMe entiendes? Es alem\u00e1n. Finge ser georgiano y espa\u00f1ol para conseguir m\u00e1s fans, cuando en realidad naci\u00f3 en <strong>Alemania<\/strong>. Es alem\u00e1n\u00bb. Pimblett afirm\u00f3 que vendr\u00eda a <strong>Espa\u00f1a<\/strong> para esta pelea que ans\u00eda contra Topuria: \u00abIr\u00e9 a cualquier lugar. Ir\u00e9 a pelear con \u00e9l en su jard\u00edn trasero. No me importa. S\u00f3lo quiero pelear con \u00e9l. Quiero quitarle ese cintur\u00f3n. Y quiero hacerle da\u00f1o\u00bb.<\/p>\n<p>Y cuando en su entrevista con Marca le mencionan el Bernab\u00e9u, Pimblett empieza a desvariar: \u00abOh, el Bernab\u00e9u, s\u00ed. Es curioso que todo el mundo se lo tomara al pie de la letra, como dec\u00eda, el Bernab\u00e9u es un agujero de mierda. El Bernab\u00e9u es un estadio bonito, \u00bfsabes lo que quiero decir? Pero para m\u00ed, como es su patio trasero, es un agujero de mierda, \u00bfentiendes lo que quiero decir? Es como una met\u00e1fora\u00bb.<\/p>\n<p>El rival de Topuria odia al Real Madrid<\/p>\n<p>\u00abIr\u00e9 al Bernab\u00e9u y le dar\u00e9 un pu\u00f1etazo en la cara en el campo y luego golpear\u00e9 a la mitad del equipo si es necesario, pero me llevar\u00e9 el cintur\u00f3n a casa. Es que no me gusta el Real Madrid tal y como es. Hemos perdido dos finales de la Champions contra ellos. As\u00ed que no me gusta el Real Madrid tal y como es\u00bb, a\u00f1adi\u00f3, desvelando el motivo de su odio al equipo blanco.<\/p>\n<p>\u00abAs\u00ed que poder ir a ese estadio y darle una paliza a su falso aficionado, porque no es aficionado del Madrid. Ni siquiera es de Madrid. Ni siquiera es de Espa\u00f1a. Es de Benidorm. As\u00ed que no es aficionado del Madrid. Solo se ha subido al carro para conseguir m\u00e1s aficionados y m\u00e1s seguidores. Es falso\u00bb, contin\u00faa atacando.<\/p>\n","protected":false},"excerpt":{"rendered":"Ilia Topuria cuenta los d\u00edas para conocer a su pr\u00f3ximo rival en la UFC, con el que se&hellip;\n","protected":false},"author":2,"featured_media":194270,"comment_status":"","ping_status":"","sticky":false,"template":"","format":"standard","meta":{"footnotes":""},"categories":[276],"tags":[168,25,24,23,167,343],"class_list":{"0":"post-194269","1":"post","2":"type-post","3":"status-publish","4":"format-standard","5":"has-post-thumbnail","7":"category-ufc","8":"tag-deportes","9":"tag-es","10":"tag-espana","11":"tag-spain","12":"tag-sports","13":"tag-ufc"},"share_on_mastodon":{"url":"https:\/\/pubeurope.com\/@es\/115419111897256095","error":""},"_links":{"self":[{"href":"https:\/\/www.europesays.com\/es\/wp-json\/wp\/v2\/posts\/194269","targetHints":{"allow":["GET"]}}],"collection":[{"href":"https:\/\/www.europesays.com\/es\/wp-json\/wp\/v2\/posts"}],"about":[{"href":"https:\/\/www.europesays.com\/es\/wp-json\/wp\/v2\/types\/post"}],"author":[{"embeddable":true,"href":"https:\/\/www.europesays.com\/es\/wp-json\/wp\/v2\/users\/2"}],"replies":[{"embeddable":true,"href":"https:\/\/www.europesays.com\/es\/wp-json\/wp\/v2\/comments?post=194269"}],"version-history":[{"count":0,"href":"https:\/\/www.europesays.com\/es\/wp-json\/wp\/v2\/posts\/194269\/revisions"}],"wp:featuredmedia":[{"embeddable":true,"href":"https:\/\/www.europesays.com\/es\/wp-json\/wp\/v2\/media\/194270"}],"wp:attachment":[{"href":"https:\/\/www.europesays.com\/es\/wp-json\/wp\/v2\/media?parent=194269"}],"wp:term":[{"taxonomy":"category","embeddable":true,"href":"https:\/\/www.europesays.com\/es\/wp-json\/wp\/v2\/categories?post=194269"},{"taxonomy":"post_tag","embeddable":true,"href":"https:\/\/www.europesays.com\/es\/wp-json\/wp\/v2\/tags?post=194269"}],"curies":[{"name":"wp","href":"https:\/\/api.w.org\/{rel}","templated":true}]}}