{"id":194303,"date":"2025-10-22T18:15:10","date_gmt":"2025-10-22T18:15:10","guid":{"rendered":"https:\/\/www.europesays.com\/es\/194303\/"},"modified":"2025-10-22T18:15:10","modified_gmt":"2025-10-22T18:15:10","slug":"el-colegio-de-sevilla-que-no-activo-el-protocolo-de-acoso-anuncia-un-plan-ante-las-situaciones-de-vulnerabilidad-y-la-familia-les-acusa-de-minimizar-lo-ocurrido-e","status":"publish","type":"post","link":"https:\/\/www.europesays.com\/es\/194303\/","title":{"rendered":"El colegio de Sevilla que no activ\u00f3 el protocolo de acoso anuncia un plan ante las \u201csituaciones de vulnerabilidad\u201d y la familia les acusa de \u201cminimizar\u201d lo ocurrido | Educaci\u00f3n"},"content":{"rendered":"<p class=\"\">El colegio sevillano privado concertado Irlandesas de Loreto ha decidido contrarrestar las cr\u00edticas <a href=\"https:\/\/elpais.com\/educacion\/2025-10-16\/la-junta-de-andalucia-lleva-a-la-fiscalia-el-suicidio-de-una-menor-tras-un-presunto-acoso-escolar.html\" target=\"_blank\" rel=\"noreferrer nofollow noopener\" title=\"https:\/\/elpais.com\/educacion\/2025-10-16\/la-junta-de-andalucia-lleva-a-la-fiscalia-el-suicidio-de-una-menor-tras-un-presunto-acoso-escolar.html\">por no haber activado el protocolo de acoso<\/a> cuando la familia de Sandra traslad\u00f3 al centro que la ni\u00f1a de 14 a\u00f1os estaba sufriendo bullying por parte de tres compa\u00f1eras. El 14 de octubre, la joven se quit\u00f3 la vida. <a href=\"https:\/\/irlandesasloreto.org\/2025\/10\/22\/comunicado-22-10-25\/\" target=\"_blank\" rel=\"noreferrer nofollow noopener\" title=\"https:\/\/irlandesasloreto.org\/2025\/10\/22\/comunicado-22-10-25\/\">En un comunicado,<\/a> la direcci\u00f3n explica que va a poner en marcha un \u201cplan de acci\u00f3n\u201d, para que los centros educativos \u201cestemos lo mejor preparados posibles para atender a los alumnos que, por cualquier circunstancia, se encuentren en una situaci\u00f3n de vulnerabilidad o necesidad\u201d. Su intenci\u00f3n es \u201ccompartir\u201d sus conclusiones con \u201clas instituciones y el resto de la comunidad educativa con el \u00e1nimo de que sirva a otros centros\u201d.<\/p>\n<p class=\"\">El colegio Irlandesas de Loreto est\u00e1 siendo <a href=\"https:\/\/elpais.com\/sociedad\/2025-10-20\/tension-en-el-colegio-sevillano-de-la-nina-que-se-suicido-despues-de-sufrir-bullying-pintadas-que-acusan-de-inaccion-al-centro-y-vigilancia-policial.html\" target=\"_blank\" rel=\"noreferrer nofollow noopener\" title=\"https:\/\/elpais.com\/sociedad\/2025-10-20\/tension-en-el-colegio-sevillano-de-la-nina-que-se-suicido-despues-de-sufrir-bullying-pintadas-que-acusan-de-inaccion-al-centro-y-vigilancia-policial.html\">objeto de dos investigaciones<\/a>. Una, por parte de la Consejer\u00eda de Desarrollo educativo de la Junta de Andaluc\u00eda, tras constatar que no activ\u00f3 los protocolos de acoso y autol\u00edticos que establece la normativa ante denuncias de bullying, y que, tal y como advirti\u00f3 el martes el presidente auton\u00f3mico, Juan Manuel Moreno, podr\u00eda poner fin a la subvenci\u00f3n que recibe. La segunda la ha iniciado la Fiscal\u00eda de Menores, que ha abierto un expediente de supervisi\u00f3n para evaluar la responsabilidad de la direcci\u00f3n del centro. <\/p>\n<p class=\"\">El Ministerio Fiscal est\u00e1 analizando el informe que le traslad\u00f3 la Inspecci\u00f3n Educativa, en el que se incorpora informaci\u00f3n recabada a partir de las actas redactadas por el centro de las reuniones y tutor\u00edas mantenidas con la familia de Sandra. All\u00ed se recoge la versi\u00f3n del colegio sobre los pasos que dio tras conocer, en un encuentro mantenido con la madre de la ni\u00f1a el 3 de septiembre, que su hija hab\u00eda sido hostigada en redes sociales por tres compa\u00f1eras y en la que se ped\u00eda que activara el protocolo de acoso y que se separara a las ni\u00f1as de clase. <\/p>\n<p class=\"\">Tras la conversaci\u00f3n, el centro asign\u00f3 a la ni\u00f1a dos profesores de referencia, la tutora y el jefe de estudios, y el 1 de octubre, en otra reuni\u00f3n que mantuvieron con la terapeuta de Sandra \u2015seg\u00fan se recoge en la documentaci\u00f3n aportada por el colegio y que confirman a este diario fuentes cercanas a la Fiscal\u00eda de Menores\u2015, es la profesional la que aconseja a la direcci\u00f3n que no incorpore el protocolo a la plataforma S\u00e9neca porque podr\u00eda perjudicar a la menor, que en ese momento se encontraba aparentemente bien. La Inspecci\u00f3n, en su escrito, recoge que, en todo caso, el centro deber\u00eda haber activado el protocolo.<\/p>\n<p class=\"\"><a href=\"https:\/\/elpais.com\/sociedad\/2025-10-17\/la-familia-de-la-nina-que-se-suicido-en-sevilla-tras-sufrir-bullying-no-se-intento-ponerle-freno.html\" target=\"_blank\" rel=\"noreferrer nofollow noopener\" title=\"https:\/\/elpais.com\/sociedad\/2025-10-17\/la-familia-de-la-nina-que-se-suicido-en-sevilla-tras-sufrir-bullying-no-se-intento-ponerle-freno.html\">Isaac Villar, t\u00edo de Sandra y portavoz de la familia<\/a>, desmiente categ\u00f3ricamente la versi\u00f3n del colegio que se recoge en el informe de la Inspecci\u00f3n que est\u00e1 estudiando la Fiscal\u00eda de Menores. \u201cLa psic\u00f3loga pidi\u00f3 que se activaran los dos protocolos e insisti\u00f3 en que se mantuvieran separadas a las tres ni\u00f1as de Sandra, porque la direcci\u00f3n quer\u00eda poner a una de ellas en la misma aula\u201d, indica. Villar es consciente de que las Irlandesas de Loreto van a tratar de \u201cminimizar su actuaci\u00f3n y la influencia del acoso en el suicidio de su sobrina\u201d y entiende que esa es la estrategia que persigue el nuevo comunicado de la entidad.<\/p>\n<p class=\"\">En \u00e9l, el colegio informa de que va a llevar a cabo \u201cun an\u00e1lisis de nuestro entorno educativo con el objetivo de seguir profundizando en los mecanismos actuales de atenci\u00f3n integral a nuestro alumnado\u201d. En este proceso, y para concretar un \u201cplan de acci\u00f3n\u201d, solicitar\u00e1n el \u201capoyo de visiones externas, especializadas en psicolog\u00eda y en servicios sociales\u201d. <\/p>\n<p class=\"\">\u201cNos encontramos en un contexto altamente sensible en el que urge abordar con m\u00e1s rapidez, flexibilidad y determinaci\u00f3n situaciones de necesidad o vulnerabilidad que nuestros j\u00f3venes pueden atravesar a lo largo de sus a\u00f1os de desarrollo\u201d, contin\u00faa el comunicado, en el que se llama la atenci\u00f3n sobre \u201clos ecosistemas digitales\u201d y se pone como ejemplo <a href=\"https:\/\/elpais.com\/sociedad\/2025-10-21\/la-mala-gestion-del-caso-de-bullying-en-el-colegio-de-sevilla-deriva-en-ataques-a-las-supuestas-agresoras-que-son-menores.html\" target=\"_blank\" rel=\"noreferrer nofollow noopener\" title=\"https:\/\/elpais.com\/sociedad\/2025-10-21\/la-mala-gestion-del-caso-de-bullying-en-el-colegio-de-sevilla-deriva-en-ataques-a-las-supuestas-agresoras-que-son-menores.html\">el acoso en redes sociales que han sufrido las tres menores<\/a> que hostigaron a Sandra, y el propio equipo docente. <a href=\"https:\/\/elpais.com\/sociedad\/2025-10-21\/la-fiscalia-investiga-las-amenazas-y-la-difusion-en-redes-de-fotos-de-las-supuestas-acosadoras-en-un-colegio-de-sevilla.html\" target=\"_blank\" rel=\"noreferrer nofollow noopener\" title=\"https:\/\/elpais.com\/sociedad\/2025-10-21\/la-fiscalia-investiga-las-amenazas-y-la-difusion-en-redes-de-fotos-de-las-supuestas-acosadoras-en-un-colegio-de-sevilla.html\">La Fiscal\u00eda investiga <\/a>desde este martes las amenazas a las tres menores, tambi\u00e9n de 14 a\u00f1os, y la difusi\u00f3n de im\u00e1genes en redes, que han pedido a una plataforma digital, que haga desaparecer.<\/p>\n<p class=\"\">El comunicado no alude a que el centro no activ\u00f3 los protocolos en vigor para combatir el acoso y esa \u201cvulnerabilidad\u201d a la que se refiere el texto. Aunque el colegio separ\u00f3 a las ni\u00f1as de clase y design\u00f3 a dos profesores de referencia, no puso en marcha la comisi\u00f3n de convivencia, ni habl\u00f3 con las supuestas acosadoras ni, como ha recriminado la Consejer\u00eda, activ\u00f3 el protocolo en la plataforma S\u00e9neca, de manera que la Inspecci\u00f3n Educativa pudiera tener conocimiento de la situaci\u00f3n.<\/p>\n<p class=\"\">Este es el tercer comunicado que ha emitido el colegio desde que el 14 de octubre su alumna Sandra se quitara la vida. El primer fue para trasladar su consternaci\u00f3n ante lo sucedido; en el segundo, que se lanz\u00f3 el pasado lunes, ped\u00eda respeto al alumnado por las pintadas en los muros del centro con mensajes en los que no solo se acusaba a todos los alumnos y profesores de c\u00f3mplices, sino que se se\u00f1alaba directamente con sus nombres a las supuestas acosadoras de Sandra, junto al calificativo de asesinas. Las pintadas fueron borradas ese mismo d\u00eda, aunque el martes volvi\u00f3 a escribirse la identidad de las menores, que tambi\u00e9n se limpi\u00f3 poco despu\u00e9s.<\/p>\n","protected":false},"excerpt":{"rendered":"El colegio sevillano privado concertado Irlandesas de Loreto ha decidido contrarrestar las cr\u00edticas por no haber activado el&hellip;\n","protected":false},"author":2,"featured_media":194304,"comment_status":"","ping_status":"","sticky":false,"template":"","format":"standard","meta":{"footnotes":""},"categories":[8],"tags":[29305,259,17,18,2026,25,24,13,14,11,26165,19,20,1567,9,10,15,16,1922,1171,492,23,12,21,22],"class_list":{"0":"post-194303","1":"post","2":"type-post","3":"status-publish","4":"format-standard","5":"has-post-thumbnail","7":"category-espana","8":"tag-acoso-escolar","9":"tag-andalucia","10":"tag-breaking-news","11":"tag-breakingnews","12":"tag-educacion","13":"tag-es","14":"tag-espana","15":"tag-featured-news","16":"tag-featurednews","17":"tag-headlines","18":"tag-junta-andalucia","19":"tag-latest-news","20":"tag-latestnews","21":"tag-menores","22":"tag-news","23":"tag-noticias","24":"tag-noticias-destacadas","25":"tag-noticiasdestacadas","26":"tag-redes-sociales","27":"tag-sevilla","28":"tag-sociedad","29":"tag-spain","30":"tag-titulares","31":"tag-ultimas-noticias","32":"tag-ultimasnoticias"},"share_on_mastodon":{"url":"","error":"Validation failed: Text character limit of 500 exceeded"},"_links":{"self":[{"href":"https:\/\/www.europesays.com\/es\/wp-json\/wp\/v2\/posts\/194303","targetHints":{"allow":["GET"]}}],"collection":[{"href":"https:\/\/www.europesays.com\/es\/wp-json\/wp\/v2\/posts"}],"about":[{"href":"https:\/\/www.europesays.com\/es\/wp-json\/wp\/v2\/types\/post"}],"author":[{"embeddable":true,"href":"https:\/\/www.europesays.com\/es\/wp-json\/wp\/v2\/users\/2"}],"replies":[{"embeddable":true,"href":"https:\/\/www.europesays.com\/es\/wp-json\/wp\/v2\/comments?post=194303"}],"version-history":[{"count":0,"href":"https:\/\/www.europesays.com\/es\/wp-json\/wp\/v2\/posts\/194303\/revisions"}],"wp:featuredmedia":[{"embeddable":true,"href":"https:\/\/www.europesays.com\/es\/wp-json\/wp\/v2\/media\/194304"}],"wp:attachment":[{"href":"https:\/\/www.europesays.com\/es\/wp-json\/wp\/v2\/media?parent=194303"}],"wp:term":[{"taxonomy":"category","embeddable":true,"href":"https:\/\/www.europesays.com\/es\/wp-json\/wp\/v2\/categories?post=194303"},{"taxonomy":"post_tag","embeddable":true,"href":"https:\/\/www.europesays.com\/es\/wp-json\/wp\/v2\/tags?post=194303"}],"curies":[{"name":"wp","href":"https:\/\/api.w.org\/{rel}","templated":true}]}}