{"id":194309,"date":"2025-10-22T18:18:08","date_gmt":"2025-10-22T18:18:08","guid":{"rendered":"https:\/\/www.europesays.com\/es\/194309\/"},"modified":"2025-10-22T18:18:08","modified_gmt":"2025-10-22T18:18:08","slug":"premios-feria-taurina-salamanca-2025-lista-de-ganadores-salamancartv-al-dia","status":"publish","type":"post","link":"https:\/\/www.europesays.com\/es\/194309\/","title":{"rendered":"Premios Feria Taurina Salamanca 2025: lista de ganadores &#8211; SALAMANCArtv AL D\u00cdA"},"content":{"rendered":"<p class=\"prip\">La <strong>Pe\u00f1a Cultural Taurina Albero Charro<\/strong> ha dado a conocer el fallo de sus tradicionales galardones correspondientes a la pasada Feria Taurina de la Virgen de la Vega de Salamanca. Los premios distinguen las actuaciones m\u00e1s destacadas de toreros, subalternos y ganader\u00edas durante el ciclo ferial celebrado en la plaza de toros de La Glorieta.<\/p>\n<p>El jurado de la asociaci\u00f3n ha valorado las diferentes suertes y protagonistas de los festejos para conceder un total de <strong>seis trofeos y una menci\u00f3n especial<\/strong>. Los galardones reconocen desde la presentaci\u00f3n y bravura del toro hasta la ejecuci\u00f3n de las distintas fases de la lidia, como el toreo de capote, el tercio de varas o las banderillas.<\/p>\n<p>En esta edici\u00f3n, la pe\u00f1a ha instaurado un nuevo premio, el galard\u00f3n al <strong>Mejor Encierro de la Feria<\/strong>, que ha reca\u00eddo en la ganader\u00eda salmantina de <strong>Garcigrande<\/strong>. Adem\u00e1s, se ha otorgado una menci\u00f3n especial a la <strong>Escuela de Tauromaquia de la Diputaci\u00f3n de Salamanca<\/strong> con motivo de su 40 aniversario.<\/p>\n<p>Relaci\u00f3n completa de galardonados<\/p>\n<p>Los premiados por la Pe\u00f1a Cultural Taurina Albero Charro en sus diferentes categor\u00edas son los siguientes:<\/p>\n<ul>\n<li><strong>XII Premio al Mejor Par de Banderillas:<\/strong> para <strong>El\u00edas Mart\u00edn<\/strong>, de la cuadrilla de Marco P\u00e9rez. El reconocimiento se debe a su actuaci\u00f3n el 19 de septiembre ante el sexto toro, de nombre \u00abVolador\u00bb, de la ganader\u00eda de Garc\u00eda Jim\u00e9nez.<\/li>\n<p>&#13;<\/p>\n<li><strong>VI Premio al Toro Mejor Presentado:<\/strong> para el toro <strong>\u00abVigarro\u00bb<\/strong>, de la ganader\u00eda salmantina de Vellosino. Herrado con el n\u00famero 144, nacido en octubre de 2019 y con un peso de 645 kg, fue lidiado en segundo lugar por Diego San Rom\u00e1n en la tarde del 13 de septiembre.<\/li>\n<p>&#13;<\/p>\n<li><strong>IV Premio al Mejor Toreo de Capote:<\/strong> para el diestro <strong>Jos\u00e9 Antonio Morante de la Puebla<\/strong>, por su actuaci\u00f3n general durante la tarde del 21 de septiembre en La Glorieta.<\/li>\n<p>&#13;<\/p>\n<li><strong>IV Premio al Mejor Puyazo:<\/strong> para <strong>\u00c1ngel Rivas<\/strong>, de la cuadrilla de Morante de la Puebla. El galard\u00f3n reconoce el puyazo ejecutado al primer toro de la corrida concurso del 21 de septiembre, de nombre \u00abCorchoso\u00bb, de la ganader\u00eda de Garcigrande.<\/li>\n<p>&#13;<\/p>\n<li><strong>II Premio a los Mejores Naturales:<\/strong> para el torero salmantino <strong>Ismael Mart\u00edn<\/strong>, por su labor en la tarde del 13 de septiembre frente a un encierro de la ganader\u00eda de Vellosino.<\/li>\n<p>&#13;<\/p>\n<li><strong>I Premio al Mejor Encierro:<\/strong> para la ganader\u00eda salmantina de <strong>Garcigrande<\/strong>, por la corrida lidiada el pasado 14 de septiembre.<\/li>\n<p>&#13;\n<\/ul>\n<p>Finalmente, la VIII Menci\u00f3n Especial \u00abAlbero Charro\u00bb ha sido concedida a la <strong>Escuela de Tauromaquia de la Diputaci\u00f3n de Salamanca<\/strong> en reconocimiento a su <strong>40 aniversario<\/strong>. La instituci\u00f3n, un referente en la formaci\u00f3n de nuevos valores, fue fundada el 14 de febrero de 1985, comenzando su andadura con 23 alumnos y tres profesores. Los premios se entregar\u00e1n pr\u00f3ximamente en una gala taurina organizada por la asociaci\u00f3n.<\/p>\n","protected":false},"excerpt":{"rendered":"La Pe\u00f1a Cultural Taurina Albero Charro ha dado a conocer el fallo de sus tradicionales galardones correspondientes a&hellip;\n","protected":false},"author":2,"featured_media":194310,"comment_status":"","ping_status":"","sticky":false,"template":"","format":"standard","meta":{"footnotes":""},"categories":[277],"tags":[54064,373,168,25,24,712,532,3614,23,167,374],"class_list":{"0":"post-194309","1":"post","2":"type-post","3":"status-publish","4":"format-standard","5":"has-post-thumbnail","7":"category-toreo","8":"tag-albero-charro","9":"tag-bullfighting","10":"tag-deportes","11":"tag-es","12":"tag-espana","13":"tag-feria-taurina","14":"tag-premios","15":"tag-salamanca","16":"tag-spain","17":"tag-sports","18":"tag-toreo"},"share_on_mastodon":{"url":"https:\/\/pubeurope.com\/@es\/115419198455976357","error":""},"_links":{"self":[{"href":"https:\/\/www.europesays.com\/es\/wp-json\/wp\/v2\/posts\/194309","targetHints":{"allow":["GET"]}}],"collection":[{"href":"https:\/\/www.europesays.com\/es\/wp-json\/wp\/v2\/posts"}],"about":[{"href":"https:\/\/www.europesays.com\/es\/wp-json\/wp\/v2\/types\/post"}],"author":[{"embeddable":true,"href":"https:\/\/www.europesays.com\/es\/wp-json\/wp\/v2\/users\/2"}],"replies":[{"embeddable":true,"href":"https:\/\/www.europesays.com\/es\/wp-json\/wp\/v2\/comments?post=194309"}],"version-history":[{"count":0,"href":"https:\/\/www.europesays.com\/es\/wp-json\/wp\/v2\/posts\/194309\/revisions"}],"wp:featuredmedia":[{"embeddable":true,"href":"https:\/\/www.europesays.com\/es\/wp-json\/wp\/v2\/media\/194310"}],"wp:attachment":[{"href":"https:\/\/www.europesays.com\/es\/wp-json\/wp\/v2\/media?parent=194309"}],"wp:term":[{"taxonomy":"category","embeddable":true,"href":"https:\/\/www.europesays.com\/es\/wp-json\/wp\/v2\/categories?post=194309"},{"taxonomy":"post_tag","embeddable":true,"href":"https:\/\/www.europesays.com\/es\/wp-json\/wp\/v2\/tags?post=194309"}],"curies":[{"name":"wp","href":"https:\/\/api.w.org\/{rel}","templated":true}]}}