{"id":194335,"date":"2025-10-22T18:33:13","date_gmt":"2025-10-22T18:33:13","guid":{"rendered":"https:\/\/www.europesays.com\/es\/194335\/"},"modified":"2025-10-22T18:33:13","modified_gmt":"2025-10-22T18:33:13","slug":"nace-el-sistema-de-informacion-epidemiologica-del-cancer-en-espana","status":"publish","type":"post","link":"https:\/\/www.europesays.com\/es\/194335\/","title":{"rendered":"Nace el Sistema de Informaci\u00f3n Epidemiol\u00f3gica del C\u00e1ncer en Espa\u00f1a"},"content":{"rendered":"<p><strong>Redacci\u00f3n<br \/><\/strong>Producto de una colaboraci\u00f3n entre asociaciones e instituciones tanto estatales como auton\u00f3micas, se ha anunciado este mi\u00e9rcoles el primer <strong>Sistema de Informaci\u00f3n Epidemiol\u00f3gica del C\u00e1ncer en Espa\u00f1a<\/strong> (<strong>SIEC<\/strong>). Una herramienta que nace para mejorar el conocimiento sobre el impacto de esta enfermedad a nivel nacional, integrando de forma oficial y sistem\u00e1tica una serie de indicadores epidemiol\u00f3gicos actualizados sobre la carga del c\u00e1ncer tanto a nivel nacional como auton\u00f3mico.<\/p>\n<p>Entre otros, la incidencia mortalidad, prevalencia y supervivencia de los distintos tipos de c\u00e1ncer, pudiendo consultarse p\u00fablicamente y por desagregaci\u00f3n de sexo, edad, localizaci\u00f3n tumoral y comunidad, ha avanzado la integrante de la <strong>Escuela Andaluza de Salud P\u00fablica<\/strong> (<strong>EASP<\/strong>) y directora cient\u00edfica del IBS (Granada), <strong>Mar\u00eda Jos\u00e9 S\u00e1nchez P\u00e9rez<\/strong>.<\/p>\n<p><a class=\"gofollow\" data-track=\"MjQ5LDcyLDEsNjA=\" href=\"https:\/\/isanidad.com\/341108\/bases-reguladoras-modelo-memoria-iii-edicion-ayudas-investigacion-nutricion\/\" _blank=\"\" rel=\"nofollow noopener\" target=\"_blank\"><img decoding=\"async\" width=\"2310\" height=\"390\" src=\"data:image\/svg+xml,%3Csvg%20xmlns=\" http:=\"\" fetchpriority=\"high\" data-lazy-src=\"https:\/\/www.europesays.com\/es\/wp-content\/uploads\/2025\/10\/1761157993_34_Herbalife-III-Incrustado-en-noticia.gif\"\/><\/a><a class=\"gofollow\" data-track=\"MjQ5LDc0LDEsNjA=\" href=\"https:\/\/isanidad.com\/341108\/bases-reguladoras-modelo-memoria-iii-edicion-ayudas-investigacion-nutricion\/\" _blank=\"\" rel=\"nofollow noopener\" target=\"_blank\"><img loading=\"lazy\" decoding=\"async\" width=\"2310\" height=\"390\" src=\"data:image\/svg+xml,%3Csvg%20xmlns=\" http:=\"\" data-lazy-src=\"https:\/\/www.europesays.com\/es\/wp-content\/uploads\/2025\/10\/1761157993_34_Herbalife-III-Incrustado-en-noticia.gif\"\/><\/a><\/p>\n<p>\u201cSacar esta iniciativa es el primer paso de un largo recorrido de los pasos que tienen que darse (\u2026) para conseguir un registro de c\u00e1ncer en el pa\u00eds\u201d, ha subrayado el presidente de la <strong>Asociaci\u00f3n Espa\u00f1ola Contra el C\u00e1ncer<\/strong> (<strong><a href=\"https:\/\/colabora.contraelcancer.es\/home\" target=\"_blank\" rel=\"noopener nofollow\">AECC<\/a><\/strong>), <strong>Ram\u00f3n Reyes<\/strong>, recalcando que permitir\u00e1 conocer \u201cen profundidad\u201d el problema del c\u00e1ncer para poder abordarlo \u201ceficientemente\u201d.<\/p>\n<p>A la asociaci\u00f3n y la EASP se le suman en la materializaci\u00f3n de este proyecto el \u00e1rea de <strong>Epidemiolog\u00eda y Salud P\u00fablica del Centro de Investigaci\u00f3n Biom\u00e9dica en Red<\/strong> (<strong>Ciberesp<\/strong>), el <strong>Centro Nacional de Epidemiolog\u00eda del Instituto de Salud Carlos III<\/strong> (<strong>ISCIII<\/strong>), la <strong>Escuela Andaluza de Salud P\u00fablica <\/strong>(<strong>EASP<\/strong>) y la <strong>Red Espa\u00f1ola de Registros de C\u00e1ncer<\/strong> (<strong><a href=\"https:\/\/redecan.org\/es\" target=\"_blank\" rel=\"noopener nofollow\">Redecan<\/a><\/strong>).<\/p>\n<p>El presidente de la AECC ha manifestado que contar con datos homologables, fiables y transparentes a trav\u00e9s del SIEC servir\u00e1 para \u201chacer frente\u201d a las desigualdades que existen en Espa\u00f1a<\/p>\n<p>El portal, presentado durante un encuentro informativo en colaboraci\u00f3n con Europa Press, tambi\u00e9n ofrece factores modificables de riesgo y de protecci\u00f3n contra el c\u00e1ncer en base a la evidencia cient\u00edfica m\u00e1s actualizada, lo que pretende \u201cponer los datos al servicio de las personas\u201d.<\/p>\n<p>Por su parte, el miembro del Ciberes, <strong>Pablo Fern\u00e1ndez Navarro<\/strong>, ha explicado que este portal ofrece la posibilidad de consultar todos estos datos pueden ser visualizados de forma interactiva y combinados, lo que facilita su acceso y mejora la toma de decisiones.<\/p>\n<p>El presidente de la AECC ha manifestado que contar con datos homologables, fiables y transparentes servir\u00e1 para \u201chacer frente\u201d a las desigualdades que existen en Espa\u00f1a, donde los registros de c\u00e1ncer cubren al 30% de la poblaci\u00f3n, con provincias o comunidades sin datos, lo que es un \u201cproblema\u201d.<\/p>\n<p>\u201cDesde la asociaci\u00f3n nos parece impresentable que haya unas comunidades aut\u00f3nomas que no quieran dar datos. No lo podemos entender, porque los datos no son de las comunidades aut\u00f3nomas, son de los pacientes\u201d, ha expresado Reyes durante su intervenci\u00f3n.<\/p>\n<p><strong>Marcar\u00e1 \u201cun hito\u201d<\/strong><\/p>\n<p>La representante de la de la <strong>Agencia Internacional de Investigaci\u00f3n en C\u00e1ncer<\/strong> (<strong>IARC<\/strong>), organismo dependiente de la <strong>Organizaci\u00f3n Mundial de la Salud<\/strong> (<strong>OMS<\/strong>), <strong>Marion Pi\u00f1eros<\/strong>, ha afirmado que este sistema va a ser \u201cmuy importante\u201d y va a \u201cmarcar un hito\u201d, pues permitir\u00e1 tener una evidencia \u201cmuy clara\u201d sobre la incidencia a largo plazo, lo que permitir\u00e1 planificar mejor los recursos, las intervenciones y las acciones prioritarias, as\u00ed como evaluar lo realizado.<\/p>\n<p>\u201cEl lanzamiento del sistema es absolutamente importante (\u2026) Esta informaci\u00f3n debe servir al Ministerio de Sanidad para actualizar sus estrategias de c\u00e1ncer y hacer todo el seguimiento que se requiere\u201d, ha agregado.<\/p>\n<p>Respecto al consenso logrado a la hora de colaborar diversos actores, Reyes ha afirmado que el SIEC sirve para demostrar \u201ca la sociedad y, sobre todo, a la clase pol\u00edtica\u201d que los acuerdos son posibles cuando se trata de \u201celementos vitales\u201d para las personas, recordando que el c\u00e1ncer es la primera causa de muerte en Espa\u00f1a.<\/p>\n<p><strong>Una necesidad de los onc\u00f3logos<\/strong><\/p>\n<p>El presidente de la <strong>Sociedad Espa\u00f1ola de Oncolog\u00eda M\u00e9dica<\/strong> (<strong><a href=\"https:\/\/redecan.org\/es\" target=\"_blank\" rel=\"noopener nofollow\">SEOM<\/a><\/strong>), <strong>C\u00e9sar Rodr\u00edguez S\u00e1nchez<\/strong>, ha coincidido en que los cl\u00ednicos ten\u00edan la \u201cnecesidad\u201d de contar con este tipo de informaci\u00f3n, pues ahora se brindar\u00e1 la oportunidad de tener una herramienta \u201cmucho m\u00e1s amplia\u201d que incorpora mejoras respecto a la informaci\u00f3n disponible anteriormente.<\/p>\n<p>\u201cQue tengamos datos que puedan ser adaptados a la territorialidad va a ser muy importante\u201d, ha manifestado, y ha celebrado que servir\u00e1n para que la informaci\u00f3n sea m\u00e1s accesible, m\u00e1s comparable y m\u00e1s completa.<\/p>\n<p>El director de Servicio de Epidemiolog\u00eda y Prevenci\u00f3n del c\u00e1ncer Hospital Universitario San Juan de Reus y presidente de Redecan, <strong>Jaume Galceran<\/strong>, ha detallado que existen comunidades con registros completos o parciales, pero que desde que se inici\u00f3 Redecan en 2010 ya hay cuatro que \u201cno existen\u201d y otros \u201cdos o tres\u201d con problemas importantes.<\/p>\n<p>Aunque lo \u201cideal\u201d ser\u00eda contar con un registro nacional, ha considerado que \u201clo m\u00ednimo\u201d que se tendr\u00eda que asegurar es que cada comunidad tenga una cantidad suficiente de registros por provincias para realizar estimaciones \u201ccada vez m\u00e1s fiables\u201d.<\/p>\n<p>La directora del ISCIII, <strong>Marina Poll\u00e1n<\/strong>, ha destacado que el sistema se encuentra dirigido a toda la poblaci\u00f3n, pues una forma de luchar contra el c\u00e1ncer es que la ciudadan\u00eda conozca la situaci\u00f3n y \u201cse empodere\u201d, y que se trata de un avance \u201cmuy importante\u201d para aumentar la flexibilidad y la riqueza de los datos sobre el c\u00e1ncer.<\/p>\n<p><strong>Nodo central en Sanidad, datos auton\u00f3micos<\/strong><\/p>\n<p>La miembro del Centro de Coordinaci\u00f3n de Alertas y Emergencias Sanitarias del <strong>Ministerio de Sanidad<\/strong>, <strong>Pilar Soler Crespo<\/strong>, ha explicado que cada comunidad aut\u00f3noma desarrollar\u00e1 o ampliar\u00e1 sus sistemas de vigilancia, que servir\u00e1n de nutrir el nodo central que se ubicar\u00e1 en la sede de Sanidad.<\/p>\n<p>Asimismo, ha informado sobre la creaci\u00f3n de un comit\u00e9 t\u00e9cnico para coordinar a todos los actores implicados, y para que los diferentes indicadores se encuentren disponibles en cada autonom\u00eda para compararlos entre s\u00ed. Para ello, est\u00e1 pendiente un Real Decreto para marcar cu\u00e1ndo notificar, qu\u00e9 notificar y que marca como debe trabajar cada parte.<\/p>\n<p>Durante la jornada tambi\u00e9n ha intervenido el representante de pacientes en AECC, <strong>Ignacio Sanz<\/strong>, ha destacado que este sistema es una \u201cmaravilla\u201d para recoger los datos de los pacientes y para exponer las desigualdades por comunidades aut\u00f3nomas.<\/p>\n<p>\u201cEl paciente no puede entender que la tasa de supervivencia dependa de d\u00f3nde est\u00e1 siendo atendido. Esto es una reivindicaci\u00f3n b\u00e1sica. \u00bfMe est\u00e1s diciendo que yo, por estar aqu\u00ed, puede ser que me muera en tres a\u00f1os? Esta herramienta servir\u00e1 para poner de manifiesto estas desigualdades\u201d, ha declarado.<\/p>\n<p>En ese sentido, Sanz tambi\u00e9n ha se\u00f1alado que saber que existe un apoyo por parte de organizaciones que buscan progresar es \u201cfundamental\u201d, y que este lanzamiento transmite un mensaje de que existe una \u201cvoluntad\u201d y una \u201cimplicaci\u00f3n\u201d en la lucha contra el c\u00e1ncer.<\/p>\n","protected":false},"excerpt":{"rendered":"Redacci\u00f3nProducto de una colaboraci\u00f3n entre asociaciones e instituciones tanto estatales como auton\u00f3micas, se ha anunciado este mi\u00e9rcoles el&hellip;\n","protected":false},"author":2,"featured_media":194336,"comment_status":"","ping_status":"","sticky":false,"template":"","format":"standard","meta":{"footnotes":""},"categories":[92],"tags":[3297,44618,1066,25,24,165,26154,3613,54069,166,23],"class_list":{"0":"post-194335","1":"post","2":"type-post","3":"status-publish","4":"format-standard","5":"has-post-thumbnail","7":"category-salud","8":"tag-a1","9":"tag-aecc","10":"tag-cancer","11":"tag-es","12":"tag-espana","13":"tag-health","14":"tag-isciii","15":"tag-oncologia","16":"tag-redecan","17":"tag-salud","18":"tag-spain"},"share_on_mastodon":{"url":"https:\/\/pubeurope.com\/@es\/115419257505600383","error":""},"_links":{"self":[{"href":"https:\/\/www.europesays.com\/es\/wp-json\/wp\/v2\/posts\/194335","targetHints":{"allow":["GET"]}}],"collection":[{"href":"https:\/\/www.europesays.com\/es\/wp-json\/wp\/v2\/posts"}],"about":[{"href":"https:\/\/www.europesays.com\/es\/wp-json\/wp\/v2\/types\/post"}],"author":[{"embeddable":true,"href":"https:\/\/www.europesays.com\/es\/wp-json\/wp\/v2\/users\/2"}],"replies":[{"embeddable":true,"href":"https:\/\/www.europesays.com\/es\/wp-json\/wp\/v2\/comments?post=194335"}],"version-history":[{"count":0,"href":"https:\/\/www.europesays.com\/es\/wp-json\/wp\/v2\/posts\/194335\/revisions"}],"wp:featuredmedia":[{"embeddable":true,"href":"https:\/\/www.europesays.com\/es\/wp-json\/wp\/v2\/media\/194336"}],"wp:attachment":[{"href":"https:\/\/www.europesays.com\/es\/wp-json\/wp\/v2\/media?parent=194335"}],"wp:term":[{"taxonomy":"category","embeddable":true,"href":"https:\/\/www.europesays.com\/es\/wp-json\/wp\/v2\/categories?post=194335"},{"taxonomy":"post_tag","embeddable":true,"href":"https:\/\/www.europesays.com\/es\/wp-json\/wp\/v2\/tags?post=194335"}],"curies":[{"name":"wp","href":"https:\/\/api.w.org\/{rel}","templated":true}]}}