{"id":194349,"date":"2025-10-22T18:40:10","date_gmt":"2025-10-22T18:40:10","guid":{"rendered":"https:\/\/www.europesays.com\/es\/194349\/"},"modified":"2025-10-22T18:40:10","modified_gmt":"2025-10-22T18:40:10","slug":"el-jugador-nacional-semper-amplia-su-contrato-en-leipzig","status":"publish","type":"post","link":"https:\/\/www.europesays.com\/es\/194349\/","title":{"rendered":"El jugador nacional Semper ampl\u00eda su contrato en Leipzig"},"content":{"rendered":"<p>Franz Semper se queda en el SC DHfK Leipzig. El central ha ampliado su contrato con el colista de la Liga alemana de balonmano hasta 2028, seg\u00fan ha anunciado el club. El internacional pas\u00f3 toda su carrera profesional en Leipzig, aparte de un per\u00edodo de tres a\u00f1os en Flensburg de 2020 a 2023. El club no facilit\u00f3 informaci\u00f3n sobre otras modalidades de contrato con posibles cl\u00e1usulas de salida.<\/p>\n<p>\u00abLeipzig es mi casa deportiva. Aqu\u00ed crec\u00ed, aqu\u00ed jugu\u00e9 mis primeros partidos en la Bundesliga&#8230; y, por supuesto, quiero ayudarnos a continuar nuestro camino en los pr\u00f3ximos a\u00f1os\u00bb, dijo Semper. \u00abCreo firmemente en este equipo y en que al final tendremos recuerdos positivos de la temporada 2025\/26. Queremos dar el primer paso para ello el s\u00e1bado en Wuppertal.\u00bb <\/p>\n<p>El Leipzig tiene un punto tras nueve partidos de liga, pero alcanz\u00f3 los octavos de final en la Copa con una victoria a domicilio en el campo del Frisch Auf G\u00f6ppingen.<\/p>\n","protected":false},"excerpt":{"rendered":"Franz Semper se queda en el SC DHfK Leipzig. El central ha ampliado su contrato con el colista&hellip;\n","protected":false},"author":2,"featured_media":194350,"comment_status":"","ping_status":"","sticky":false,"template":"","format":"standard","meta":{"footnotes":""},"categories":[278],"tags":[376,168,25,24,375,23,167],"class_list":{"0":"post-194349","1":"post","2":"type-post","3":"status-publish","4":"format-standard","5":"has-post-thumbnail","7":"category-balonmano","8":"tag-balonmano","9":"tag-deportes","10":"tag-es","11":"tag-espana","12":"tag-handball","13":"tag-spain","14":"tag-sports"},"share_on_mastodon":{"url":"https:\/\/pubeurope.com\/@es\/115419285212352598","error":""},"_links":{"self":[{"href":"https:\/\/www.europesays.com\/es\/wp-json\/wp\/v2\/posts\/194349","targetHints":{"allow":["GET"]}}],"collection":[{"href":"https:\/\/www.europesays.com\/es\/wp-json\/wp\/v2\/posts"}],"about":[{"href":"https:\/\/www.europesays.com\/es\/wp-json\/wp\/v2\/types\/post"}],"author":[{"embeddable":true,"href":"https:\/\/www.europesays.com\/es\/wp-json\/wp\/v2\/users\/2"}],"replies":[{"embeddable":true,"href":"https:\/\/www.europesays.com\/es\/wp-json\/wp\/v2\/comments?post=194349"}],"version-history":[{"count":0,"href":"https:\/\/www.europesays.com\/es\/wp-json\/wp\/v2\/posts\/194349\/revisions"}],"wp:featuredmedia":[{"embeddable":true,"href":"https:\/\/www.europesays.com\/es\/wp-json\/wp\/v2\/media\/194350"}],"wp:attachment":[{"href":"https:\/\/www.europesays.com\/es\/wp-json\/wp\/v2\/media?parent=194349"}],"wp:term":[{"taxonomy":"category","embeddable":true,"href":"https:\/\/www.europesays.com\/es\/wp-json\/wp\/v2\/categories?post=194349"},{"taxonomy":"post_tag","embeddable":true,"href":"https:\/\/www.europesays.com\/es\/wp-json\/wp\/v2\/tags?post=194349"}],"curies":[{"name":"wp","href":"https:\/\/api.w.org\/{rel}","templated":true}]}}