{"id":194351,"date":"2025-10-22T18:41:10","date_gmt":"2025-10-22T18:41:10","guid":{"rendered":"https:\/\/www.europesays.com\/es\/194351\/"},"modified":"2025-10-22T18:41:10","modified_gmt":"2025-10-22T18:41:10","slug":"fira-onda-la-fira-donda-supera-el-ecuador-con-una-maraton-de-toros-teatro-y-rumbas","status":"publish","type":"post","link":"https:\/\/www.europesays.com\/es\/194351\/","title":{"rendered":"FIRA, ONDA, La Fira d&#8217;Onda supera el ecuador con una marat\u00f3n de toros, teatro y rumbas"},"content":{"rendered":"<p class=\"ft-text\">La <a class=\"ft-link ft-link--decoration\" href=\"https:\/\/www.elperiodicomediterraneo.com\/tags\/fira-d-onda\/\" rel=\"nofollow noopener\" target=\"_blank\">Fira d\u2019Onda 2025 <\/a>ha llegado este mi\u00e9rcoles a su ecuador con una jornada que ha llenado las calles de ambiente festivo. Desde primera hora, el recinto taurino ha congregado a numerosos aficionados, con la exhibici\u00f3n y prueba de dos toros por la ma\u00f1ana y otros cuatro por la tarde.<\/p>\n<p class=\"ft-text\">Precisamente, el primero de los astados, Hostelero, de la ganader\u00eda <strong>Daniel Ramos Alfonso<\/strong> y patrocinado por la <strong>ACT Pe\u00f1a Recorte<\/strong>, ha alcanzado en la zona de la U del Raval a un hombre de 36 a\u00f1os, que result\u00f3 herido. Seg\u00fan testigos, el hombre fue alcanzado en el brazo por el animal en el momento de ejecutar un recorte, sufriendo una cornada. Pese al impacto, el hombre pudo dirigirse por su propio pie al puesto sanitario ubicado en el recinto taurino. Posteriormente, fue trasladado al<strong> Hospital de la Plana<\/strong>, para ser atendido de las lesiones. Posteriormente soltaron otro ejemplar de la ganader\u00eda Pe\u00f1ajara de Casta Jijona, patrocinado por<strong> Aficionats al Bou<\/strong>.<\/p>\n<p>Otras actividades<\/p>\n<p class=\"ft-text\">Al mismo tiempo, el parque infantil junto al pabell\u00f3n V\u00edctor Cabedo tambi\u00e9n ha sido el epicentro de las risas y juegos de decenas de familias que disfrutaron de hinchables y actividades pensadas para los m\u00e1s peque\u00f1os. Por la tarde, el Teatro M\u00f3naco ha colgado el cartel de completo con Dotora 2.0 Professional, de<strong> La Tia Vicentica<\/strong>.<\/p>\n<p class=\"ft-text\">La jornada ha culminado en la Tasca del Tord con el <strong>X Festival de Rumbas, Sevillanas y Flamenco Pop Onda Rumbera<\/strong>, una de las citas m\u00e1s esperadas de la Fira que se consolida con su X edici\u00f3n. Los grupos De Calle, Los Makis, D\u2019Jaleo y Desde Dentro hicieron bailar a numerosas personas al ritmo del mejor flamenco pop, llenando de comp\u00e1s la noche del mi\u00e9rcoles.<\/p>\n","protected":false},"excerpt":{"rendered":"La Fira d\u2019Onda 2025 ha llegado este mi\u00e9rcoles a su ecuador con una jornada que ha llenado las&hellip;\n","protected":false},"author":2,"featured_media":194352,"comment_status":"","ping_status":"","sticky":false,"template":"","format":"standard","meta":{"footnotes":""},"categories":[277],"tags":[373,7312,168,54070,2622,25,24,8483,8597,23906,23,167,5378,1651,374,444],"class_list":{"0":"post-194351","1":"post","2":"type-post","3":"status-publish","4":"format-standard","5":"has-post-thumbnail","7":"category-toreo","8":"tag-bullfighting","9":"tag-comarcas","10":"tag-deportes","11":"tag-donda","12":"tag-ecuador","13":"tag-es","14":"tag-espana","15":"tag-fira","16":"tag-fira-d","17":"tag-maraton","18":"tag-spain","19":"tag-sports","20":"tag-supera","21":"tag-teatro","22":"tag-toreo","23":"tag-toros"},"share_on_mastodon":{"url":"https:\/\/pubeurope.com\/@es\/115419289301270018","error":""},"_links":{"self":[{"href":"https:\/\/www.europesays.com\/es\/wp-json\/wp\/v2\/posts\/194351","targetHints":{"allow":["GET"]}}],"collection":[{"href":"https:\/\/www.europesays.com\/es\/wp-json\/wp\/v2\/posts"}],"about":[{"href":"https:\/\/www.europesays.com\/es\/wp-json\/wp\/v2\/types\/post"}],"author":[{"embeddable":true,"href":"https:\/\/www.europesays.com\/es\/wp-json\/wp\/v2\/users\/2"}],"replies":[{"embeddable":true,"href":"https:\/\/www.europesays.com\/es\/wp-json\/wp\/v2\/comments?post=194351"}],"version-history":[{"count":0,"href":"https:\/\/www.europesays.com\/es\/wp-json\/wp\/v2\/posts\/194351\/revisions"}],"wp:featuredmedia":[{"embeddable":true,"href":"https:\/\/www.europesays.com\/es\/wp-json\/wp\/v2\/media\/194352"}],"wp:attachment":[{"href":"https:\/\/www.europesays.com\/es\/wp-json\/wp\/v2\/media?parent=194351"}],"wp:term":[{"taxonomy":"category","embeddable":true,"href":"https:\/\/www.europesays.com\/es\/wp-json\/wp\/v2\/categories?post=194351"},{"taxonomy":"post_tag","embeddable":true,"href":"https:\/\/www.europesays.com\/es\/wp-json\/wp\/v2\/tags?post=194351"}],"curies":[{"name":"wp","href":"https:\/\/api.w.org\/{rel}","templated":true}]}}