{"id":194353,"date":"2025-10-22T18:42:10","date_gmt":"2025-10-22T18:42:10","guid":{"rendered":"https:\/\/www.europesays.com\/es\/194353\/"},"modified":"2025-10-22T18:42:10","modified_gmt":"2025-10-22T18:42:10","slug":"dustin-poirier-elogia-el-impacto-de-conor-mcgregor-en-las-mma","status":"publish","type":"post","link":"https:\/\/www.europesays.com\/es\/194353\/","title":{"rendered":"Dustin Poirier elogia el impacto de Conor McGregor en las MMA"},"content":{"rendered":"<p><img post-id=\"62781\" fifu-featured=\"1\" width=\"780\" height=\"439\" src=\"https:\/\/www.europesays.com\/es\/wp-content\/uploads\/2025\/10\/Dustin-Poirier-Praises-Conor-McGregor-.png\" class=\"attachment-featured-image size-featured-image wp-post-image\" alt=\"Dustin Poirier elogia el impacto de Conor McGregor en las MMA\" title=\"Dustin Poirier elogia el impacto de Conor McGregor en las MMA\"   decoding=\"async\" fetchpriority=\"high\"\/><\/p>\n<p>\t\t\t\t\t\t\t\tGetty\t\t\t\t\t\t\t<\/p>\n<p>Dustin Poirier elogia a Conor McGregor<\/p>\n<p>Dustin Poirier elogi\u00f3 recientemente <a rel=\"nofollow noopener\" href=\"https:\/\/heavy.com\/tag\/conor-mcgregor\/\" target=\"_blank\">Conor McGregor<\/a>El innegable impacto de MMA y el <a rel=\"nofollow noopener\" href=\"https:\/\/heavy.com\/tag\/ufc\/\" target=\"_blank\">UFC<\/a>. Destac\u00f3 c\u00f3mo el irland\u00e9s se destac\u00f3 en m\u00faltiples \u00e1reas y cambi\u00f3 la forma en que los aficionados ven el deporte.<\/p>\n<p>Poirier y McGregor tienen una larga historia juntos. Su rivalidad era intensa y, a menudo, se volv\u00eda personal. Se enfrentaron tres veces, y dos peleas se ubicaron entre las tasas de compra de PPV m\u00e1s altas en la historia de UFC.<\/p>\n<p>McGregor gan\u00f3 su primera pelea en 2014 por nocaut t\u00e9cnico. Esa pelea se disput\u00f3 en peso pluma. A\u00f1os m\u00e1s tarde, Poirier se veng\u00f3 de su derrota por nocaut t\u00e9cnico en el segundo asalto en su revancha.<\/p>\n<p>La revancha se disput\u00f3 en peso ligero y prepar\u00f3 el escenario para su pelea de trilog\u00eda m\u00e1s adelante ese a\u00f1o. En esa pelea, McGregor sufri\u00f3 un <a rel=\"nofollow noopener\" href=\"https:\/\/heavy.com\/sports\/ufc\/on-this-day-conor-mcgregor-injury\/\" target=\"_blank\">horrible lesi\u00f3n en la pierna<\/a> al final de la primera ronda. No pudo continuar, d\u00e1ndole la victoria a Poirier por parada m\u00e9dica.<\/p>\n<p>McGregor no ha peleado desde entonces, pero ha expresado p\u00fablicamente inter\u00e9s en regresar al evento de la Casa Blanca.<\/p>\n<p>Durante una entrevista con <a rel=\"nofollow noopener\" href=\"https:\/\/casinobeats.com\/\" target=\"_blank\">CasinoBeats<\/a>Poirier dej\u00f3 de lado su rivalidad y reconoci\u00f3 el legado de McGregor. Admiraba c\u00f3mo el irland\u00e9s predijo los resultados de las peleas y cumpli\u00f3 sus promesas.<\/p>\n<p>\u00abNunca hemos visto una estrella de esa magnitud en UFC, que respaldar\u00eda lo que dice que va a hacer. Qui\u00e9n tomar\u00eda las decisiones, las habilidades con el micr\u00f3fono, el luchador que era. Fue simplemente una tormenta perfecta\u00bb, dijo Poirier. \u00abCampe\u00f3n mundial en dos divisiones. Muchas veces hizo lo que dijo que iba a hacer\u00bb.<\/p>\n<p>Dustin Poirier dice que nadie superar\u00e1 el poder estelar de Conor McGregor<\/p>\n<p><a rel=\"nofollow noopener\" href=\"https:\/\/heavy.com\/sports\/ufc\/bruce-buffer-dustin-poirier-bud-light\/\" target=\"_blank\">Daniel Poirier<\/a> Tambi\u00e9n comparti\u00f3 sus pensamientos sobre si alguien puede superar el poder estelar de McGregor. Seg\u00fan \u00e9l, los fan\u00e1ticos sintonizaron con algo m\u00e1s que la capacidad de lucha del irland\u00e9s.<\/p>\n<p>Varios luchadores se han convertido en nombres muy conocidos en los \u00faltimos a\u00f1os. A los luchadores les gusta <a rel=\"nofollow noopener\" href=\"https:\/\/heavy.com\/sports\/ufc\/joe-rogan-jon-jones-alex-pereira\/\" target=\"_blank\">Alex Pereira<\/a>, <a rel=\"nofollow noopener\" href=\"https:\/\/www.ufc.com\/athlete\/israel-adesanya\" target=\"_blank\">Israel Adesanya<\/a>y <a rel=\"nofollow noopener\" href=\"https:\/\/www.ufc.com\/athlete\/ilia-topuria\" target=\"_blank\">Ilia Topuria<\/a> destacar. A\u00fan as\u00ed, ninguno de ellos ha superado los r\u00e9cords de tasa de compra de PPV de McGregor.<\/p>\n<p>Poirier explic\u00f3 que el carisma, las habilidades y la confianza de McGregor se tradujeron en <a rel=\"nofollow noopener\" href=\"https:\/\/en.wikipedia.org\/wiki\/Conor_McGregor#Pay-per-view_bouts\" target=\"_blank\">ventas masivas de pago por evento<\/a>. Era un luchador polarizador que ten\u00eda fan\u00e1ticos que lo apoyaban o que quer\u00edan presenciar su ca\u00edda.<\/p>\n<p>\u201c[McGregor] hizo que la gente quisiera sintonizarlo para verlo pelear, ya sea que estuvieras comprando el PPV para verlo ganar, o que estuvieras contra \u00e9l y lo compraste para verlo perder\u00bb, dijo Poirier a CasinoBeats. \u00abNo s\u00e9 si alguna vez volveremos a ver otra estrella tan grande en el UFC\u00bb.<\/p>\n<p>Poirier comparte predicci\u00f3n para una posible pelea entre McGregor y Michael Chandler<\/p>\n<p>Poirier tambi\u00e9n dio su predicci\u00f3n sobre un posible Conor McGregor vs. <a rel=\"nofollow noopener\" href=\"https:\/\/heavy.com\/sports\/ufc\/phorm-energy-partners-ufc-michael-chandler\/\" target=\"_blank\">Michael Chandler<\/a> luchar. La pelea se ha discutido durante a\u00f1os y podr\u00eda convertirse en realidad en la Casa Blanca.<\/p>\n<p>Chandler est\u00e1 actualmente en una racha perdedora. Mientras tanto, McGregor no ha peleado desde su lesi\u00f3n contra Poirier en 2021.<\/p>\n<p>A pesar del descanso, Poirier ve la pelea como un enfrentamiento favorable para McGregor. Ha peleado y derrotado a ambos luchadores y cree que el irland\u00e9s levanta la mano.<\/p>\n<p>\u00abEse es un gran enfrentamiento estil\u00edsticamente. Una pelea es una pelea, as\u00ed que cualquier cosa puede pasar. Pero s\u00ed creo que Conor noquear\u00e1 a Chandler si pelean\u00bb, dijo Poirier a CasinoBeats. \u00abCreo que es un enfrentamiento muy malo para Michael Chandler\u00bb.<\/p>\n","protected":false},"excerpt":{"rendered":"Getty Dustin Poirier elogia a Conor McGregor Dustin Poirier elogi\u00f3 recientemente Conor McGregorEl innegable impacto de MMA y&hellip;\n","protected":false},"author":2,"featured_media":194354,"comment_status":"","ping_status":"","sticky":false,"template":"","format":"standard","meta":{"footnotes":""},"categories":[276],"tags":[168,25,24,23,167,343],"class_list":{"0":"post-194353","1":"post","2":"type-post","3":"status-publish","4":"format-standard","5":"has-post-thumbnail","7":"category-ufc","8":"tag-deportes","9":"tag-es","10":"tag-espana","11":"tag-spain","12":"tag-sports","13":"tag-ufc"},"share_on_mastodon":{"url":"https:\/\/pubeurope.com\/@es\/115419293082391756","error":""},"_links":{"self":[{"href":"https:\/\/www.europesays.com\/es\/wp-json\/wp\/v2\/posts\/194353","targetHints":{"allow":["GET"]}}],"collection":[{"href":"https:\/\/www.europesays.com\/es\/wp-json\/wp\/v2\/posts"}],"about":[{"href":"https:\/\/www.europesays.com\/es\/wp-json\/wp\/v2\/types\/post"}],"author":[{"embeddable":true,"href":"https:\/\/www.europesays.com\/es\/wp-json\/wp\/v2\/users\/2"}],"replies":[{"embeddable":true,"href":"https:\/\/www.europesays.com\/es\/wp-json\/wp\/v2\/comments?post=194353"}],"version-history":[{"count":0,"href":"https:\/\/www.europesays.com\/es\/wp-json\/wp\/v2\/posts\/194353\/revisions"}],"wp:featuredmedia":[{"embeddable":true,"href":"https:\/\/www.europesays.com\/es\/wp-json\/wp\/v2\/media\/194354"}],"wp:attachment":[{"href":"https:\/\/www.europesays.com\/es\/wp-json\/wp\/v2\/media?parent=194353"}],"wp:term":[{"taxonomy":"category","embeddable":true,"href":"https:\/\/www.europesays.com\/es\/wp-json\/wp\/v2\/categories?post=194353"},{"taxonomy":"post_tag","embeddable":true,"href":"https:\/\/www.europesays.com\/es\/wp-json\/wp\/v2\/tags?post=194353"}],"curies":[{"name":"wp","href":"https:\/\/api.w.org\/{rel}","templated":true}]}}