{"id":194361,"date":"2025-10-22T18:47:10","date_gmt":"2025-10-22T18:47:10","guid":{"rendered":"https:\/\/www.europesays.com\/es\/194361\/"},"modified":"2025-10-22T18:47:10","modified_gmt":"2025-10-22T18:47:10","slug":"el-casademont-zaragoza-resurge-y-asalta-la-pista-del-subcampeon-de-europa","status":"publish","type":"post","link":"https:\/\/www.europesays.com\/es\/194361\/","title":{"rendered":"El Casademont Zaragoza resurge y asalta la pista del subcampe\u00f3n de Europa"},"content":{"rendered":"<p>            El Casademont Zaragoza resurge y asalta la pista del subcampe\u00f3n de Europa                <\/p>\n<p>El Casademont Zaragoza resurge y asalta la pista del subcampe\u00f3n de Europa<\/p>\n<p class=\"epigraph\">El equipo aragon\u00e9s, en un nuevo ejercicio de paciencia, capacidad de sufrimiento y acierto, vence al Mersin 72-79 un partido igualad\u00edsimo. Leite, Pueyo y Gueye lideraron a las de Cantero en Turqu\u00eda.<\/p>\n<p class=\"paragraph\">No hay muchos lugares m\u00e1s propicios para levantarse tras dos tropezones consecutivos que el pabell\u00f3n del subcampe\u00f3n de Europa.<b> El Casademont Zaragoza se levant\u00f3 este mi\u00e9rcoles en el Servet Tazegul Spor Salonu de Turqu\u00eda<\/b> y volvi\u00f3 a demostrar al Viejo Continente el equipo que es con un <b><a href=\"https:\/\/www.heraldo.es\/noticias\/deportes\/2025\/10\/22\/partido-mersin-casademont-zaragoza-en-directo-1864045.html\" title=\"Partido Mersin-Casademont Zaragoza, en directo\" rel=\"nofollow noopener\" target=\"_blank\">gran triunfo sobre el Mersin 72-79<\/a><\/b>. Fue una victoria cocida a fuego lento, con paciencia, capacidad de sufrimiento y un acierto devastador cuando m\u00e1s lo requer\u00eda el encuentro. Porque la mayor parte del mismo, las de Cantero fueron a contracorriente en el marcador.<\/p>\n<p>            Conforme a los criterios de<br \/>\n            <a class=\"trustproject_img\" id=\"trustproject_img\" href=\"https:\/\/thetrustproject.org\/\" target=\"_blank\" rel=\"nofollow noopener\" aria-label=\"Trust Project\"><img decoding=\"async\" loading=\"lazy\" src=\"https:\/\/www.heraldo.es\/images\/Trust-Logo-Horizontal.svg\" alt=\"Logo Trust Project\" width=\"200\" height=\"34\"\/><\/a><\/p>\n<p>                <img decoding=\"async\" loading=\"lazy\" src=\"https:\/\/www.europesays.com\/es\/wp-content\/uploads\/2025\/07\/javier-olivan-lazaro.jpeg\" class=\"author-image\" width=\"120\" height=\"120\" alt=\"Javier Oliv\u00e1n L\u00e1zaro\"\/><\/p>\n<p>        <a href=\"https:\/\/www.henneo.com\/\" title=\"Grupo Henneo\" class=\"logo\" rel=\"nofollow noopener\" target=\"_blank\"><br \/>\n            <img decoding=\"async\" src=\"https:\/\/www.heraldo.es\/images\/logo_henneo_gris.svg\" alt=\"Logo Henneo\" width=\"559\" height=\"389\" loading=\"lazy\"\/><br \/>\n        <\/a><\/p>\n<p>\u00a9 HERALDO DE ARAGON EDITORA, S.L.U.<br \/>Tel\u00e9fono 976 765 000 \/ &#8211; P\u00ba. Independencia, 29, 50001 Zaragoza &#8211; CIF: B99288763 &#8211; Inscrita en el Registro Mercantil de Zaragoza al Tomo 3796, Libro 0, Folio 177, Secci\u00f3n 8, Hoja Z-50564<br \/>Queda prohibida toda reproducci\u00f3n sin permiso escrito de la empresa a los efectos del art\u00edculo 32.1, p\u00e1rrafo segundo, de la Ley de Propiedad Intelectual<\/p>\n<p>\n                P\u00ba Independencia, 29, 50001 Zaragoza<br \/> Tel\u00e9fono 976 765 000\n            <\/p>\n<p>                    Actualmente tu navegador no permite ejecutar JavaScript. Para poder disfrutar de nuestro contenido es necesario que lo permita.<br \/>\n                                        <img decoding=\"async\" loading=\"lazy\" alt=\"Heraldo logo\" src=\"https:\/\/dkumiip2e9ary.cloudfront.net\/xalok\/heraldo\/especiales\/hola-de-nuevo\/logo-heraldo.svg\" width=\"215\" height=\"43\"\/><\/p>\n","protected":false},"excerpt":{"rendered":"El Casademont Zaragoza resurge y asalta la pista del subcampe\u00f3n de Europa El Casademont Zaragoza resurge y asalta&hellip;\n","protected":false},"author":2,"featured_media":194362,"comment_status":"","ping_status":"","sticky":false,"template":"","format":"standard","meta":{"footnotes":""},"categories":[269],"tags":[299,298,2511,168,25,24,700,53420,23,167,15581,491],"class_list":{"0":"post-194361","1":"post","2":"type-post","3":"status-publish","4":"format-standard","5":"has-post-thumbnail","7":"category-baloncesto","8":"tag-baloncesto","9":"tag-basketball","10":"tag-casademont","11":"tag-deportes","12":"tag-es","13":"tag-espana","14":"tag-europa","15":"tag-resurge","16":"tag-spain","17":"tag-sports","18":"tag-subcampeon","19":"tag-zaragoza"},"share_on_mastodon":{"url":"https:\/\/pubeurope.com\/@es\/115419312899686242","error":""},"_links":{"self":[{"href":"https:\/\/www.europesays.com\/es\/wp-json\/wp\/v2\/posts\/194361","targetHints":{"allow":["GET"]}}],"collection":[{"href":"https:\/\/www.europesays.com\/es\/wp-json\/wp\/v2\/posts"}],"about":[{"href":"https:\/\/www.europesays.com\/es\/wp-json\/wp\/v2\/types\/post"}],"author":[{"embeddable":true,"href":"https:\/\/www.europesays.com\/es\/wp-json\/wp\/v2\/users\/2"}],"replies":[{"embeddable":true,"href":"https:\/\/www.europesays.com\/es\/wp-json\/wp\/v2\/comments?post=194361"}],"version-history":[{"count":0,"href":"https:\/\/www.europesays.com\/es\/wp-json\/wp\/v2\/posts\/194361\/revisions"}],"wp:featuredmedia":[{"embeddable":true,"href":"https:\/\/www.europesays.com\/es\/wp-json\/wp\/v2\/media\/194362"}],"wp:attachment":[{"href":"https:\/\/www.europesays.com\/es\/wp-json\/wp\/v2\/media?parent=194361"}],"wp:term":[{"taxonomy":"category","embeddable":true,"href":"https:\/\/www.europesays.com\/es\/wp-json\/wp\/v2\/categories?post=194361"},{"taxonomy":"post_tag","embeddable":true,"href":"https:\/\/www.europesays.com\/es\/wp-json\/wp\/v2\/tags?post=194361"}],"curies":[{"name":"wp","href":"https:\/\/api.w.org\/{rel}","templated":true}]}}