{"id":194375,"date":"2025-10-22T18:54:17","date_gmt":"2025-10-22T18:54:17","guid":{"rendered":"https:\/\/www.europesays.com\/es\/194375\/"},"modified":"2025-10-22T18:54:17","modified_gmt":"2025-10-22T18:54:17","slug":"me-atascaba-antes-de-hablar-con-el","status":"publish","type":"post","link":"https:\/\/www.europesays.com\/es\/194375\/","title":{"rendered":"Me atascaba antes de hablar con \u00e9l"},"content":{"rendered":"<p data-journey-content=\"true\" data-node-id=\"3\" class=\"css-6wxqfj emevuu60\">En la industria cinematogr\u00e1fica de los a\u00f1os 80 y 90, <strong data-node-id=\"3.1\">las fronteras entre el cine comercial y las de autor eran m\u00e1s fr\u00e1giles que hoy.<\/strong> Actores que ya hab\u00edan alcanzado el estatus de leyenda pod\u00edan permitirse participar en proyectos menos orientados a taquilla, explorando personajes complejos o acompa\u00f1ando a talentos emergentes en pel\u00edculas corales. Jack Nicholson comparti\u00f3 pantalla con un jovenc\u00edsimo Leonardo DiCaprio en &#8216;Infiltrados&#8217;; Meryl Streep coincidi\u00f3 con Claire Danes en &#8216;Las horas&#8217;; y Al Pacino se rode\u00f3 de un elenco mixto de veteranos y nuevos rostros en &#8216;Heat&#8217;. Eran d\u00e9cadas en las que una misma producci\u00f3n pod\u00eda reunir a iconos consagrados y a int\u00e9rpretes que empezaban a hacerse un nombre, creando cruces generacionales que lograban crear algunos de los que consideramos <a href=\"https:\/\/www.cosmopolitan.com\/es\/consejos-planes\/familia-amigos\/a36726620\/mejores-peliculas-clasicas-historia\/\" data-vars-ga-outbound-link=\"https:\/\/www.cosmopolitan.com\/es\/consejos-planes\/familia-amigos\/a36726620\/mejores-peliculas-clasicas-historia\/\" data-vars-ga-ux-element=\"Hyperlink\" data-vars-ga-call-to-action=\"cl\u00e1sicos del cine\" data-node-id=\"3.3\" class=\"body-link css-103hk4r emevuu60\" rel=\"nofollow noopener\" target=\"_blank\">cl\u00e1sicos del cine<\/a>.<\/p>\n<p data-journey-content=\"true\" data-node-id=\"6\" class=\"css-6wxqfj emevuu60\">En ese contexto <strong data-node-id=\"6.1\">se cruzaron los caminos de Robert De Niro y Minnie Driver. <\/strong>Para mediados de los 90, <strong data-node-id=\"6.3\">De Niro ya era una figura indiscutible: hab\u00eda ganado dos premios Oscar y <\/strong>hab\u00eda trabajado con Martin Scorsese en cl\u00e1sicos como &#8216;Toro salvaje&#8217; <a href=\"https:\/\/www.cosmopolitan.com\/es\/entretenimiento-cultura\/a66120630\/jodie-foster-robert-de-niro-martin-scorsese-taxi-driver\/\" data-vars-ga-outbound-link=\"https:\/\/www.cosmopolitan.com\/es\/entretenimiento-cultura\/a66120630\/jodie-foster-robert-de-niro-martin-scorsese-taxi-driver\/\" data-vars-ga-ux-element=\"Hyperlink\" data-vars-ga-call-to-action=\"&#039;Taxi Driver&#039;\" data-node-id=\"6.5\" class=\"body-link css-103hk4r emevuu60\" rel=\"nofollow noopener\" target=\"_blank\">&#8216;Taxi Driver&#8217;<\/a> o &#8216;Uno de los nuestros&#8217;, y se hab\u00eda consolidado como uno de los actores m\u00e1s respetados de su generaci\u00f3n.<strong data-node-id=\"6.7\"> Minnie <\/strong><strong data-node-id=\"6.8\">Driver, por su parte, era una actriz brit\u00e1nica en ascenso:<\/strong> tras destacar en &#8216;C\u00edrculo de amigos&#8217; (1995), comenz\u00f3 a atraer la atenci\u00f3n de Hollywood gracias a su talento y a una presencia muy natural. Fue <strong data-node-id=\"6.10\">en 1996 cuando ambos coincidieron en el rodaje de &#8216;Sleepers&#8217;,<\/strong> un intenso drama judicial basado en hechos reales, dirigido por Barry Levinson.<\/p>\n<p><img draggable=\"true\" alt=\"photocall: robert de niro and billy crystal (photo by jeremy bembaron\/sygma\/sygma via getty images)\" title=\"PHOTOCALL: ROBERT DE NIRO AND BILLY CRYSTAL\" loading=\"lazy\" width=\"2048\" height=\"3072\" decoding=\"async\" data-nimg=\"1\" style=\"color:transparent;width:100%;height:auto;\"   src=\"https:\/\/www.europesays.com\/es\/wp-content\/uploads\/2025\/10\/gettyimages-612609110-68e93e6d9a330.jpg\" class=\"css-0 e1g79fud0\"\/><\/p>\n<p>Jeremy Bembaron\/\/Getty Images<\/p>\n<p><img draggable=\"true\" alt=\"minnie driver during sleepers los angeles premiere at manns bruin theater in westwood, california, united states. (photo by ron galella\/ron galella collection via getty images)\" title=\"&amp;quot;Sleepers&amp;quot; Los Angeles Premiere\" loading=\"lazy\" width=\"2180\" height=\"3000\" decoding=\"async\" data-nimg=\"1\" style=\"color:transparent;width:100%;height:auto;\"   src=\"https:\/\/www.europesays.com\/es\/wp-content\/uploads\/2025\/10\/gettyimages-112060523-68e93ec44d48c.jpg\" class=\"css-0 e1g79fud0\"\/><\/p>\n<p>Ron Galella\/\/Getty Images<\/p>\n<p data-journey-content=\"true\" data-node-id=\"9\" class=\"css-6wxqfj emevuu60\">La citada producci\u00f3n no era una pel\u00edcula cualquiera. Con un reparto que inclu\u00eda a Brad Pitt, Dustin Hoffman, Jason Patric y Kevin Bacon, <strong data-node-id=\"9.1\">la cinta abordaba temas delicados como el abuso y la justicia desde una perspectiva sombr\u00eda y adulta.<\/strong> A diferencia de muchas producciones corales actuales, esta obra no s\u00f3lo buscaba simplemente reunir nombres famosos, sino tambi\u00e9n crear un mosaico de personajes donde cada uno (ya fuera una estrella consagrada o una joven promesa) tuviera un lugar significativo. La pel\u00edcula combinaba el pulso narrativo del &#8216;thriller&#8217; con una dimensi\u00f3n moral muy compleja, y eso la diferenciaba del cine de entretenimiento m\u00e1s convencional de la misma \u00e9poca.<\/p>\n<p><img draggable=\"true\" alt=\"british actress minnie driver, wearing a midnight blue evening gown with an evening wrap, attends the los angeles gala premiere of evita, at the shrine auditorium in los angeles, california, 14th december 1996. (photo by vinnie zuffante\/getty images)\" title=\"&amp;apos;Evita&amp;apos; Los Angeles Gala Premiere\" loading=\"lazy\" width=\"3717\" height=\"5550\" decoding=\"async\" data-nimg=\"1\" style=\"color:transparent;width:100%;height:auto;\"   src=\"https:\/\/www.europesays.com\/es\/wp-content\/uploads\/2025\/10\/gettyimages-2173916971-68e93ef62adcb.jpg\" class=\"css-0 e1g79fud0\"\/><\/p>\n<p>Vinnie Zuffante\/\/Getty Images<\/p>\n<p data-journey-content=\"true\" data-node-id=\"14\" class=\"css-6wxqfj emevuu60\">En <a href=\"https:\/\/www.youtube.com\/watch?v=m7kFx56SWzs&amp;t=65s\" target=\"_blank\" rel=\"nofollow noopener\" data-vars-ga-outbound-link=\"https:\/\/www.youtube.com\/watch?v=m7kFx56SWzs&amp;t=65s\" data-vars-ga-ux-element=\"Hyperlink\" data-vars-ga-call-to-action=\"una entrevista de 2022 en &#039;The Jonathan Ross Show\" data-node-id=\"14.1\" class=\"body-link css-103hk4r emevuu60\">una entrevista de 2022 en &#8216;The Jonathan Ross Show<\/a>&#8216;, Minnie Driver record\u00f3 su experiencia compartiendo escena con De Niro. Cont\u00f3 que, en un momento del rodaje, su personaje no ten\u00eda di\u00e1logo, pero el actor decidi\u00f3 cederle una de sus propias l\u00edneas: <strong data-node-id=\"14.3\">\u00abFue un poco como recibir la comuni\u00f3n o la versi\u00f3n actoral de la comuni\u00f3n.<\/strong> Me dijo: &#8216;Quiero que est\u00e9s en la escena'\u00bb. Driver tambi\u00e9n confes\u00f3 que no sab\u00eda c\u00f3mo dirigirse a \u00e9l, pues todos lo llamaban Bob, algo que a ella le parec\u00eda imposible; pero tampoco pod\u00eda decirle &#8216;Mr. De Niro&#8217; porque hab\u00eda o\u00eddo que as\u00ed llamaban a su padre. Nerviosa, acab\u00f3 tartamudeando una sencilla pregunta sobre si iban a ensayar antes de comer: <strong data-node-id=\"14.5\">\u00abMe atascaba antes de hablar con \u00e9l\u00bb. <\/strong>Al terminar el rodaje, De Niro <strong data-node-id=\"14.7\">le regal\u00f3 una enorme caja de pastillas para la garganta<\/strong> y le dijo con su caracter\u00edstico tono seco: \u00abEspero que soluciones esa tos, porque es mala para ti\u00bb.<\/p>\n<p><img draggable=\"true\" alt=\"281671 01: actor robert deniro attends the new york state council on the arts 1996 governors arts awards at the metropolitan museum of art october 2, 1996 in new york city. the awards, co hosted by governor george pataki and his wife libby, are presented to individuals and institutions who have contributed importantly to the arts in new york state. (photo by evan agostini\/liaison)\" title=\"New York Governor&amp;apos;s Arts Awards\" loading=\"lazy\" width=\"1943\" height=\"2845\" decoding=\"async\" data-nimg=\"1\" style=\"color:transparent;width:100%;height:auto;\"   src=\"https:\/\/www.europesays.com\/es\/wp-content\/uploads\/2025\/10\/gettyimages-774175-68e93f1340e84.jpg\" class=\"css-0 e1g79fud0\"\/><\/p>\n<p>Evan Agostini\/\/Getty Images<\/p>\n<p data-journey-content=\"true\" data-node-id=\"17\" class=\"css-6wxqfj emevuu60\">Cuando el presentador le pregunt\u00f3 si hab\u00edan vuelto a trabajar juntos, Driver respondi\u00f3 que no, pero dej\u00f3 claro que la experiencia fue imborrable. <strong data-node-id=\"17.1\">\u00abMuy pocos iconos son exactamente como te los imaginas, pero \u00e9l s\u00ed. <\/strong>Es tan Robert De Niro. Es serio, inteligente, amable y bastante aterrador. Mi experiencia fue incre\u00edble, realmente maravillosa\u00bb, confes\u00f3, a\u00f1adiendo que incluso escribi\u00f3 sobre ello en su libro.<\/p>\n<p><img draggable=\"true\" alt=\"british actress minnie driver, wearing a white coat over a black top with black trousers, during premiere magazines 3rd annual women in hollywood awards lunch, at four seasons hotel in beverly hills, california, 2nd december 1996. (photo by vinnie zuffante\/getty images)\" title=\"Premiere Magazine&amp;apos;s 3rd Annual Women In Hollywood Awards Lunch\" loading=\"lazy\" width=\"3709\" height=\"5550\" decoding=\"async\" data-nimg=\"1\" style=\"color:transparent;width:100%;height:auto;\"   src=\"https:\/\/www.europesays.com\/es\/wp-content\/uploads\/2025\/10\/gettyimages-2173916848-68e93f354cdb4.jpg\" class=\"css-0 e1g79fud0\"\/><\/p>\n<p>Vinnie Zuffante\/\/Getty Images<\/p>\n<p data-journey-content=\"true\" data-node-id=\"20\" class=\"css-6wxqfj emevuu60\">Este es un ejemplo perfecto de c\u00f3mo en los 90 los int\u00e9rpretes pod\u00edan construirse una carrera s\u00f3lida combinando proyectos de prestigio con colaboraciones inesperadas. Minnie Driver aprovech\u00f3 ese momento para seguir creciendo profesionalmente (cabe recordar que poco despu\u00e9s <strong data-node-id=\"20.1\">fue nominada al \u00d3scar por &#8216;El indomable Will Hunting&#8217;)<\/strong> y Robert De Niro consolid\u00f3 a\u00fan m\u00e1s su leyenda sin dejar de apoyar a nuevos talentos. Aquellas coincidencias intergeneracionales dejaron escenas memorables\u2026 y an\u00e9cdotas que, d\u00e9cadas despu\u00e9s, siguen brillando como peque\u00f1as joyas entre <a href=\"https:\/\/www.cosmopolitan.com\/es\/consejos-planes\/planes-ocio\/g37385959\/mejores-peliculas\/\" data-vars-ga-outbound-link=\"https:\/\/www.cosmopolitan.com\/es\/consejos-planes\/planes-ocio\/g37385959\/mejores-peliculas\/\" data-vars-ga-ux-element=\"Hyperlink\" data-vars-ga-call-to-action=\"las mejores historias del cine\" data-node-id=\"20.3\" class=\"body-link css-103hk4r emevuu60\" rel=\"nofollow noopener\" target=\"_blank\">las mejores historias del cine<\/a>.<\/p>\n<p><img src=\"https:\/\/www.europesays.com\/es\/wp-content\/uploads\/2025\/10\/1761159257_388_7a301f88-8d0c-4dfa-91ae-488ef69e7fe1_1674648920.file\" alt=\"Headshot of \u00c1lvaro Alonso de la Fuente\" title=\"Headshot of \u00c1lvaro Alonso de la Fuente\" width=\"100%\" height=\"100%\" decoding=\"async\" loading=\"lazy\" class=\"css-o0wq4v ev8dhu53\"\/><\/p>\n<p>\u00c1lvaro Alonso es redactor de actualidad y \u2018celebrities\u2019 en Cosmopolitan y experto en famosas y cultura Y2K desde hace varios a\u00f1os. Si no est\u00e1 escribiendo, seguramente est\u00e9 encontrando las mejores an\u00e9cdotas y contenidos en redes sociales sobre los a\u00f1os 2000s y las tendencias de moda que vuelven a llevarse hoy en d\u00eda. Es un apasionado de los realities show, por lo que conoce al detalle las vidas de las hermanas Kardashian y todas esas palabras y expresiones de la cultura pop que la Generaci\u00f3n Z utiliza.\u00a0<\/p>\n<p>En su d\u00eda a d\u00eda en Cosmopolitan, \u00c1lvaro Alonso est\u00e1 enfocado a la redacci\u00f3n de contenidos de celebrities y actualidad, siempre con tilde \u2018fashion\u2019, pues es un apasionado de las pasarelas. No se le escapa ning\u00fan contenido que se haga viral en Instagram, Twitter y TikTok. Conoce muy bien las redes, pues compagina la redacci\u00f3n con la creaci\u00f3n de contenidos, sobre todo en TikTok, donde comparte v\u00eddeos non-stop. \u00c1lvaro Alonso est\u00e1 graduado en Periodismo por la Universidad Rey Juan Carlos y estudia un M\u00e1ster en Comunicaci\u00f3n Audiovisual en la Nueva Era Digital por la Universidad Complutense de Madrid.\u00a0<\/p>\n<p>Comenz\u00f3 a escribir como redactor en una agencia de comunicaci\u00f3n sobre contenido de actualidad en la Comunidad de Madrid, pasando por varios medios digitales e impresos como Togayther, donde escribe cada vez que puede sobre moda, televisi\u00f3n, \u2018celebrities\u2019 y contenido enfocado desde la perspectiva LGTBI. De la misma forma, en Why Not Magazine colabora de manera frecuente, hablando sobre temas de cultura, m\u00fasica y televisi\u00f3n. \u00a0<\/p>\n","protected":false},"excerpt":{"rendered":"En la industria cinematogr\u00e1fica de los a\u00f1os 80 y 90, las fronteras entre el cine comercial y las&hellip;\n","protected":false},"author":2,"featured_media":194376,"comment_status":"","ping_status":"","sticky":false,"template":"","format":"standard","meta":{"footnotes":""},"categories":[169],"tags":[177,253,146,147,25,24,176,175,23],"class_list":{"0":"post-194375","1":"post","2":"type-post","3":"status-publish","4":"format-standard","5":"has-post-thumbnail","7":"category-cine","8":"tag-cine","9":"tag-discover","10":"tag-entertainment","11":"tag-entretenimiento","12":"tag-es","13":"tag-espana","14":"tag-film","15":"tag-movies","16":"tag-spain"},"share_on_mastodon":{"url":"https:\/\/pubeurope.com\/@es\/115419340335227885","error":""},"_links":{"self":[{"href":"https:\/\/www.europesays.com\/es\/wp-json\/wp\/v2\/posts\/194375","targetHints":{"allow":["GET"]}}],"collection":[{"href":"https:\/\/www.europesays.com\/es\/wp-json\/wp\/v2\/posts"}],"about":[{"href":"https:\/\/www.europesays.com\/es\/wp-json\/wp\/v2\/types\/post"}],"author":[{"embeddable":true,"href":"https:\/\/www.europesays.com\/es\/wp-json\/wp\/v2\/users\/2"}],"replies":[{"embeddable":true,"href":"https:\/\/www.europesays.com\/es\/wp-json\/wp\/v2\/comments?post=194375"}],"version-history":[{"count":0,"href":"https:\/\/www.europesays.com\/es\/wp-json\/wp\/v2\/posts\/194375\/revisions"}],"wp:featuredmedia":[{"embeddable":true,"href":"https:\/\/www.europesays.com\/es\/wp-json\/wp\/v2\/media\/194376"}],"wp:attachment":[{"href":"https:\/\/www.europesays.com\/es\/wp-json\/wp\/v2\/media?parent=194375"}],"wp:term":[{"taxonomy":"category","embeddable":true,"href":"https:\/\/www.europesays.com\/es\/wp-json\/wp\/v2\/categories?post=194375"},{"taxonomy":"post_tag","embeddable":true,"href":"https:\/\/www.europesays.com\/es\/wp-json\/wp\/v2\/tags?post=194375"}],"curies":[{"name":"wp","href":"https:\/\/api.w.org\/{rel}","templated":true}]}}