{"id":194379,"date":"2025-10-22T18:56:19","date_gmt":"2025-10-22T18:56:19","guid":{"rendered":"https:\/\/www.europesays.com\/es\/194379\/"},"modified":"2025-10-22T18:56:19","modified_gmt":"2025-10-22T18:56:19","slug":"los-hospitales-granadinos-virgen-de-las-nieves-y-clinico-san-cecilio-impulsan-la-deteccion-precoz-de-la-fibrilacion-auricular","status":"publish","type":"post","link":"https:\/\/www.europesays.com\/es\/194379\/","title":{"rendered":"Los hospitales granadinos Virgen de las Nieves y Cl\u00ednico San Cecilio impulsan la detecci\u00f3n precoz de la fibrilaci\u00f3n auricular"},"content":{"rendered":"<p class=\"v-mdl-ath__p v-mdl-ath__p--6\">\nMi\u00e9rcoles, 22 de octubre 2025, 13:39<\/p>\n<p class=\"v-p\">Los hospitales universitarios Virgen de las Nieves y Cl\u00ednico San Cecilio de Granada se han sumado a la campa\u00f1a nacional &#8216;Siente tu ritmo: t\u00f3mate el pulso&#8217;, una iniciativa promovida por la Sociedad Espa\u00f1ola de Cardiolog\u00eda (SEC) y la Fundaci\u00f3n Espa\u00f1ola del Coraz\u00f3n (FEC) para concienciar a la ciudadan\u00eda sobre la importancia de la detecci\u00f3n precoz de la fibrilaci\u00f3n auricular, la arritmia card\u00edaca m\u00e1s frecuente en la poblaci\u00f3n adulta.<\/p>\n<p class=\"v-p\">Ambos centros han desarrollado jornadas divulgativas abiertas a pacientes y usuarios en las que profesionales de Cardiolog\u00eda y Enfermer\u00eda han ense\u00f1ado c\u00f3mo tomarse el pulso correctamente para identificar posibles irregularidades en el ritmo card\u00edaco.<\/p>\n<p class=\"v-p\">Las actividades se han completado con charlas educativas sobre esta patolog\u00eda, su impacto en la salud y la forma de reconocer sus s\u00edntomas. Adem\u00e1s, la iniciativa ha contado con la colaboraci\u00f3n de la Asociaci\u00f3n de Pacientes Card\u00edacos de Granada y Provincia (ASPACGRAP) y la Asociaci\u00f3n Mucho Coraz\u00f3n, de Motril.<\/p>\n<p class=\"v-p\">As\u00ed, el Hospital Virgen de las Nieves ha desarrollado la misma acci\u00f3n formativa en su vest\u00edbulo principal, con la implicaci\u00f3n de los profesionales de su Unidad de Arritmias, coordinada por el doctor Juan Jim\u00e9nez J\u00e1imez, y con la participaci\u00f3n de pacientes, estudiantes y personal sanitario. Adem\u00e1s, se han ofrecido explicaciones sobre el uso de dispositivos digitales de detecci\u00f3n, como relojes inteligentes o aplicaciones m\u00f3viles con registro de pulso y electrocardiograma, que facilitan la identificaci\u00f3n temprana de la fibrilaci\u00f3n auricular.<\/p>\n<p class=\"v-p\">Por su parte, el Hospital Cl\u00ednico San Cecilio, la jornada se ha celebrado en el vest\u00edbulo de Consultas Externas y las charlas sobre fibrilaci\u00f3n auricular en la sala multiusos del centro, con la participaci\u00f3n del doctor Ignacio Arroyo Crespo, cardi\u00f3logo, y las enfermeras Rosa Alonso Cuenca y Sara Vargas V\u00e1zquez.<\/p>\n<p class=\"v-p\"><strong>Congreso SEC25 de la Salud Cardiovascular<\/strong><\/p>\n<p class=\"v-p\">El Congreso SEC25 de la Salud Cardiovascular, organizado por la Sociedad Espa\u00f1ola de Cardiolog\u00eda, se celebra del 23 al 25 de octubre en el Palacio de Congresos de Granada, reuniendo a m\u00e1s de 4.000 profesionales nacionales e internacionales. El encuentro constituye la cita anual m\u00e1s relevante de la cardiolog\u00eda espa\u00f1ola y abordar\u00e1 las \u00faltimas novedades en diagn\u00f3stico, tratamiento y prevenci\u00f3n de las enfermedades cardiovasculares, primera causa de muerte en Espa\u00f1a, con m\u00e1s de 115.000 fallecimientos en 2023, de ellos m\u00e1s de 20.000 en Andaluc\u00eda, seg\u00fan datos del INE.<\/p>\n<p class=\"v-p\">Los hospitales universitarios Cl\u00ednico San Cecilio y Virgen de las Nieves participan activamente en esta edici\u00f3n con la presentaci\u00f3n de m\u00e1s de 70 comunicaciones cient\u00edficas, reflejo del compromiso de los profesionales granadinos con la investigaci\u00f3n, la innovaci\u00f3n y la mejora de la salud cardiovascular.<\/p>\n<p>Reporta un error<\/p>\n","protected":false},"excerpt":{"rendered":"Mi\u00e9rcoles, 22 de octubre 2025, 13:39 Los hospitales universitarios Virgen de las Nieves y Cl\u00ednico San Cecilio de&hellip;\n","protected":false},"author":2,"featured_media":194380,"comment_status":"","ping_status":"","sticky":false,"template":"","format":"standard","meta":{"footnotes":""},"categories":[92],"tags":[33449,54072,8737,6525,25,24,33448,23999,165,6138,16687,11659,7292,166,2228,23,7699],"class_list":{"0":"post-194379","1":"post","2":"type-post","3":"status-publish","4":"format-standard","5":"has-post-thumbnail","7":"category-salud","8":"tag-auricular","9":"tag-cecilio","10":"tag-clinico","11":"tag-deteccion","12":"tag-es","13":"tag-espana","14":"tag-fibrilacion","15":"tag-granadinos","16":"tag-health","17":"tag-hospitales","18":"tag-impulsan","19":"tag-nieves","20":"tag-precoz","21":"tag-salud","22":"tag-san","23":"tag-spain","24":"tag-virgen"},"share_on_mastodon":{"url":"https:\/\/pubeurope.com\/@es\/115419348034415413","error":""},"_links":{"self":[{"href":"https:\/\/www.europesays.com\/es\/wp-json\/wp\/v2\/posts\/194379","targetHints":{"allow":["GET"]}}],"collection":[{"href":"https:\/\/www.europesays.com\/es\/wp-json\/wp\/v2\/posts"}],"about":[{"href":"https:\/\/www.europesays.com\/es\/wp-json\/wp\/v2\/types\/post"}],"author":[{"embeddable":true,"href":"https:\/\/www.europesays.com\/es\/wp-json\/wp\/v2\/users\/2"}],"replies":[{"embeddable":true,"href":"https:\/\/www.europesays.com\/es\/wp-json\/wp\/v2\/comments?post=194379"}],"version-history":[{"count":0,"href":"https:\/\/www.europesays.com\/es\/wp-json\/wp\/v2\/posts\/194379\/revisions"}],"wp:featuredmedia":[{"embeddable":true,"href":"https:\/\/www.europesays.com\/es\/wp-json\/wp\/v2\/media\/194380"}],"wp:attachment":[{"href":"https:\/\/www.europesays.com\/es\/wp-json\/wp\/v2\/media?parent=194379"}],"wp:term":[{"taxonomy":"category","embeddable":true,"href":"https:\/\/www.europesays.com\/es\/wp-json\/wp\/v2\/categories?post=194379"},{"taxonomy":"post_tag","embeddable":true,"href":"https:\/\/www.europesays.com\/es\/wp-json\/wp\/v2\/tags?post=194379"}],"curies":[{"name":"wp","href":"https:\/\/api.w.org\/{rel}","templated":true}]}}