{"id":194387,"date":"2025-10-22T19:00:48","date_gmt":"2025-10-22T19:00:48","guid":{"rendered":"https:\/\/www.europesays.com\/es\/194387\/"},"modified":"2025-10-22T19:00:48","modified_gmt":"2025-10-22T19:00:48","slug":"estados-unidos-defiende-su-plan-para-desarmar-a-hamas-y-reconstruir-gaza","status":"publish","type":"post","link":"https:\/\/www.europesays.com\/es\/194387\/","title":{"rendered":"Estados Unidos defiende su plan para desarmar a Ham\u00e1s y reconstruir Gaza"},"content":{"rendered":"<p>    <img src=\"https:\/\/www.europesays.com\/es\/wp-content\/uploads\/2025\/10\/2025-10-22T183A143A12Z-90210366.jpg\" width=\"1024\" height=\"682\" alt=\"\" loading=\"eager\" decoding=\"sync\" fetchpriority=\"high\"\/><\/p>\n<p>            afp_tickers        <\/p>\n<p>        Este contenido fue publicado en    <\/p>\n<p>        22 octubre 2025 &#8211; 20:14\n<\/p>\n<p>El vicepresidente estadounidense JD Vance advirti\u00f3 el mi\u00e9rcoles del desaf\u00edo de desarmar a Ham\u00e1s y reconstruir Gaza, en el segundo d\u00eda de un viaje a Israel para reforzar el apoyo al fr\u00e1gil alto el fuego en el devastado territorio palestino.<\/p>\n<p>Israel y el movimiento islamista palestino Ham\u00e1s se acusaron mutuamente el domingo de violar el cese el fuego tras un repunte de violencia en el sur de la Franja de Gaza.\u00a0<\/p>\n<p>La tregua, gestada por el presidente estadounidense Donald Trump, entr\u00f3 en vigor el 10 de octubre y puso fin a m\u00e1s de dos a\u00f1os de guerra, desencadenada por el ataque de Ham\u00e1s en el sur de Israel el 7 de octubre de 2023.<\/p>\n<p>Para salvaguardar el alto el fuego, Estados Unidos inici\u00f3 una intensa ronda de visitas diplom\u00e1ticas que empez\u00f3 el lunes con la visita a Israel de los emisarios Steve Witkoff y Jared Kushner.\u00a0<\/p>\n<p>Ambos se reunieron con el primer ministro israel\u00ed, Benjamin Netanyahu, al igual que Vance el mi\u00e9rcoles. El jefe de la diplomacia estadounidense, Marco Rubio, lo har\u00e1 el viernes, aunque llegar\u00e1 el jueves a Israel, indic\u00f3 el gobierno del Estado hebreo.<\/p>\n<p>\u00abTenemos una tarea muy dif\u00edcil por delante: desarmar a Ham\u00e1s y reconstruir Gaza, para mejorar la vida de la poblaci\u00f3n de Gaza, pero tambi\u00e9n para garantizar que Ham\u00e1s ya no represente una amenaza para nuestros amigos en Israel\u00bb, subray\u00f3 Vance en una rueda de prensa en Jerusal\u00e9n con Netanyahu.<\/p>\n<p>La visita del vicepresidente coincidi\u00f3 con la emisi\u00f3n de una opini\u00f3n no vinculante por parte de la Corte Internacional de Justicia (CIJ).<\/p>\n<p>\u00abComo potencia ocupante, Israel est\u00e1 obligado a garantizar las necesidades b\u00e1sicas de la poblaci\u00f3n local, incluidos los suministros esenciales para su supervivencia\u00bb, declar\u00f3 el presidente de la corte, Yuji Iwasawa.\u00a0<\/p>\n<p>El magistrado tambi\u00e9n afirm\u00f3 que Israel \u00abno ha fundamentado sus acusaciones de que una parte significativa de los empleados de la UNRWA son miembros de Ham\u00e1s (\u2026) o de otras facciones terroristas\u00bb.\u00a0<\/p>\n<p>Israel prohibi\u00f3 a esta agencia de la ONU operar en territorio israel\u00ed tras acusar a algunos de sus empleados de participar en el ataque de Ham\u00e1s de octubre de 2023.\u00a0<\/p>\n<p>\u2013 \u00abEsperamos que el alto el fuego contin\u00fae\u00bb \u2013<\/p>\n<p>La opini\u00f3n del tribunal no es jur\u00eddicamente vinculante, pero la corte consider\u00f3 que tiene \u00abgran peso jur\u00eddico y autoridad moral\u00bb.<\/p>\n<p>El vicepresidente estadounidense expres\u00f3 el martes su \u00abgran optimismo\u00bb respecto al mantenimiento de la tregua en Gaza, a pesar de la violencia del fin de semana.<\/p>\n<p>Tras anunciar la muerte de dos soldados en enfrentamientos en Rafah, en el sur de Gaza, el ej\u00e9rcito israel\u00ed lanz\u00f3 decenas de bombardeos el domingo en el territorio.<\/p>\n<p>Los ataques hicieron temer el final de la tregua, aunque ambos bandos reafirmaron desde entonces su respaldo al cese el fuego.\u00a0<\/p>\n<p>\u00abLa situaci\u00f3n ha mejorado mucho: la guerra ha terminado y ya no se oyen las bombas ni los bombardeos como antes\u00bb, dijo Imran Skeik, un desplazado de 34 a\u00f1os en el barrio Al Rimal de Ciudad de Gaza.<\/p>\n<p>\u00abEsperamos que el alto el fuego contin\u00fae y que tanto Israel como Ham\u00e1s lo respeten. Empezamos a descansar un poco, pero a\u00fan quedan muchos problemas por resolver\u00bb, a\u00f1adi\u00f3 desde su tienda de campa\u00f1a.<\/p>\n<p>El plan de Trump para Gaza incluy\u00f3 la liberaci\u00f3n de los rehenes que segu\u00edan retenidos en Gaza por presos palestinos detenidos en Israel. Tambi\u00e9n establece el desarme de Ham\u00e1s, aunque el grupo islamista se ha negado hasta ahora a considerarlo.<\/p>\n<p>Vance dijo que no iban a fijar una fecha l\u00edmite para el desarme de Ham\u00e1s.\u00a0<\/p>\n<p>En Israel, el vicepresidente norteamericano tambi\u00e9n \u00a0hizo referencia a la \u00abfuerza de seguridad internacional\u00bb como uno de los organismos que se debe crear para el futuro de Gaza. Seg\u00fan el plan de Trump, esta misi\u00f3n militar mantendr\u00eda la paz en el enclave mientras Israel se retira.<\/p>\n<p>Netanyahu, por su parte, asegur\u00f3 que se hab\u00edan debatido ideas para el futuro del territorio palestino.<\/p>\n<p>\u00abEstamos creando un d\u00eda despu\u00e9s incre\u00edble con una visi\u00f3n completamente nueva de c\u00f3mo establecer un gobierno civil, c\u00f3mo garantizar la seguridad all\u00ed y qui\u00e9n podr\u00eda proporcionarla\u00bb, dijo.<\/p>\n<p>\u00abNo ser\u00e1 f\u00e1cil\u00bb, pero \u00abes posible\u00bb, consider\u00f3. \u00abRealmente estamos creando un plan de paz y una infraestructura aqu\u00ed donde no exist\u00eda nada hace apenas una semana y un d\u00eda\u00bb, agreg\u00f3.<\/p>\n<p>Vance afirm\u00f3 que el acuerdo sobre Gaza tambi\u00e9n podr\u00eda allanar el camino hacia alianzas para Israel en Medio Oriente.<\/p>\n<p>\u00abCreo que este acuerdo sobre Gaza es fundamental para desbloquear los Acuerdos de Abraham\u00bb, dijo, refiri\u00e9ndose a la serie de pactos de normalizaci\u00f3n entre Israel y varios pa\u00edses \u00e1rabes en 2020.<\/p>\n<p>glp-jd-acc\/ser\/msr\/dbh\/sag\/mb<\/p>\n","protected":false},"excerpt":{"rendered":"afp_tickers Este contenido fue publicado en 22 octubre 2025 &#8211; 20:14 El vicepresidente estadounidense JD Vance advirti\u00f3 el&hellip;\n","protected":false},"author":2,"featured_media":194388,"comment_status":"","ping_status":"","sticky":false,"template":"","format":"standard","meta":{"footnotes":""},"categories":[42],"tags":[17,18,636,13,14,11,61,62,63,64,19,20,9,10,15,16,90,12,21,22,65,66,67],"class_list":{"0":"post-194387","1":"post","2":"type-post","3":"status-publish","4":"format-standard","5":"has-post-thumbnail","7":"category-internacional","8":"tag-breaking-news","9":"tag-breakingnews","10":"tag-conflict","11":"tag-featured-news","12":"tag-featurednews","13":"tag-headlines","14":"tag-internacional","15":"tag-international","16":"tag-international-news","17":"tag-internationalnews","18":"tag-latest-news","19":"tag-latestnews","20":"tag-news","21":"tag-noticias","22":"tag-noticias-destacadas","23":"tag-noticiasdestacadas","24":"tag-ticker","25":"tag-titulares","26":"tag-ultimas-noticias","27":"tag-ultimasnoticias","28":"tag-world","29":"tag-world-news","30":"tag-worldnews"},"share_on_mastodon":{"url":"https:\/\/pubeurope.com\/@es\/115419367692985518","error":""},"_links":{"self":[{"href":"https:\/\/www.europesays.com\/es\/wp-json\/wp\/v2\/posts\/194387","targetHints":{"allow":["GET"]}}],"collection":[{"href":"https:\/\/www.europesays.com\/es\/wp-json\/wp\/v2\/posts"}],"about":[{"href":"https:\/\/www.europesays.com\/es\/wp-json\/wp\/v2\/types\/post"}],"author":[{"embeddable":true,"href":"https:\/\/www.europesays.com\/es\/wp-json\/wp\/v2\/users\/2"}],"replies":[{"embeddable":true,"href":"https:\/\/www.europesays.com\/es\/wp-json\/wp\/v2\/comments?post=194387"}],"version-history":[{"count":0,"href":"https:\/\/www.europesays.com\/es\/wp-json\/wp\/v2\/posts\/194387\/revisions"}],"wp:featuredmedia":[{"embeddable":true,"href":"https:\/\/www.europesays.com\/es\/wp-json\/wp\/v2\/media\/194388"}],"wp:attachment":[{"href":"https:\/\/www.europesays.com\/es\/wp-json\/wp\/v2\/media?parent=194387"}],"wp:term":[{"taxonomy":"category","embeddable":true,"href":"https:\/\/www.europesays.com\/es\/wp-json\/wp\/v2\/categories?post=194387"},{"taxonomy":"post_tag","embeddable":true,"href":"https:\/\/www.europesays.com\/es\/wp-json\/wp\/v2\/tags?post=194387"}],"curies":[{"name":"wp","href":"https:\/\/api.w.org\/{rel}","templated":true}]}}