{"id":194389,"date":"2025-10-22T19:01:16","date_gmt":"2025-10-22T19:01:16","guid":{"rendered":"https:\/\/www.europesays.com\/es\/194389\/"},"modified":"2025-10-22T19:01:16","modified_gmt":"2025-10-22T19:01:16","slug":"gran-despliegue-policial-en-el-puerto-de-a-coruna-y-detenciones-en-alta-mar-por-un-alijo-de-cocaina-la-voz-de-galicia","status":"publish","type":"post","link":"https:\/\/www.europesays.com\/es\/194389\/","title":{"rendered":"Gran despliegue policial en el puerto de A Coru\u00f1a y detenciones en alta mar por un alijo de coca\u00edna &#8211; La Voz de Galicia"},"content":{"rendered":"<ol>\n<li><a href=\"https:\/\/news.google.com\/rss\/articles\/CBMiuAFBVV95cUxPdnhFYXNTbTEzOVRfZGlWZVF1akNvS2tKbnRtajRQX3UxSEFSRmU4T3hkWnJMNDFONkFLZGNWckZyOVUyY0VVTHRKaXBKNlp4bzJvX0c4MUQ4WmtLTk8yckJreHFOelh1S3MtX3hWU2NLT1lxU0hlSkt4MUVaUE9wRXhlWmpjQlVqcm9UcDRYWVNBYmR1M3RwTWZWNjR1bndQS0N3bTVDSlZVQ3Bmc25zd3FvdTNyc3RI?oc=5\" target=\"_blank\" rel=\"nofollow noopener\">Gran despliegue policial en el puerto de A Coru\u00f1a y detenciones en alta mar por un alijo de coca\u00edna<\/a>&nbsp;&nbsp;La Voz de Galicia<\/li>\n<li><a href=\"https:\/\/news.google.com\/rss\/articles\/CBMi6wFBVV95cUxQdF9vTUFkUk14blVkTGZIamkwMnBabHN3SDN3b2x2bUJFd0VNd3VNbWE5RlZIOGRNNHhvdEI4a2dDVzZRV1lTaWY0cFdzZk9GLW14aGVLemUxNWFCQVRFaEFtMlV0Q2dBUmtjb1hJZzRvSTViOEZ5enlBRm9aWTlydzRfeDl2WC1YaGYybG1KSVlvYm1mUXd3NFpFTlpkZ0lkVzJ0MWtBS1Y1Y3gwWmtRQmYyTlQ3VlgyV0w2MjNPbHZjdUk5bDdrX01JcmQ3MHFtTVF3X2d5bGFteTIyODNObDktb21Hb3VMNXhv?oc=5\" target=\"_blank\" rel=\"nofollow noopener\">Interceptada una lanzadera con 2,4 toneladas de coca\u00edna en las costas de Lisboa tras sufrir una aver\u00eda en el motor<\/a>&nbsp;&nbsp;EL PA\u00cdS<\/li>\n<li><a href=\"https:\/\/news.google.com\/rss\/articles\/CBMiwgFBVV95cUxNUmNsbUFYcmdFNWdEbll0UXZNakhrSWNTd1pOME5RQXowbGJCOWJyRi1iV0s4MWVOWnRDd3RNVWlOemxyN0E5SVNpOUpvMTBzY0xaMkdGUXM1QjQ2bU05MFFSdFJNOFA0a20xbEtJV3J6MWhXVU9mTzBNUDdYb1Y0UDBhdWh3TlJfMjZwam5wejJXdFZNcE5FRURCRVM5N1ZDbmlNU2UwZG5ENWp6bFVBZ01lWUQ2VmhzRXlNcldrRDBmZ9IBwgFBVV95cUxNUGtSNlFBSUU4ekIxX080bVo0anpXbjBXU0pMNnlUZDc1bC1iLVpkcEM2b2JLWFljbGNXR2dYdHVHUTRBUTBpUllXcFdud2psaEpIRFQ5YjYyR2hzak93T2hfQnB3alh6TlV6c2hxMDl3RzJ3NGc3dWlubVVQREE4MUNJdFRwY1BEMGdhelhoNElNUk40UnlnSUZqRmtBcFprZUpVQWZZSWZoNEpVX3NrZW5MTWlmV2hwd1J1UTNvSTlfUQ?oc=5\" target=\"_blank\" rel=\"nofollow noopener\">Culmina en el puerto de A Coru\u00f1a una operaci\u00f3n antidroga internacional con m\u00e1s de 2 toneladas de coca\u00edna incautadas<\/a>&nbsp;&nbsp;RTVE.es<\/li>\n<li><a href=\"https:\/\/news.google.com\/rss\/articles\/CBMirAFBVV95cUxNTlZndjQ4dHd2YVg1WVQyZ0lKclN2V1MwRlVFZWhpWWxhcmNITXYyRmJkVEd1TGxKY2tpYXZxZlJKMUQyWFY5UlNFd3lCLUFXeHRha2lwRnpmWW9QQ2JHelR0SkktSnRYUGtTZ01TVEhCRXV4d1ZtUzlpSmk3RUhlck9MS2YwT1VnZ21xWUhnN29BQ2IxdTlOc0lyOTZIWUxjNkUtRU5GZUVncFlO0gGyAUFVX3lxTFA4aTFOaEgwY1lGdE5pQjhQY3FUbnZkcTE1OGxVRExhRTlEeDJzaTVCN1l6RlpSUml5SFh4ZjdOcmFIQWlhZDlTUFlDYl9ud1B6cHVSM2RwUUJvU2h5Z0FYNjEycnREdml4UkNXcTJ1X3l4blQyaEN4NGNsVFZDYnE2WVExZTZfZWZJd0dBZzFDWVFHZEZMRy1CS1hhSUpUTlhpc2o1R1NnblVaVFRlbUpXdlE?oc=5\" target=\"_blank\" rel=\"nofollow noopener\">Incautan m\u00e1s de 1.500 kilos de coca\u00edna en un barco franc\u00e9s atracado en A Coru\u00f1a<\/a>&nbsp;&nbsp;El Confidencial<\/li>\n<li><a href=\"https:\/\/news.google.com\/rss\/articles\/CBMigAJBVV95cUxNcElNVGhoeWx6UDRLMVZWLVM0SlJaTUhkY3dHaE11OFd2YkE2NC13a2Z0ajl2Y3VHaDloNW11ZXNuVnF6MHZONV81c3dKVldrUEY1WERGMG9haHJNQnprU2luRmt6TElRVUREc05hdTZtaFgzT2dpaWpQNVFfeDZhZ2VzSVRpWk1IcUQzdjhGdy02MXBFODlVSjg1NUVUNXVTTTNfOWYxWlVHdkJ5Ym5SNG51VXlpU2dseTM3QnEyYUUxUDAyUXVEeXZNRkFMT1NRekVJY09RLU9iUmx4ZnNmX2Uxdll0Q1NHMzg4QWJTQUJQc2RzTWZfSFk4MUJzMXhw?oc=5\" target=\"_blank\" rel=\"nofollow noopener\">Intervenida en las costas de Lisboa una embarcaci\u00f3n de alta velocidad con una carga de 2.400 kilogramos de coca\u00edna<\/a>&nbsp;&nbsp;interior.gob.es<\/li>\n<\/ol>\n","protected":false},"excerpt":{"rendered":"Gran despliegue policial en el puerto de A Coru\u00f1a y detenciones en alta mar por un alijo de&hellip;\n","protected":false},"author":2,"featured_media":194390,"comment_status":"","ping_status":"","sticky":false,"template":"","format":"standard","meta":{"footnotes":""},"categories":[8],"tags":[39615,17,18,25,24,13,14,11,19,20,9,10,15,16,11739,23,12,21,22],"class_list":{"0":"post-194389","1":"post","2":"type-post","3":"status-publish","4":"format-standard","5":"has-post-thumbnail","7":"category-espana","8":"tag-a-coruna-ciudad","9":"tag-breaking-news","10":"tag-breakingnews","11":"tag-es","12":"tag-espana","13":"tag-featured-news","14":"tag-featurednews","15":"tag-headlines","16":"tag-latest-news","17":"tag-latestnews","18":"tag-news","19":"tag-noticias","20":"tag-noticias-destacadas","21":"tag-noticiasdestacadas","22":"tag-policia-nacional","23":"tag-spain","24":"tag-titulares","25":"tag-ultimas-noticias","26":"tag-ultimasnoticias"},"share_on_mastodon":{"url":"https:\/\/pubeurope.com\/@es\/115419367760477929","error":""},"_links":{"self":[{"href":"https:\/\/www.europesays.com\/es\/wp-json\/wp\/v2\/posts\/194389","targetHints":{"allow":["GET"]}}],"collection":[{"href":"https:\/\/www.europesays.com\/es\/wp-json\/wp\/v2\/posts"}],"about":[{"href":"https:\/\/www.europesays.com\/es\/wp-json\/wp\/v2\/types\/post"}],"author":[{"embeddable":true,"href":"https:\/\/www.europesays.com\/es\/wp-json\/wp\/v2\/users\/2"}],"replies":[{"embeddable":true,"href":"https:\/\/www.europesays.com\/es\/wp-json\/wp\/v2\/comments?post=194389"}],"version-history":[{"count":0,"href":"https:\/\/www.europesays.com\/es\/wp-json\/wp\/v2\/posts\/194389\/revisions"}],"wp:featuredmedia":[{"embeddable":true,"href":"https:\/\/www.europesays.com\/es\/wp-json\/wp\/v2\/media\/194390"}],"wp:attachment":[{"href":"https:\/\/www.europesays.com\/es\/wp-json\/wp\/v2\/media?parent=194389"}],"wp:term":[{"taxonomy":"category","embeddable":true,"href":"https:\/\/www.europesays.com\/es\/wp-json\/wp\/v2\/categories?post=194389"},{"taxonomy":"post_tag","embeddable":true,"href":"https:\/\/www.europesays.com\/es\/wp-json\/wp\/v2\/tags?post=194389"}],"curies":[{"name":"wp","href":"https:\/\/api.w.org\/{rel}","templated":true}]}}