{"id":194393,"date":"2025-10-22T19:04:19","date_gmt":"2025-10-22T19:04:19","guid":{"rendered":"https:\/\/www.europesays.com\/es\/194393\/"},"modified":"2025-10-22T19:04:19","modified_gmt":"2025-10-22T19:04:19","slug":"espero-una-mejor-version-del-equipo-en-puente-genil","status":"publish","type":"post","link":"https:\/\/www.europesays.com\/es\/194393\/","title":{"rendered":"Espero una mejor versi\u00f3n del equipo en Puente Genil"},"content":{"rendered":"<p class=\"paragraph\">El t\u00e9cnico del Bada Huesca, Jos\u00e9 Nolasco, espera ver este viernes en Puente Genil \u00abuna mejor versi\u00f3n del equipo\u00bb y a\u00f1ade que ya no hay excusas no pueden hacer un mal partido. <b>Cree que llegan ya a este encuentro mejor que a las anteriores salidas. \u00abNo ten\u00edamos el equilibrio de ahora\u00bb, declara\u00a0<\/b>y recuerda que ten\u00edan que poner \u00ab`parches en Valladolid y en Cangas\u00bb y a\u00fan as\u00ed en este segundo hicieron un \u00abpartido correcto\u00bb, pero fallaron.<\/p>\n<p class=\"paragraph\"><b>El partido de Puente Genil \u00abes una oportunidad para ganar\u00bb\u00a0 Y considera que\u00a0 los andaluces tienen un equipo que \u00abse parece\u00bb al Bada por potencial<\/b>, con miras a zonas intermedias de la tabla.\u00a0<\/p>\n<p class=\"paragraph\">Nolasco cree que <b>est\u00e1n consiguiendo \u00abreducir errores\u00bb en los \u00faltimos partidos y que ese es el camino. <\/b>Pero a\u00f1ade que hay que \u00abmeter muchas cosas en la batidora: una defensa contundente, jugar ante la defensa con las ideas que has marcado durante la semana, tener eficacia en la porter\u00eda, correr m\u00e1s y conseguir goles de contraataques, tener menos exclusiones tontas o estar m\u00e1s tiempo concentrado\u00bb<\/p>\n<p class=\"paragraph\">El entrenador oscense destaca que incorporan a \u00d3scar Garc\u00eda y que Charly P\u00e9rez mejora y entonces tendr\u00e1n \u00abtres zurdos\u00bb en condiciones para los dos puestos, m\u00e1s la posibilidad de emplear a Samuel Cordi\u00e9s y a \u00d3scar Garc\u00eda.<\/p>\n<p class=\"paragraph\">Nolasco se\u00f1ala que no se preocupa de mirar la clasificaci\u00f3n y menos a estas alturas de la temporada. \u00ab<b>Me preocupo de los m\u00edo\u00bb, dice y comenta que se trata de \u00abganar a Caser\u00edo Ciudad Real (la semana pasada) y de ganar a Puente Genil\u00bb.<\/b> Ya se ver\u00e1 con ello donde sit\u00faa la clasificaci\u00f3n cuando se acerque el final. \u00abGana t\u00fa porque no sabes que va a pasar\u00bb, dice.<\/p>\n<p class=\"paragraph\">Nolasco comenta que <b>el equipo est\u00e1 sufriendo por una cuesti\u00f3n de \u00abefectividad\u00bb en situaciones claras<\/b> y le pas\u00f3 contra el Ciudad Real en momentos de superioridad. Record\u00f3 fallos de lanzamiento o p\u00e9rdidas en ese momento que \u00absancionan\u00bb. Y recuerda que<b> la diferencia la marcan los equipo potentes teni\u00e9ndolo claro y metiendo gol en esas situaciones.\u00a0<\/b> \u00abNosotros de diez metemos seis y uno grande mete ocho o nueve generando lo mismo. Es una cuesti\u00f3n de calidad, el momento, el cansancio&#8230;\u00bb.<\/p>\n<p class=\"paragraph\">De Puente Genil dice que es un equipo que siempre hace buenas primeras vueltas y est\u00e1 sacando los partidos que tiene que sacar. Le ve \u00abcon confianza\u00bb.<\/p>\n<p class=\"paragraph\">Espera por ello un \u00abpartido duro, bonito\u00bb. <b>Espera encontrarse con una defensa con gran actividad y que adem\u00e1s son duros y fuertes\u00bb,<\/b> especialmente con la incorporaci\u00f3n de Semedo.\u00a0<\/p>\n<p class=\"paragraph\">Y en ataque valora la direcci\u00f3n de Simonet. Y tiene la duda de si reaparecer\u00e1 Domingo Luis Mosquera, pero avisa de que tienen calidad en los laterales con Dani Serrano o David Estepa y buenos extremos.<\/p>\n<p class=\"paragraph\"><b>El lateral derecho del Bada Rafa Paulo llama a \u00abtrabajar el doble\u00bb para ganar en una pista como la de Puente Genil. <\/b>Hay que \u00abir a ganar\u00bb y conf\u00eda en las posibilidades del equipo.<\/p>\n<p class=\"paragraph\">Dice que el empate contra Ciudad Real dej\u00f3 \u00abun mixto de sensaciones\u00bb, aunque inicialmente fue \u00absabor m\u00e1s de derrota\u00bb, aunque valoran 3el m\u00e9rito del punto sacado. Y apela \u00aba seguir\u00bb adelante.<\/p>\n<p class=\"paragraph\">Espera ir sumando para \u00abno repetir el a\u00f1o pasado\u00bb. Y c<b>ree que hasta ahora el problema es \u00abla falta de efectividad\u00bb porque han tenido \u00abopciones de ganar\u00bb y \u00abjuego\u00bb<\/b>. Y comenta que por ejemplo con Ciudad Real se fueron con dos de renta al descanso y pod\u00edan haberse ido con algo m\u00e1s si hubieran tenido un poco de acierto. Pero est\u00e1 convencido de que van \u00aba mejorar\u00bb.<\/p>\n<p class=\"paragraph\">En los penaltis han progresado con trabajo y Rafa Paulo ha tenido que ver en es acierto metiendo 10 de los 11 \u00faltimos.<\/p>\n<p class=\"paragraph\">Y personalmente se encuentra bien en este arranque de temporada. \u00abNo estoy jugando en mi posici\u00f3n natural, pero estoy aqu\u00ed para ayudar al equipo y para dar el cien por cien siempre\u00bb.<\/p>\n","protected":false},"excerpt":{"rendered":"El t\u00e9cnico del Bada Huesca, Jos\u00e9 Nolasco, espera ver este viernes en Puente Genil \u00abuna mejor versi\u00f3n del&hellip;\n","protected":false},"author":2,"featured_media":194394,"comment_status":"","ping_status":"","sticky":false,"template":"","format":"standard","meta":{"footnotes":""},"categories":[278],"tags":[376,168,622,25,24,12694,375,29400,2497,23,167,1927],"class_list":{"0":"post-194393","1":"post","2":"type-post","3":"status-publish","4":"format-standard","5":"has-post-thumbnail","7":"category-balonmano","8":"tag-balonmano","9":"tag-deportes","10":"tag-equipo","11":"tag-es","12":"tag-espana","13":"tag-espero","14":"tag-handball","15":"tag-nolasco","16":"tag-puente","17":"tag-spain","18":"tag-sports","19":"tag-version"},"share_on_mastodon":{"url":"https:\/\/pubeurope.com\/@es\/115419379437927266","error":""},"_links":{"self":[{"href":"https:\/\/www.europesays.com\/es\/wp-json\/wp\/v2\/posts\/194393","targetHints":{"allow":["GET"]}}],"collection":[{"href":"https:\/\/www.europesays.com\/es\/wp-json\/wp\/v2\/posts"}],"about":[{"href":"https:\/\/www.europesays.com\/es\/wp-json\/wp\/v2\/types\/post"}],"author":[{"embeddable":true,"href":"https:\/\/www.europesays.com\/es\/wp-json\/wp\/v2\/users\/2"}],"replies":[{"embeddable":true,"href":"https:\/\/www.europesays.com\/es\/wp-json\/wp\/v2\/comments?post=194393"}],"version-history":[{"count":0,"href":"https:\/\/www.europesays.com\/es\/wp-json\/wp\/v2\/posts\/194393\/revisions"}],"wp:featuredmedia":[{"embeddable":true,"href":"https:\/\/www.europesays.com\/es\/wp-json\/wp\/v2\/media\/194394"}],"wp:attachment":[{"href":"https:\/\/www.europesays.com\/es\/wp-json\/wp\/v2\/media?parent=194393"}],"wp:term":[{"taxonomy":"category","embeddable":true,"href":"https:\/\/www.europesays.com\/es\/wp-json\/wp\/v2\/categories?post=194393"},{"taxonomy":"post_tag","embeddable":true,"href":"https:\/\/www.europesays.com\/es\/wp-json\/wp\/v2\/tags?post=194393"}],"curies":[{"name":"wp","href":"https:\/\/api.w.org\/{rel}","templated":true}]}}