{"id":194395,"date":"2025-10-22T19:05:21","date_gmt":"2025-10-22T19:05:21","guid":{"rendered":"https:\/\/www.europesays.com\/es\/194395\/"},"modified":"2025-10-22T19:05:21","modified_gmt":"2025-10-22T19:05:21","slug":"para-apoderar-a-roca-rey","status":"publish","type":"post","link":"https:\/\/www.europesays.com\/es\/194395\/","title":{"rendered":"\u00bfpara apoderar a Roca Rey?"},"content":{"rendered":"<p style=\"\">Ha empezado caliente el invierno taurino con los apoderamientos. Tras conocer el fin de la relaci\u00f3n de apoderamiento entre los hermanos <a href=\"https:\/\/www.abc.es\/cultura\/toros\/roca-rey-hermano-fernando-culminan-relacion-apoderamiento-20251022165047-nt.html\" target=\"_self\" data-voc-vtm-id=\"in-text-traffic\" title=\"Roca Rey\" rel=\"nofollow noopener\">Roca Rey<\/a> se hac\u00edan apuestas sobre qui\u00e9n llevar\u00eda las riendas del mandam\u00e1s del toreo. Este mi\u00e9rcoles Andr\u00e9s lo anunciaba a trav\u00e9s de un  &#8230; comunicado, con sentidas palabras por la etapa compartida con Fernando: \u00abEste a\u00f1o ha tenido un sentido muy especial para m\u00ed. Fernando y yo crecimos so\u00f1ando con llegar juntos hasta aqu\u00ed, y poder hacerlo realidad ha sido una de las mayores satisfacciones de mi vida. Compartir la temporada de mi d\u00e9cimo aniversario con mi hermano fue un regalo que nos deb\u00edamos desde hace tiempo. Vivimos cada tarde con la ilusi\u00f3n de los comienzos y con la serenidad que da el camino recorrido. Hoy cierro esta etapa con gratitud, con orgullo y con un profundo respeto por todo lo que juntos hemos construido\u00bb.<\/p>\n<p class=\"voc-p\" style=\"\">\u00bfQui\u00e9n ser\u00e1 el mentor ahora del torero de los huevos de oro?, siguiendo el s\u00edmil de la f\u00e1bula de Esopo. Sobre Roca Rey recae todo el peso de la temporada 2026, m\u00e1s a\u00fan despu\u00e9s de la retirada de Morante de la Puebla el 12 de octubre, que no se sabe todav\u00eda si ser\u00e1 adi\u00f3s o hasta luego. \u00abNo me he cortado la coleta, me la he quitado\u00bb, matiz\u00f3 a los suyos el sevillano.<\/p>\n<p><img decoding=\"async\" loading=\"lazy\" src=\"https:\/\/www.europesays.com\/es\/wp-content\/uploads\/2025\/10\/luque4_20251022204353-U23224176061IyQ-760x427@diario_abc.jpg\" class=\"voc-img\" width=\"760\" height=\"427\" alt=\"Daniel Luque, en la Maestranza\" data-voc-vtm-id=\"in-text-traffic\"\/><\/p>\n<p>Daniel Luque, en la Maestranza<\/p>\n<p>RA\u00fal Doblado<\/p>\n<p class=\"voc-p\" style=\"\">El runr\u00fan pasa por la taurina casa de la Sagra. Y m\u00e1s a\u00fan, despu\u00e9s de que ABC haya podido saber, seg\u00fan fuentes sevillanas del entorno del torero, que Luis Manuel Lozano y Daniel Luque han puesto fin a su relaci\u00f3n de apoderamiento durante este 2025. \u00bfSer\u00e1 para apoderar a Roca Rey? El nombre de Luisma, como se le conoce en el mundo del toro, suena con fuerza en todo el orbe taurino. Pronto se desvelar\u00e1 qui\u00e9n lleva las riendas del peruano, el sue\u00f1o de todo apoderado, que apunta a que ser\u00e1 la toledana familia de la Sagra.<\/p>\n<p class=\"voc-p\" style=\"\">Como ya le pasara a El Juli, a Roca le toca tirar del carro, un carro en el que se cuenta con veteranos y con impactos de este a\u00f1o como David de Miranda y V\u00edctor Hern\u00e1ndez, sin olvidarse de los nombres de Emilio de Justo, Juan Ortega, Pablo Aguado&#8230; Y un amplio abanico m\u00e1s. Pero con verdadero tir\u00f3n taquillero est\u00e1 solo el C\u00f3ndor, que podr\u00eda hacer un Cordob\u00e9s y que los empresarios viajasen a su finca mientras el torero lo medita con su almohada. \u00abEste es el n\u00famero\u00bb, dec\u00eda el propio Ben\u00edtez durante la entrega del II premio Andaluc\u00eda de la Tauromaquia en el Palacio de San Telmo. <\/p>\n<p class=\"voc-p\" style=\"\">Andr\u00e9s Roca Rey tiene su pr\u00f3xima cita en su tierra lime\u00f1a, en su plaza de Acho, donde celebra su d\u00e9cimo aniversario de alternativa encerr\u00e1ndose con seis toros en solitario. Un acontecimiento muy especial para el torero y para la Fiesta.<\/p>\n","protected":false},"excerpt":{"rendered":"Ha empezado caliente el invierno taurino con los apoderamientos. Tras conocer el fin de la relaci\u00f3n de apoderamiento&hellip;\n","protected":false},"author":2,"featured_media":194396,"comment_status":"","ping_status":"","sticky":false,"template":"","format":"standard","meta":{"footnotes":""},"categories":[277],"tags":[53937,373,168,25,24,5330,1048,23,167,374],"class_list":{"0":"post-194395","1":"post","2":"type-post","3":"status-publish","4":"format-standard","5":"has-post-thumbnail","7":"category-toreo","8":"tag-apoderado","9":"tag-bullfighting","10":"tag-deportes","11":"tag-es","12":"tag-espana","13":"tag-rey","14":"tag-roca","15":"tag-spain","16":"tag-sports","17":"tag-toreo"},"share_on_mastodon":{"url":"https:\/\/pubeurope.com\/@es\/115419383432297687","error":""},"_links":{"self":[{"href":"https:\/\/www.europesays.com\/es\/wp-json\/wp\/v2\/posts\/194395","targetHints":{"allow":["GET"]}}],"collection":[{"href":"https:\/\/www.europesays.com\/es\/wp-json\/wp\/v2\/posts"}],"about":[{"href":"https:\/\/www.europesays.com\/es\/wp-json\/wp\/v2\/types\/post"}],"author":[{"embeddable":true,"href":"https:\/\/www.europesays.com\/es\/wp-json\/wp\/v2\/users\/2"}],"replies":[{"embeddable":true,"href":"https:\/\/www.europesays.com\/es\/wp-json\/wp\/v2\/comments?post=194395"}],"version-history":[{"count":0,"href":"https:\/\/www.europesays.com\/es\/wp-json\/wp\/v2\/posts\/194395\/revisions"}],"wp:featuredmedia":[{"embeddable":true,"href":"https:\/\/www.europesays.com\/es\/wp-json\/wp\/v2\/media\/194396"}],"wp:attachment":[{"href":"https:\/\/www.europesays.com\/es\/wp-json\/wp\/v2\/media?parent=194395"}],"wp:term":[{"taxonomy":"category","embeddable":true,"href":"https:\/\/www.europesays.com\/es\/wp-json\/wp\/v2\/categories?post=194395"},{"taxonomy":"post_tag","embeddable":true,"href":"https:\/\/www.europesays.com\/es\/wp-json\/wp\/v2\/tags?post=194395"}],"curies":[{"name":"wp","href":"https:\/\/api.w.org\/{rel}","templated":true}]}}