{"id":194446,"date":"2025-10-22T19:33:27","date_gmt":"2025-10-22T19:33:27","guid":{"rendered":"https:\/\/www.europesays.com\/es\/194446\/"},"modified":"2025-10-22T19:33:27","modified_gmt":"2025-10-22T19:33:27","slug":"los-aficionados-lo-echaron-de-menos-durante-la-retransmision-en-tv","status":"publish","type":"post","link":"https:\/\/www.europesays.com\/es\/194446\/","title":{"rendered":"Los aficionados lo echaron de menos durante la retransmisi\u00f3n en TV"},"content":{"rendered":"<p data-journey-content=\"true\" data-node-id=\"2\" class=\"css-6wxqfj emevuu60\">A finales de 2010 T\u00fanez vivi\u00f3 un fen\u00f3meno de protesta que se extender\u00eda a numerosos pa\u00edses y se acabar\u00eda conociendo como Primavera \u00c1rabe. Uno de los pa\u00edses envueltos fue Bahr\u00e9in, hasta el punto de que la F\u00f3rmula 1 decidi\u00f3 cancelar el evento de 2011, pero no as\u00ed el de 2012, cuando las aguas estaban m\u00e1s calmadas. <\/p>\n<p data-journey-content=\"true\" data-node-id=\"5\" class=\"css-6wxqfj emevuu60\">Sin embargo, precisamente aprovechando la presencia de la F\u00f3rmula 1, muchos manifestantes trataron de boicotear el evento ante la mirada internacional, provocando a su vez que muchos equipos de la categor\u00eda expresaran su malestar ante Bernie Ecclestone, que sin embargo, segu\u00eda convencido de la idoneidad de celebrar la prueba.<\/p>\n<p>Pol\u00e9mica en el GP de Bahr\u00e9in de 2012<\/p>\n<p data-journey-content=\"true\" data-node-id=\"8\" class=\"css-6wxqfj emevuu60\">Aunque el gobierno dio su palabra de garantizar la seguridad de toda la caravana de la F\u00f3rmula 1, no escatimando en efectivos. No obstante, se produjo un peque\u00f1o incidente en la jornada del mi\u00e9rcoles, cuando personal del equipo Force India regresaba al hotel y se cruzaron unas protestas con lanzamiento de c\u00f3cteles molotov que asustaron a los integrantes, dos de los cuales incluso acordaron con el equipo regresar a Reino Unido en el primer vuelo disponible. <\/p>\n<blockquote data-theme-key=\"pullquote\" class=\"css-1eiql25 e1pe3zr91\">\n<blockquote class=\"css-fetnbk e1pe3zr90\"><p>Force India se ausent\u00f3 de los FP2, y Bernie Ecclestone los castig\u00f3 sin salir en TV<\/p><\/blockquote>\n<\/blockquote>\n<p data-journey-content=\"true\" data-node-id=\"13\" class=\"css-6wxqfj emevuu60\">Force India tom\u00f3 la decisi\u00f3n de no participar en la segunda sesi\u00f3n de entrenamientos libres para asegurarse de que todo el personal del equipo regresar\u00eda al hotel con luz diurna, con mayor seguridad. Esta comunicaci\u00f3n del entonces equipos de Vijay Mallya no gust\u00f3 a Bernie Ecclestone, que estaba tan seguro de que no iba a pasar nada que se comprometi\u00f3 a acompa\u00f1ar personalmente al equipo Force India a su hotel. <\/p>\n<p data-journey-content=\"true\" data-node-id=\"15\" class=\"css-6wxqfj emevuu60\">Pero Force India no cambi\u00f3 de opini\u00f3n y no tom\u00f3 parte en la segunda sesi\u00f3n de entrenamientos libres, algo que Bernie Ecclestone interpret\u00f3 como una manera de hacer publicidad, ya que concentraron la opini\u00f3n p\u00fablica\u2026 y no le gustaba nada que los equipos tomaran esa serie de iniciativas. <\/p>\n<p><img draggable=\"true\" alt=\"bahrain f1 grand prix qualifying\" title=\"Bahrain F1 Grand Prix - Qualifying\" loading=\"lazy\" width=\"4896\" height=\"3264\" decoding=\"async\" data-nimg=\"1\" style=\"color:transparent;width:100%;height:auto;\"   src=\"https:\/\/www.europesays.com\/es\/wp-content\/uploads\/2025\/10\/supremo-bernie-ecclestone-visits-the-force-india-news-photo-1761145388.pjpeg\" class=\"css-0 e1g79fud0\"\/><a target=\"_blank\" rel=\"noopener nofollow\" data-theme-key=\"base-link\" href=\"https:\/\/pinterest.com\/pin\/create\/button\/?url=https:\/\/www.caranddriver.com\/es\/formula-1\/a69119468\/castigo-f1-fernando-alonso-echaron-menos-retransmision-tv\/&amp;description=&amp;media=https:\/\/hips.hearstapps.com\/hmg-prod\/images\/supremo-bernie-ecclestone-visits-the-force-india-news-photo-1761145388.pjpeg?resize=1600:*\" class=\"pinterest css-on9hn5 e1c1bym14\"><img decoding=\"async\" data-dynamic-svg=\"true\" src=\"https:\/\/www.caranddriver.com\/_assets\/design-tokens\/fre\/static\/icons\/social\/pinterest.e8cf655.svg?primary=%2523ffffff\" loading=\"lazy\" data-testid=\"dynamic-svg-base\" height=\"auto\" width=\"auto\" alt=\"pinterest\" class=\"css-4lml0h e1mlxuuw1\"\/><\/a><\/p>\n<p>Paul Gilham\/\/Getty Images<\/p>\n<p data-journey-content=\"true\" data-node-id=\"18\" class=\"css-6wxqfj emevuu60\">El castigo de Ecclestone fue inmediato y f\u00e1cilmente palpable\u2026 dio la orden de que no enfocar a un Force India por televisi\u00f3n, ni en clasificaci\u00f3n, ni en carrera, siendo los pocos fotogramas en los que aparec\u00edan cuando rodaban en grupo, rodeado de rivales. Aunque Bernie afirm\u00f3 que \u00e9l ni se hab\u00eda dado cuenta, y que seguramente se deb\u00eda a que el equipo ten\u00eda como patrocinador una bebida alcoh\u00f3lica, todos sab\u00edan perfectamente qu\u00e9 es lo que hab\u00eda pasado, que no era otra cosa que un castigo. <\/p>\n<p>Cr\u00edticas hacia las radios elegidas por la FOM <\/p>\n<p data-journey-content=\"true\" data-node-id=\"21\" class=\"css-6wxqfj emevuu60\">Bernie Ecclestone ya no est\u00e1 en F\u00f3rmula 1, aunque su herencia a\u00fan se puede percibir en multitud de cosas, y quiz\u00e1s, la venganza sea una de ellas. Y es que son numerosos los espectadores que ha resaltado c\u00f3mo Fernando Alonso desapareci\u00f3 completamente de la retransmisi\u00f3n. Y si bien es cierto que el s\u00e1bado su carrera fue muy corta y el domingo qued\u00f3 en tierra de nadie, sus aficionados est\u00e1n convencidos de que se trata de una nueva venganza de la FOM por las cr\u00edticas que Fernando Alonso verti\u00f3 por la selecci\u00f3n de la radio, incluyendo un mensaje en redes sociales. <\/p>\n<p><img draggable=\"true\" alt=\"auto: oct 18 f1 united states grand prix\" title=\"AUTO: OCT 18 F1 United States Grand Prix\" loading=\"lazy\" width=\"4753\" height=\"3170\" decoding=\"async\" data-nimg=\"1\" style=\"color:transparent;width:100%;height:auto;\"   src=\"https:\/\/www.europesays.com\/es\/wp-content\/uploads\/2025\/10\/fernando-alonso-of-spain-and-team-aston-martin-aramco-news-photo-1761145429.pjpeg\" class=\"css-0 e1g79fud0\"\/><a target=\"_blank\" rel=\"noopener nofollow\" data-theme-key=\"base-link\" href=\"https:\/\/pinterest.com\/pin\/create\/button\/?url=https:\/\/www.caranddriver.com\/es\/formula-1\/a69119468\/castigo-f1-fernando-alonso-echaron-menos-retransmision-tv\/&amp;description=&amp;media=https:\/\/hips.hearstapps.com\/hmg-prod\/images\/fernando-alonso-of-spain-and-team-aston-martin-aramco-news-photo-1761145429.pjpeg?resize=1600:*\" class=\"pinterest css-on9hn5 e1c1bym14\"><img decoding=\"async\" data-dynamic-svg=\"true\" src=\"https:\/\/www.caranddriver.com\/_assets\/design-tokens\/fre\/static\/icons\/social\/pinterest.e8cf655.svg?primary=%2523ffffff\" loading=\"lazy\" data-testid=\"dynamic-svg-base\" height=\"auto\" width=\"auto\" alt=\"pinterest\" class=\"css-4lml0h e1mlxuuw1\"\/><\/a><\/p>\n<p>Icon Sportswire\/\/Getty Images<\/p>\n<p data-journey-content=\"true\" data-node-id=\"24\" class=\"css-6wxqfj emevuu60\">En cualquier caso, dif\u00edcil de saber qu\u00e9 le pasa por la cabeza a la FOM, cuyas realizaciones est\u00e1n dejando mucho que desear y tienden a perderse focos de inter\u00e9s, aunque precisamente este fin de semana ha quedado patente que s\u00ed se empapan de las cr\u00edticas realizadas, pues ni una sola pareja de piloto apareci\u00f3 un solo segundo durante la retransmisi\u00f3n despu\u00e9s de todas las quejas y mofas generadas en el anterior Gran Premio. <\/p>\n<p><img src=\"https:\/\/www.europesays.com\/es\/wp-content\/uploads\/2025\/10\/1761161607_462_8d34be8d-e2ac-402f-bb28-b7bf4889b6bb_1655374969.file\" alt=\"Headshot of Sergio Mart\u00ednez\" title=\"Headshot of Sergio Mart\u00ednez\" width=\"100%\" height=\"100%\" decoding=\"async\" loading=\"lazy\" class=\"css-o0wq4v ev8dhu53\"\/><\/p>\n<p>Experto en F\u00f3rmula 1 y Motorsport, especializado en el mundo de las carreras y la competici\u00f3n a motor, la cual lleva cubriendo m\u00e1s de una d\u00e9cada en diferentes medios del sector. Obsesionado de las categor\u00edas de formaci\u00f3n y desconfiado por naturaleza de todo lo que le cuentan. \u00a0\u00a0\u00a0<\/p>\n","protected":false},"excerpt":{"rendered":"A finales de 2010 T\u00fanez vivi\u00f3 un fen\u00f3meno de protesta que se extender\u00eda a numerosos pa\u00edses y se&hellip;\n","protected":false},"author":2,"featured_media":194447,"comment_status":"","ping_status":"","sticky":false,"template":"","format":"standard","meta":{"footnotes":""},"categories":[270],"tags":[168,253,25,24,306,271,272,23,167],"class_list":{"0":"post-194446","1":"post","2":"type-post","3":"status-publish","4":"format-standard","5":"has-post-thumbnail","7":"category-formula-1","8":"tag-deportes","9":"tag-discover","10":"tag-es","11":"tag-espana","12":"tag-f1","13":"tag-formula-1","14":"tag-formula1","15":"tag-spain","16":"tag-sports"},"share_on_mastodon":{"url":"https:\/\/pubeurope.com\/@es\/115419493643078226","error":""},"_links":{"self":[{"href":"https:\/\/www.europesays.com\/es\/wp-json\/wp\/v2\/posts\/194446","targetHints":{"allow":["GET"]}}],"collection":[{"href":"https:\/\/www.europesays.com\/es\/wp-json\/wp\/v2\/posts"}],"about":[{"href":"https:\/\/www.europesays.com\/es\/wp-json\/wp\/v2\/types\/post"}],"author":[{"embeddable":true,"href":"https:\/\/www.europesays.com\/es\/wp-json\/wp\/v2\/users\/2"}],"replies":[{"embeddable":true,"href":"https:\/\/www.europesays.com\/es\/wp-json\/wp\/v2\/comments?post=194446"}],"version-history":[{"count":0,"href":"https:\/\/www.europesays.com\/es\/wp-json\/wp\/v2\/posts\/194446\/revisions"}],"wp:featuredmedia":[{"embeddable":true,"href":"https:\/\/www.europesays.com\/es\/wp-json\/wp\/v2\/media\/194447"}],"wp:attachment":[{"href":"https:\/\/www.europesays.com\/es\/wp-json\/wp\/v2\/media?parent=194446"}],"wp:term":[{"taxonomy":"category","embeddable":true,"href":"https:\/\/www.europesays.com\/es\/wp-json\/wp\/v2\/categories?post=194446"},{"taxonomy":"post_tag","embeddable":true,"href":"https:\/\/www.europesays.com\/es\/wp-json\/wp\/v2\/tags?post=194446"}],"curies":[{"name":"wp","href":"https:\/\/api.w.org\/{rel}","templated":true}]}}