{"id":194448,"date":"2025-10-22T19:34:20","date_gmt":"2025-10-22T19:34:20","guid":{"rendered":"https:\/\/www.europesays.com\/es\/194448\/"},"modified":"2025-10-22T19:34:20","modified_gmt":"2025-10-22T19:34:20","slug":"carlos-cantero-he-visto-una-lucha-del-equipo-para-estar-orgulloso-nuestro-deporte","status":"publish","type":"post","link":"https:\/\/www.europesays.com\/es\/194448\/","title":{"rendered":"Carlos Cantero: \u00abHe visto una lucha del equipo para estar orgulloso\u00bb | Nuestro deporte"},"content":{"rendered":"<p>Carlos Cantero, t\u00e9cnico del Casademont Zaragoza femenino, ha hablado para Arag\u00f3n Deporte tras la victoria ante Mersin.<\/p>\n<p><strong>Estas han sido sus declaraciones m\u00e1s destacadas:<\/strong><\/p>\n<p><strong>Valoraci\u00f3n del partido<\/strong><\/p>\n<p>Ha sido un partido de pico y pala, de trabajo, de mantenernos positivas y llegar al final con posibilidades. Lo hemos aprovechado, cuando hemos remontando nos hemos vuelto a poner arriba. He visto una lucha del equipo para estar orgulloso.<\/p>\n<p><strong>Carla Leite<\/strong><\/p>\n<p>Conoc\u00eda a varias de su paso por la WNBA. Es\u00a0un equipo grande y ella quiere gustar ante estos equipos y da un extra de motivaci\u00f3n. Est\u00e1 demostrando la jugadora que es. Lo ir\u00e1 sacando m\u00e1s a menudo.<\/p>\n<p><strong>Clasificaci\u00f3n<\/strong><\/p>\n<p>Era un partido que de perderlo no pierdes gran cosa. Ahora dejas a un equipo con 0-3 y t\u00fa con dos victorias tras ganar fuera de casa los dos. Hoy hemos sacado esa lucha y es lo que nos ha hecho ganar al final del partido.<\/p>\n<p><strong>Partido con distracciones<\/strong><\/p>\n<p>Hab\u00eda un silbato en la grada que confund\u00eda a las jugadoras. Ha habido p\u00e9rdidas por ese silbato. Sab\u00edamos que cuando hab\u00edamos entrado en\u00a0bonus tan pronto los \u00e1rbitros compensan en Euroliga. Mucho trabajo de creer en la victoria.<\/p>\n<p><strong>Nivel mental<\/strong><\/p>\n<p>Siento mucha alegr\u00eda. Vienes de perder dos partidos con sensaciones malas y quieres verte a ti contento con el trabajo que est\u00e1s haciendo cada semana. Hay que entender que estos bajones son normales. Empezamos a un nivel alto mental. Cuando haya jugadoras en rendimiento bajo otras dar\u00e1n uno alto.<\/p>\n<p>Si quieres estar al d\u00eda de toda la actualidad deportiva, s\u00edguenos en redes sociales: <a href=\"https:\/\/www.instagram.com\/aragondeporte\/\" target=\"_blank\" rel=\"noindex nofollow noopener\">Instagram<\/a>, <a href=\"https:\/\/www.facebook.com\/aragondeporte\/\" target=\"_blank\" rel=\"noindex nofollow noopener\">Facebook<\/a>, <a href=\"https:\/\/x.com\/ardeportes\" target=\"_blank\" rel=\"noindex nofollow\">X<\/a> y tambi\u00e9n en el canal de <a href=\"https:\/\/whatsapp.com\/channel\/0029Vb8JrUy6rsQrHNE2y41l\" target=\"_blank\" rel=\"noindex nofollow noopener\">WhatsApp<\/a>.<\/p>\n<p>\n    Guardado en&#8230;<\/p>\n<p><script async src=\"\/\/www.instagram.com\/embed.js\"><\/script><\/p>\n","protected":false},"excerpt":{"rendered":"Carlos Cantero, t\u00e9cnico del Casademont Zaragoza femenino, ha hablado para Arag\u00f3n Deporte tras la victoria ante Mersin. Estas&hellip;\n","protected":false},"author":2,"featured_media":194449,"comment_status":"","ping_status":"","sticky":false,"template":"","format":"standard","meta":{"footnotes":""},"categories":[269],"tags":[4499,4502,299,298,4501,4110,634,168,25,24,4500,1448,23,167,214],"class_list":{"0":"post-194448","1":"post","2":"type-post","3":"status-publish","4":"format-standard","5":"has-post-thumbnail","7":"category-baloncesto","8":"tag-aragon","9":"tag-aragonesa","10":"tag-baloncesto","11":"tag-basketball","12":"tag-cartv","13":"tag-corporacion","14":"tag-deporte","15":"tag-deportes","16":"tag-es","17":"tag-espana","18":"tag-publica","19":"tag-radio","20":"tag-spain","21":"tag-sports","22":"tag-tv"},"share_on_mastodon":{"url":"https:\/\/pubeurope.com\/@es\/115419497381556908","error":""},"_links":{"self":[{"href":"https:\/\/www.europesays.com\/es\/wp-json\/wp\/v2\/posts\/194448","targetHints":{"allow":["GET"]}}],"collection":[{"href":"https:\/\/www.europesays.com\/es\/wp-json\/wp\/v2\/posts"}],"about":[{"href":"https:\/\/www.europesays.com\/es\/wp-json\/wp\/v2\/types\/post"}],"author":[{"embeddable":true,"href":"https:\/\/www.europesays.com\/es\/wp-json\/wp\/v2\/users\/2"}],"replies":[{"embeddable":true,"href":"https:\/\/www.europesays.com\/es\/wp-json\/wp\/v2\/comments?post=194448"}],"version-history":[{"count":0,"href":"https:\/\/www.europesays.com\/es\/wp-json\/wp\/v2\/posts\/194448\/revisions"}],"wp:featuredmedia":[{"embeddable":true,"href":"https:\/\/www.europesays.com\/es\/wp-json\/wp\/v2\/media\/194449"}],"wp:attachment":[{"href":"https:\/\/www.europesays.com\/es\/wp-json\/wp\/v2\/media?parent=194448"}],"wp:term":[{"taxonomy":"category","embeddable":true,"href":"https:\/\/www.europesays.com\/es\/wp-json\/wp\/v2\/categories?post=194448"},{"taxonomy":"post_tag","embeddable":true,"href":"https:\/\/www.europesays.com\/es\/wp-json\/wp\/v2\/tags?post=194448"}],"curies":[{"name":"wp","href":"https:\/\/api.w.org\/{rel}","templated":true}]}}