{"id":194488,"date":"2025-10-22T19:58:15","date_gmt":"2025-10-22T19:58:15","guid":{"rendered":"https:\/\/www.europesays.com\/es\/194488\/"},"modified":"2025-10-22T19:58:15","modified_gmt":"2025-10-22T19:58:15","slug":"no-y-yo-en-el-sporting-no-queria-perder-ni-entrenando","status":"publish","type":"post","link":"https:\/\/www.europesays.com\/es\/194488\/","title":{"rendered":"\u00abNo, y yo en el Sporting no quer\u00eda perder ni entrenando&#8230;\u00bb"},"content":{"rendered":"<p>\t\t\t\t\t\tDeclaraciones en SER Gij\u00f3n<br \/>\n\t\t\t\t\t\t<strong>22 oct 2025<\/strong> . Actualizado a las 16:46 h.\t\t\t\t\t\t<\/p>\n<p class=\"first-paragraph txt\">El ex futbolista del Real Sporting de Gij\u00f3n, <strong>Alberto Lora<\/strong>, particip\u00f3 esta semana en la tertulia de SER Deportivos Gij\u00f3n para analizar la actualidad del conjunto rojiblanco, especialmente con el foco puesto en la nueva etapa con <strong>Borja Jim\u00e9nez<\/strong> al frente del banquillo sportinguista. Puedes escuchar la tertulia al completo en el siguiente reproductor:<\/p>\n<p class=\"ladillo\">Declaraciones de Lora en un fragmento de la entrevista:<\/p>\n<p class=\"txt\">\u00abEst\u00e1 claro que todo influye. Yo soy partidario de pensar que en dos semanas, aunque Borja tenga ideas diferentes respecto a Asier, es <strong>imposible<\/strong> cambiar de una manera tan radical a un grupo\u00bb<\/p>\n<p class=\"txt\">\u00abComo jugador siempre he dicho y mantengo que cuando hay una destituci\u00f3n y llega un nuevo entrenador,<strong> toda la plantilla se activa<\/strong>. No es que antes no quisieras hacer las cosas bien o no estuvieras implicado al 100%, sino que el cambio genera una reacci\u00f3n inmediata ya que el que era titular quiere seguir si\u00e9ndolo y el que estaba en el banquillo ve una nueva oportunidad para demostrar que puede ser uno de los elegibles para el once inicial. Por eso, el nivel general del grupo siempre <strong>da un paso adelante tras un relevo en el banquillo<\/strong>, porque todos quieren agradar al nuevo t\u00e9cnico y convencerle de que pueden ser \u00fatiles para el equipo\u00bb<\/p>\n<p class=\"txt\">&#13;<br \/>\n\t\t&#13;<br \/>\n\t\t\t&#13;<br \/>\n\t\t&#13;<br \/>\n\t\t&#13;<br \/>\n\t\t&#13;<br \/>\n\t\t\t\t\t\t\t\t\t\t\t\t&#13;<br \/>\n\t\t\t\t\t\t\t\t&#13;<br \/>\n&#13;<br \/>\n&#13;<\/p>\n<p>\t\t\t&#13;<br \/>\n\t&#13;<\/p>\n<p>\t\t\t<a href=\"https:\/\/www.lavozdeasturias.es\/noticia\/sporting1905\/2025\/10\/22\/jimenez-sube-guaje-17-anos-banda-izquierda-entrenamiento-sporting-3-bajas\/00031761128079631620713.htm\" data-analytics=\"link-embed\" rel=\"nofollow noopener\" target=\"_blank\">Jim\u00e9nez sube a un guaje de 17 a\u00f1os para la banda izquierda en un entrenamiento del Sporting con 3 bajas<\/a><\/p>\n<p class=\"a-min-author\">\n<p>\t\t\t\t\t\t\t\t\t\t\tDani Souto<\/p>\n<p>\t&#13;<br \/>\n\t&#13;<br \/>\n&#13;<br \/>\n\t\t\t\t&#13;<br \/>\n\t\t\t\t&#13;<br \/>\n\t&#13;<br \/>\n\t\t\t&#13;<br \/>\n\t\t\t&#13;<br \/>\n\t\t&#13;\n<\/p>\n<p class=\"txt\">\u00abEvidentemente, <strong>el mensaje tampoco es el mismo<\/strong> en un entrenador que est\u00e1 despu\u00e9s de cinco derrotas consecutivas que el de otro que ha analizado al equipo desde fuera, que llega con otra perspectiva. El nuevo suele aportar <strong>frescura,<\/strong> reforzar el estado an\u00edmico y devolver confianza, algo que a veces se pierde cuando se entra en una din\u00e1mica negativa de resultados y sensaciones\u00bb<\/p>\n<p class=\"txt\">\u00abDurante mi carrera profesional <strong>nunca he tenido la sensaci\u00f3n de que un jugador quiera perder<\/strong> porque \u00abes lo mejor\u00bb. Cuando estaba en el Sporting no quer\u00eda perder <strong>ni en los entrenamientos<\/strong>. En Primera no quer\u00edas bajar y en Segunda quer\u00edas ascender. Por eso me cuesta creer que un grupo pueda desear perder para provocar un cambio. Entiendo que <strong>ese tema de \u00abhacer la cama\u00bb genere morbo en la prensa o las redes, pero para m\u00ed no existe<\/strong>\u00bb<\/p>\n<p class=\"txt\">\u00abNecesitar\u00eda m\u00e1s tiempo para valorar el trabajo de Borja. No segu\u00ed mucho al Legan\u00e9s cuando \u00e9l estaba all\u00ed, as\u00ed que no conozco bien su m\u00e9todo. Pero sobre lo que dijo Dubasin, que ahora tiene <strong>m\u00e1s libertad<\/strong>, creo que tiene sentido. No todos los jugadores son iguales. Algunos necesitan pautas muy concretas, mientras que otros rinden mejor cuando el entrenador les deja m\u00e1s margen para decidir y expresarse en el campo\u00bb<\/p>\n<p class=\"txt\">\u00abHoy en d\u00eda parece que todo est\u00e1 m\u00e1s guionizado desde la base, <strong>como si se formaran robots en lugar de futbolistas<\/strong>. Es importante que haya orden y que el jugador sepa lo que tiene que hacer, pero tambi\u00e9n debe tener cierta libertad para interpretar el juego seg\u00fan la situaci\u00f3n. Si Dubasin se siente m\u00e1s c\u00f3modo con esa confianza, es positivo. Y ah\u00ed <strong>es clave que el t\u00e9cnico conozca bien a sus futbolistas<\/strong>, algo que se logra con charlas individuales\u00bb<\/p>\n<p class=\"txt\">&#13;<br \/>\n\t\t&#13;<br \/>\n\t\t\t&#13;<br \/>\n\t\t&#13;<br \/>\n\t\t&#13;<br \/>\n\t\t&#13;<br \/>\n\t\t\t\t\t\t\t\t\t\t\t\t&#13;<br \/>\n\t\t\t\t\t\t\t\t&#13;<br \/>\n&#13;<br \/>\n&#13;<\/p>\n<p>\t\t\t&#13;<br \/>\n\t&#13;<\/p>\n<p>\t\t\t<a href=\"https:\/\/www.lavozdeasturias.es\/noticia\/sporting1905\/2025\/10\/22\/gelabert-analiza-mejoro-borja-sporting-nuevo-rol-falso-9-viendo-mejor-version-jugador\/00031761130640149279784.htm\" data-analytics=\"link-embed\" rel=\"nofollow noopener\" target=\"_blank\">Gelabert analiza c\u00f3mo mejor\u00f3 Borja al Sporting y su nuevo rol de falso 9: \u00abEstamos viendo la mejor versi\u00f3n de cada jugador\u00bb<\/a><\/p>\n<p class=\"a-min-author\">\n<p>\t\t\t\t\t\t\t\t\t\t\tDani Souto<\/p>\n<p>\t&#13;<br \/>\n\t&#13;<br \/>\n&#13;<br \/>\n\t\t\t\t&#13;<br \/>\n\t\t\t\t&#13;<br \/>\n\t&#13;<br \/>\n\t\t\t&#13;<br \/>\n\t\t\t&#13;<br \/>\n\t\t&#13;\n<\/p>\n<p class=\"txt\">\u00abEs evidente que la Segunda Divisi\u00f3n es una categor\u00eda muy exigente y que <strong>mantener el nivel durante 42 jornadas con los mismos once es pr\u00e1cticamente imposible<\/strong>. Siempre hay momentos para descansar, rotar y dar minutos de calidad a los que esperan su oportunidad. Ahora mismo<strong> el Sporting no parece tener una plantilla lo suficientemente amplia<\/strong> para afrontar la temporada con garant\u00edas. La competitividad interna es fundamental. Si un jugador se relaja porque sabe que va a jugar s\u00ed o s\u00ed, inconscientemente puede bajar su rendimiento. Por eso es necesario que siempre haya alguien cerca, presionando desde atr\u00e1s, para que todos mantengan el nivel m\u00e1s alto posible y el equipo no pierda intensidad\u00bb<\/p>\n<p>&#13;<br \/>\n\tArchivado en:&#13;<br \/>\n\t\t\t\t\t<a href=\"https:\/\/www.lavozdeasturias.es\/temas\/sporting-de-gijon\/\" target=\"_blank\" class=\"mg-l\" rel=\"nofollow noopener\">Sporting de Gij\u00f3n<\/a>&#13;<br \/>\n\t&#13;<\/p>\n","protected":false},"excerpt":{"rendered":"Declaraciones en SER Gij\u00f3n 22 oct 2025 . Actualizado a las 16:46 h. El ex futbolista del Real&hellip;\n","protected":false},"author":2,"featured_media":194489,"comment_status":"","ping_status":"","sticky":false,"template":"","format":"standard","meta":{"footnotes":""},"categories":[268],"tags":[168,25,24,280,282,281,23,4783,167],"class_list":{"0":"post-194488","1":"post","2":"type-post","3":"status-publish","4":"format-standard","5":"has-post-thumbnail","7":"category-futbol","8":"tag-deportes","9":"tag-es","10":"tag-espana","11":"tag-football","12":"tag-futbol","13":"tag-soccer","14":"tag-spain","15":"tag-sporting-de-gijon","16":"tag-sports"},"share_on_mastodon":{"url":"https:\/\/pubeurope.com\/@es\/115419591994851171","error":""},"_links":{"self":[{"href":"https:\/\/www.europesays.com\/es\/wp-json\/wp\/v2\/posts\/194488","targetHints":{"allow":["GET"]}}],"collection":[{"href":"https:\/\/www.europesays.com\/es\/wp-json\/wp\/v2\/posts"}],"about":[{"href":"https:\/\/www.europesays.com\/es\/wp-json\/wp\/v2\/types\/post"}],"author":[{"embeddable":true,"href":"https:\/\/www.europesays.com\/es\/wp-json\/wp\/v2\/users\/2"}],"replies":[{"embeddable":true,"href":"https:\/\/www.europesays.com\/es\/wp-json\/wp\/v2\/comments?post=194488"}],"version-history":[{"count":0,"href":"https:\/\/www.europesays.com\/es\/wp-json\/wp\/v2\/posts\/194488\/revisions"}],"wp:featuredmedia":[{"embeddable":true,"href":"https:\/\/www.europesays.com\/es\/wp-json\/wp\/v2\/media\/194489"}],"wp:attachment":[{"href":"https:\/\/www.europesays.com\/es\/wp-json\/wp\/v2\/media?parent=194488"}],"wp:term":[{"taxonomy":"category","embeddable":true,"href":"https:\/\/www.europesays.com\/es\/wp-json\/wp\/v2\/categories?post=194488"},{"taxonomy":"post_tag","embeddable":true,"href":"https:\/\/www.europesays.com\/es\/wp-json\/wp\/v2\/tags?post=194488"}],"curies":[{"name":"wp","href":"https:\/\/api.w.org\/{rel}","templated":true}]}}