{"id":194511,"date":"2025-10-22T20:13:26","date_gmt":"2025-10-22T20:13:26","guid":{"rendered":"https:\/\/www.europesays.com\/es\/194511\/"},"modified":"2025-10-22T20:13:26","modified_gmt":"2025-10-22T20:13:26","slug":"la-casa-prefabricada-de-aliexpress-con-hasta-4-dormitorios-cocina-y-bano-completos-por-menos-de-7-300-euros","status":"publish","type":"post","link":"https:\/\/www.europesays.com\/es\/194511\/","title":{"rendered":"La casa prefabricada de AliExpress con hasta 4 dormitorios, cocina y ba\u00f1o completos por menos de 7.300 euros"},"content":{"rendered":"<p style=\"\">Durante d\u00e9cadas, tener una <a href=\"https:\/\/www.abc.es\/recreo\/juan-ramon-rallo-economista-sobre-legisla-regular-20251014160000-nt.html\" target=\"_self\" data-voc-vtm-id=\"in-text-traffic\" title=\"casa propia\" data-mrf-link=\"www.abc.es\" rel=\"nofollow noopener\">casa propia<\/a> ha sido uno de los grandes sue\u00f1os de los espa\u00f1oles. Sin embargo, el <strong>imparable aumento de los precios<\/strong> del mercado inmobiliario ha convertido ese sue\u00f1o en un lujo casi inalcanzable para buena parte de la poblaci\u00f3n. Las  &#8230; hipotecas se alargan durante d\u00e9cadas, los alquileres rozan cifras impensables hace apenas unos a\u00f1os y <strong>los j\u00f3venes se enfrentan a un panorama en el que la emancipaci\u00f3n parece un privilegio<\/strong>. Ante este contexto, surgen <strong>nuevas formas de entender la vivienda<\/strong>.<\/p>\n<p class=\"voc-p\" style=\"\">Las <a href=\"https:\/\/www.abc.es\/economia\/casa-prefabricada-aliexpress-7500-euros-dos-dormitorios-cocina-sala-estar-bano-20251012201551-nt.html\" target=\"_self\" data-voc-vtm-id=\"in-text-traffic\" title=\"casas prefabricadas\" data-mrf-link=\"www.abc.es\" rel=\"nofollow noopener\">casas prefabricadas<\/a>, que hace una d\u00e9cada se percib\u00edan como una rareza o una opci\u00f3n ef\u00edmera, se han convertido en una <strong>alternativa real para quienes buscan independencia y estabilidad<\/strong> sin hipotecar su futuro. Su r\u00e1pida instalaci\u00f3n, su eficiencia energ\u00e9tica y la posibilidad de personalizarlas a gusto del comprador las han situado en el centro de un fen\u00f3meno imparable. Y en ese terreno, las grandes plataformas de comercio electr\u00f3nico han encontrado un nuevo fil\u00f3n. Amazon, Temu o AliExpress, conocidas por vender desde tecnolog\u00eda hasta moda, ahora ofrecen viviendas completas a precios impensables.<\/p>\n<p class=\"voc-p\" style=\"\">De entre todas las opciones disponibles, una de las que m\u00e1s inter\u00e9s ha despertado recientemente es la casa prefabricada de AliExpress con <strong>hasta cuatro habitaciones y<\/strong><strong>cocina y ba\u00f1o completo<\/strong> por tan solo <strong>7.269,69 euros<\/strong>. Este modelo, fabricado con un <strong>marco de acero galvanizado<\/strong> y dise\u00f1ado para resistir condiciones exigentes, representa una de las ofertas m\u00e1s competitivas del mercado. A pesar de su bajo coste, no escatima en materiales ni prestaciones: el muro est\u00e1 compuesto por <strong>paneles de acero de color de 75 mm con aislamiento<\/strong> interno a elegir entre EPS, lana de roca o poliuretano (PU), garantizando un excelente comportamiento t\u00e9rmico y ac\u00fastico.<\/p>\n<p><img decoding=\"async\" loading=\"lazy\" src=\"https:\/\/www.europesays.com\/es\/wp-content\/uploads\/2025\/10\/cocina-casa-prefabricada-U04753163323fDr-760x800@diario_abc.PNG\" class=\"voc-img\" width=\"760\" height=\"800\" alt=\"La vivienda permite personalizar los colores, adapt\u00e1ndose as\u00ed al entorno o al gusto de cada usuario\" data-voc-vtm-id=\"in-text-traffic\"\/><\/p>\n<p>La vivienda permite personalizar los colores, adapt\u00e1ndose as\u00ed al entorno o al gusto de cada usuario<\/p>\n<p>Aliexpress<\/p>\n<p class=\"voc-p\" style=\"\">El suelo est\u00e1 elaborado con<strong> tablero de fibra de cemento o madera contrachapada de 18 mm<\/strong>, recubierto con <strong>PVC, SPC o madera<\/strong>, seg\u00fan la elecci\u00f3n del comprador. Las <strong>puertas<\/strong> pueden ser de<strong> acero, vidrio, aluminio o aleaci\u00f3n de titanio-magnesio<\/strong>, mientras que las <strong>ventanas<\/strong> est\u00e1n fabricadas en <strong>PVC o aluminio<\/strong>, lo que refuerza la sensaci\u00f3n de confort y seguridad.<\/p>\n<p class=\"voc-p\" style=\"\">Pero quiz\u00e1 lo m\u00e1s sorprendente es la <strong>rapidez de instalaci\u00f3n<\/strong>. Seg\u00fan la descripci\u00f3n del producto, solo se necesitan <strong>cuatro personas y diez minutos para montarla<\/strong>, sin necesidad de gr\u00faa ni maquinaria pesada. Esta caracter\u00edstica la convierte en una soluci\u00f3n ideal tanto para quienes buscan una vivienda permanente como para quienes desean un refugio temporal en una finca, una segunda residencia o incluso un espacio de trabajo en el campo.<\/p>\n<p>\nPersonalizable, funcional y sorprendentemente asequible\n<\/p>\n<p class=\"voc-p\" style=\"\">Una de las grandes virtudes de esta vivienda es su <strong>versatilidad<\/strong>. El comprador puede <strong>elegir la distribuci\u00f3n<\/strong>, desde <strong>una hasta cuatro habitaciones<\/strong>, incluyendo una <strong>cocina totalmente funcional<\/strong>, un <strong>sal\u00f3n<\/strong> amplio y uno o dos <strong>ba\u00f1os completos con inodoro, lavabo, ducha, espejo de tocador y ventana de ventilaci\u00f3n<\/strong>. Adem\u00e1s, permite <strong>personalizar los colores<\/strong>, adapt\u00e1ndose as\u00ed al entorno o al gusto de cada usuario.<\/p>\n<p class=\"voc-p\" style=\"\">En cuanto al <strong>equipamiento el\u00e9ctrico<\/strong>, cumple con los <strong>est\u00e1ndares internacionales CEL<\/strong> y puede configurarse seg\u00fan las necesidades del comprador, lo que a\u00f1ade un plus de comodidad y seguridad. <\/p>\n<p class=\"voc-p\" style=\"\">M\u00e1s all\u00e1 del precio y de la facilidad de montaje, lo que m\u00e1s llama la atenci\u00f3n es la posibilidad de <strong>disponer de un espacio propio y completo sin tener que recurrir a largos procesos burocr\u00e1ticos o hipotecarios<\/strong>. En un momento en que el acceso a la vivienda es una de las principales preocupaciones sociales, propuestas como esta abren la puerta  a un nuevo modelo de vida m\u00e1s libre, accesible y sostenible.<\/p>\n","protected":false},"excerpt":{"rendered":"Durante d\u00e9cadas, tener una casa propia ha sido uno de los grandes sue\u00f1os de los espa\u00f1oles. Sin embargo,&hellip;\n","protected":false},"author":2,"featured_media":194512,"comment_status":"","ping_status":"","sticky":false,"template":"","format":"standard","meta":{"footnotes":""},"categories":[8],"tags":[54085,26412,15424,17,18,385,5055,28031,24992,25,24,1557,13,14,11,19,20,9,10,15,16,38072,23,12,21,22],"class_list":{"0":"post-194511","1":"post","2":"type-post","3":"status-publish","4":"format-standard","5":"has-post-thumbnail","7":"category-espana","8":"tag-54085","9":"tag-aliexpress","10":"tag-bano","11":"tag-breaking-news","12":"tag-breakingnews","13":"tag-casa","14":"tag-cocina","15":"tag-completos","16":"tag-dormitorios","17":"tag-es","18":"tag-espana","19":"tag-euros","20":"tag-featured-news","21":"tag-featurednews","22":"tag-headlines","23":"tag-latest-news","24":"tag-latestnews","25":"tag-news","26":"tag-noticias","27":"tag-noticias-destacadas","28":"tag-noticiasdestacadas","29":"tag-prefabricada","30":"tag-spain","31":"tag-titulares","32":"tag-ultimas-noticias","33":"tag-ultimasnoticias"},"share_on_mastodon":{"url":"https:\/\/pubeurope.com\/@es\/115419651528902165","error":""},"_links":{"self":[{"href":"https:\/\/www.europesays.com\/es\/wp-json\/wp\/v2\/posts\/194511","targetHints":{"allow":["GET"]}}],"collection":[{"href":"https:\/\/www.europesays.com\/es\/wp-json\/wp\/v2\/posts"}],"about":[{"href":"https:\/\/www.europesays.com\/es\/wp-json\/wp\/v2\/types\/post"}],"author":[{"embeddable":true,"href":"https:\/\/www.europesays.com\/es\/wp-json\/wp\/v2\/users\/2"}],"replies":[{"embeddable":true,"href":"https:\/\/www.europesays.com\/es\/wp-json\/wp\/v2\/comments?post=194511"}],"version-history":[{"count":0,"href":"https:\/\/www.europesays.com\/es\/wp-json\/wp\/v2\/posts\/194511\/revisions"}],"wp:featuredmedia":[{"embeddable":true,"href":"https:\/\/www.europesays.com\/es\/wp-json\/wp\/v2\/media\/194512"}],"wp:attachment":[{"href":"https:\/\/www.europesays.com\/es\/wp-json\/wp\/v2\/media?parent=194511"}],"wp:term":[{"taxonomy":"category","embeddable":true,"href":"https:\/\/www.europesays.com\/es\/wp-json\/wp\/v2\/categories?post=194511"},{"taxonomy":"post_tag","embeddable":true,"href":"https:\/\/www.europesays.com\/es\/wp-json\/wp\/v2\/tags?post=194511"}],"curies":[{"name":"wp","href":"https:\/\/api.w.org\/{rel}","templated":true}]}}