{"id":194513,"date":"2025-10-22T20:14:41","date_gmt":"2025-10-22T20:14:41","guid":{"rendered":"https:\/\/www.europesays.com\/es\/194513\/"},"modified":"2025-10-22T20:14:41","modified_gmt":"2025-10-22T20:14:41","slug":"el-colegio-de-sandra-defiende-su-sistema-de-deteccion-temprana-de-todo-lo-que-perjudique-el-bienestar-de-los-alumnos","status":"publish","type":"post","link":"https:\/\/www.europesays.com\/es\/194513\/","title":{"rendered":"El colegio de Sandra defiende su sistema de \u00abdetecci\u00f3n temprana\u00bb de todo lo que perjudique el \u00abbienestar\u00bb de los alumnos"},"content":{"rendered":"<p class=\"article-text\">\n        El <a href=\"https:\/\/irlandesasloreto.org\/\" target=\"_blank\" data-mrf-recirculation=\"links-noticia\" class=\"link\" rel=\"nofollow noopener\">colegio Irlandesas Loreto de Sevilla<\/a>, donde estaba escolarizada <a href=\"https:\/\/www.eldiario.es\/sevilla\/fallos-acaban-suicidio-voces-alertaron-inexistente-protocolo-antiacoso-colegio-sandra_1_12690745.html\" target=\"_blank\" data-mrf-recirculation=\"links-noticia\" class=\"link\" rel=\"nofollow noopener\">Sandra Pe\u00f1a, la menor de 14 a\u00f1os que se suicid\u00f3 la pasada semana<\/a> presuntamente tras ser v\u00edctima de acoso escolar, ha defendido este mi\u00e9rcoles sus mecanismos para hacer frente a situaciones relacionadas con la salud mental. En relaci\u00f3n con este caso, tanto el Parlamento andaluz como el Ayuntamiento hispalense han guardado un minuto de silencio este mi\u00e9rcoles antes del inicio de sus respectivos plenos.\n    <\/p>\n<p>    <a href=\"https:\/\/www.eldiario.es\/sevilla\/moreno-propone-vetar-redes-sociales-menores-acosen-forma-reiterada-suicidio-sandra_1_12700928.html\" data-mrf-recirculation=\"saber-mas\" data-dl-event=\"saber-mas\" rel=\"nofollow noopener\" target=\"_blank\"><\/p>\n<p class=\"know-more__title\">Moreno propone vetar en redes sociales a los menores que acosen de forma \u00abreiterada\u00bb tras el suicidio de Sandra Pe\u00f1a<\/p>\n<p>            <img decoding=\"async\" class=\"lazy\" loading=\"lazy\" data-src=\"https:\/\/static.eldiario.es\/clip\/a2a59da8-7fef-410c-91d2-5eff7d18857f_16-9-aspect-ratio_default_0.jpg\" src=\"data:image\/svg+xml,%3Csvg xmlns=\" http:=\"\" viewbox=\"0 0 880 495\" alt=\"Moreno propone vetar en redes sociales a los menores que acosen de forma &quot;reiterada&quot; tras el suicidio de Sandra Pe\u00f1a\"\/><\/p>\n<p>                        <\/a><\/p>\n<p class=\"article-text\">\n        \u201cEstamos profundamente comprometidos con la prevenci\u00f3n, detecci\u00f3n temprana y actuaci\u00f3n ante cualquier circunstancia que pueda ser perjudicial para el bienestar de nuestro alumnado\u201d, asegura el centro. Igualmente, subraya que \u201cformamos a nuestro profesorado y, ante cualquier se\u00f1al, se ponen en marcha las medidas necesarias\u201d.\n    <\/p>\n<p class=\"article-text\">\n        As\u00ed lo ha expresado en <a href=\"https:\/\/irlandesasloreto.org\/2025\/10\/22\/comunicado-22-10-25\/\" target=\"_blank\" data-mrf-recirculation=\"links-noticia\" class=\"link\" rel=\"nofollow noopener\">un comunicado<\/a> en el que tambi\u00e9n pide una \u201cprofunda reflexi\u00f3n como sociedad\u201d, dentro de \u201cla proliferaci\u00f3n de ecosistemas digitales\u201d. \u201cNos encontramos en un contexto altamente sensible en el que urge abordar con m\u00e1s rapidez, flexibilidad y determinaci\u00f3n situaciones de necesidad o vulnerabilidad que nuestros j\u00f3venes pueden atravesar a lo largo de sus a\u00f1os de desarrollo\u201d.\n    <\/p>\n<p class=\"article-text\">\n        Para ello, el centro esgrime que \u201cbuena prueba de ello\u201d son estos \u00faltimos d\u00edas, en los que \u201cestamos asistiendo a la publicaci\u00f3n de <a href=\"https:\/\/www.eldiario.es\/sevilla\/fiscalia-sevilla-investiga-difusion-redes-imagenes-menores-identificadas-acosadoras-sandra_1_12701443.html\" target=\"_blank\" data-mrf-recirculation=\"links-noticia\" class=\"link\" rel=\"nofollow noopener\">contenido en redes sociales altamente perjudicial para los propios menores<\/a>\u201d. \u201cComo sociedad merecemos una profunda reflexi\u00f3n. Nosotros, como centro educativo, queremos participar de manera activa en ella\u201d, a\u00f1ade el comunicado.\n    <\/p>\n<p>    Respuesta \u201ccontundente y un\u00e1nime\u201d<\/p>\n<p class=\"article-text\">\n        Al respecto, el colegio ha informado de que en los pr\u00f3ximos d\u00edas abrir\u00e1 \u201cun espacio de di\u00e1logo\u201d en el que, \u201ca trav\u00e9s de la experiencia y conocimiento de las instituciones, familias, centros escolares, alumnado, asociaciones y expertos puedan acordar propuestas concretas de actuaci\u00f3n\u201d. Se\u00f1ala el centro escolar, ubicado en las proximidades de la Carretera de Carmona, que los retos a los que nos enfrentamos \u201cson may\u00fasculos\u201d y la respuesta \u201cdebe ser contundente y un\u00e1nime\u201d.\n    <\/p>\n<p class=\"article-text\">\n        \u201cEstamos convencidos de que, entre todos, podremos conseguir que Andaluc\u00eda se sit\u00fae a la vanguardia de un gran proceso de cambio que nos convierta en un pa\u00eds mejor\u201d, destaca el citado escrito.\n    <\/p>\n<p class=\"article-text\">\n        El colegio Irlandesas Loreto ha expresado, adem\u00e1s, que se encuentran \u201cprofundamente consternados\u201d por el fallecimiento de Sandra. \u201cNuestro profesorado, alumnado y nuestra comunidad educativa acompa\u00f1amos a su familia en el profundo dolor por el que est\u00e1 atravesando. Compartimos la conmoci\u00f3n que se est\u00e1 viviendo en Sevilla ante un hecho que nunca deber\u00eda producirse\u201d.\n    <\/p>\n<p class=\"article-text\">\n        Subraya el colegio que desde el mismo momento en que se conoci\u00f3 la noticia se pusieron a disposici\u00f3n de las autoridades competentes que est\u00e1n investigando lo sucedido. \u201cParalelamente, hemos tomado la decisi\u00f3n de dar un paso adelante para conseguir que los centros educativos estemos lo mejor preparados posibles para atender a los alumnos que, por cualquier circunstancia, se encuentren en una situaci\u00f3n de vulnerabilidad o necesidad\u201d.\n    <\/p>\n<p>    Dos investigaciones abiertas por la Fiscal\u00eda<\/p>\n<p class=\"article-text\">\n        \u201cHemos iniciado un an\u00e1lisis de nuestro entorno educativo con el objetivo de seguir profundizando en los mecanismos actuales de atenci\u00f3n integral a nuestro alumnado. Para avanzar en \u00e9l y concretar un plan de acci\u00f3n, vamos a solicitar el apoyo de visiones externas, especializadas en psicolog\u00eda y en servicios sociales\u201d. Terminado este proceso, el centro anuncia que compartir\u00e1 las conclusiones con las instituciones y el resto de la comunidad educativa \u201ccon el \u00e1nimo de que sirva a otros colegios\u201d.\n    <\/p>\n<p class=\"article-text\">\n        En relaci\u00f3n con este caso, <a href=\"https:\/\/www.eldiario.es\/sevilla\/fiscalia-abre-expedientes-investigar-suicidio-sandra-menor-quito-vida-sevilla-sufrir-acoso-escolar_1_12698916.html\" target=\"_blank\" data-mrf-recirculation=\"links-noticia\" class=\"link\" rel=\"nofollow noopener\">la Fiscal\u00eda de Sevilla tiene abiertos dos expedientes<\/a> para investigar las circunstancias que rodean el presunto suicidio de la joven, que el martes de la semana pasada se precipit\u00f3 desde una azotea. En este sentido, uno de los procedimientos, de reforma juvenil, se centra en la posible implicaci\u00f3n de varias menores en los hechos, mientras que el segundo, de supervisi\u00f3n, tiene por objeto evaluar la actuaci\u00f3n y <a href=\"https:\/\/www.eldiario.es\/sevilla\/colegio-sandra-pide-cautela-investiga-suicidio-alumna-sufrir-acoso-escolar_1_12699068.html\" target=\"_blank\" data-mrf-recirculation=\"links-noticia\" class=\"link\" rel=\"nofollow noopener\">posible responsabilidad de los responsables del centro educativo<\/a> en el que estudiaba la v\u00edctima.\n    <\/p>\n<p class=\"article-text\">\n        Por otro lado, la Consejer\u00eda de Desarrollo Educativo y Formaci\u00f3n Profesional advert\u00eda que el colegio <a href=\"https:\/\/www.eldiario.es\/sevilla\/colegio-menor-suicido-perder-concierto-junta-andalucia-si-cometio-falta-grave_1_12697697.html\" target=\"_blank\" data-mrf-recirculation=\"links-noticia\" class=\"link\" rel=\"nofollow noopener\">podr\u00eda perder el concierto educativo<\/a> \u201csi el expediente administrativo concluyera que ha existido un incumplimiento muy grave\u201d del mismo. A esto, el propio presidente de la Junta de Andaluc\u00eda, Juan Manuel Moreno, suger\u00eda este martes que las grandes corporaciones tecnol\u00f3gicas <a href=\"https:\/\/www.eldiario.es\/sevilla\/moreno-propone-vetar-redes-sociales-menores-acosen-forma-reiterada-suicidio-sandra_1_12700928.html\" target=\"_blank\" data-mrf-recirculation=\"links-noticia\" class=\"link\" rel=\"nofollow noopener\">bloqueen el uso de las redes sociales a los que acosen<\/a> de manera \u201creiterada\u201d a otros tras este caso.\n    <\/p>\n<p>    <a href=\"https:\/\/www.eldiario.es\/sevilla\/fiscalia-sevilla-investiga-difusion-redes-imagenes-menores-identificadas-acosadoras-sandra_1_12701443.html\" data-mrf-recirculation=\"saber-mas-abajo\" data-dl-event=\"saber-mas-abajo\" rel=\"nofollow noopener\" target=\"_blank\"><\/p>\n<p class=\"know-more__title\">La Fiscal\u00eda de Sevilla investiga la difusi\u00f3n en redes de im\u00e1genes de menores identificadas como acosadoras de Sandra<\/p>\n<p>            <img decoding=\"async\" class=\"lazy\" loading=\"lazy\" data-src=\"https:\/\/static.eldiario.es\/clip\/6299eae7-5586-4c39-b331-785da775b8d9_16-9-aspect-ratio_default_0.jpg\" src=\"data:image\/svg+xml,%3Csvg xmlns=\" http:=\"\" viewbox=\"0 0 880 495\" alt=\"La Fiscal\u00eda de Sevilla investiga la difusi\u00f3n en redes de im\u00e1genes de menores identificadas como acosadoras de Sandra\"\/><\/p>\n<p>                        <\/a><\/p>\n<p class=\"article-text\">\n        La Polic\u00eda Nacional est\u00e1 realizando un trabajo de \u201ccustodia y vigilancia\u201d para evitar \u201csituaciones no deseables\u201d en el entorno del centro educativo. El delegado del Gobierno, Pedro Fern\u00e1ndez, ped\u00eda el \u201cm\u00e1ximo respeto\u201d al trabajo de la Polic\u00eda y la Fiscal\u00eda de Menores en la investigaci\u00f3n del caso. Asimismo, destacaba que el papel del tel\u00e9fono m\u00f3vil en el proceso es \u201cimportante\u201d.\n    <\/p>\n<p class=\"article-text\">\n        <a href=\"https:\/\/usuarios.eldiario.es\/hazte_socio\/?utm_source=andalucia&amp;utm_campaign=eell&amp;utm_medium=all&amp;_gl=1*1686cvs*_gcl_au*MTYxMDA0MjMxOS4xNzUzODU2NTg0*_ga*MzI3MDQxMTk0LjE2Njc4MTY1MDY.*_ga_4RZPWREGF3*czE3NTk4MzU1ODckbzcwJGcxJHQxNzU5ODM2MDg2JGo2MCRsMCRoMA..\" target=\"_blank\" data-mrf-recirculation=\"links-noticia\" class=\"link\" rel=\"nofollow noopener\">Desde este enlace<\/a>\u00a0puedes convertirte en nuevo socio\/a de\u00a0<a href=\"https:\/\/www.eldiario.es\/andalucia\/\" target=\"_blank\" data-mrf-recirculation=\"links-noticia\" class=\"link\" rel=\"nofollow noopener\">elDiario.es Andaluc\u00eda<\/a>\u00a0y apoyar\u00e1s econ\u00f3micamente un periodismo independiente y riguroso hecho desde nuestra tierra.\n    <\/p>\n<p class=\"article-text\">\n        Si ya eres socio\/a, puedes hacer una aportaci\u00f3n extra destinada \u00edntegramente a\u00a0<a href=\"https:\/\/www.eldiario.es\/andalucia\/\" target=\"_blank\" data-mrf-recirculation=\"links-noticia\" class=\"link\" rel=\"nofollow noopener\">elDiario.es Andaluc\u00eda<\/a>\u00a0desde el apartado &#8216;Tu cuota&#8217;. Es importante para que podamos seguir contando noticias de Andaluc\u00eda desde Andaluc\u00eda. \u00a1Gracias por tu apoyo!\n    <\/p>\n","protected":false},"excerpt":{"rendered":"El colegio Irlandesas Loreto de Sevilla, donde estaba escolarizada Sandra Pe\u00f1a, la menor de 14 a\u00f1os que se&hellip;\n","protected":false},"author":2,"featured_media":194514,"comment_status":"","ping_status":"","sticky":false,"template":"","format":"standard","meta":{"footnotes":""},"categories":[5],"tags":[447,4251,17,18,42658,5443,6525,25,24,13,14,11,19,20,9,10,15,16,54086,7279,7019,23,10888,12,21,22],"class_list":{"0":"post-194513","1":"post","2":"type-post","3":"status-publish","4":"format-standard","5":"has-post-thumbnail","7":"category-titulares","8":"tag-alumnos","9":"tag-bienestar","10":"tag-breaking-news","11":"tag-breakingnews","12":"tag-colegio","13":"tag-defiende","14":"tag-deteccion","15":"tag-es","16":"tag-espana","17":"tag-featured-news","18":"tag-featurednews","19":"tag-headlines","20":"tag-latest-news","21":"tag-latestnews","22":"tag-news","23":"tag-noticias","24":"tag-noticias-destacadas","25":"tag-noticiasdestacadas","26":"tag-perjudique","27":"tag-sandra","28":"tag-sistema","29":"tag-spain","30":"tag-temprana","31":"tag-titulares","32":"tag-ultimas-noticias","33":"tag-ultimasnoticias"},"share_on_mastodon":{"url":"https:\/\/pubeurope.com\/@es\/115419654673444924","error":""},"_links":{"self":[{"href":"https:\/\/www.europesays.com\/es\/wp-json\/wp\/v2\/posts\/194513","targetHints":{"allow":["GET"]}}],"collection":[{"href":"https:\/\/www.europesays.com\/es\/wp-json\/wp\/v2\/posts"}],"about":[{"href":"https:\/\/www.europesays.com\/es\/wp-json\/wp\/v2\/types\/post"}],"author":[{"embeddable":true,"href":"https:\/\/www.europesays.com\/es\/wp-json\/wp\/v2\/users\/2"}],"replies":[{"embeddable":true,"href":"https:\/\/www.europesays.com\/es\/wp-json\/wp\/v2\/comments?post=194513"}],"version-history":[{"count":0,"href":"https:\/\/www.europesays.com\/es\/wp-json\/wp\/v2\/posts\/194513\/revisions"}],"wp:featuredmedia":[{"embeddable":true,"href":"https:\/\/www.europesays.com\/es\/wp-json\/wp\/v2\/media\/194514"}],"wp:attachment":[{"href":"https:\/\/www.europesays.com\/es\/wp-json\/wp\/v2\/media?parent=194513"}],"wp:term":[{"taxonomy":"category","embeddable":true,"href":"https:\/\/www.europesays.com\/es\/wp-json\/wp\/v2\/categories?post=194513"},{"taxonomy":"post_tag","embeddable":true,"href":"https:\/\/www.europesays.com\/es\/wp-json\/wp\/v2\/tags?post=194513"}],"curies":[{"name":"wp","href":"https:\/\/api.w.org\/{rel}","templated":true}]}}