{"id":194515,"date":"2025-10-22T20:15:24","date_gmt":"2025-10-22T20:15:24","guid":{"rendered":"https:\/\/www.europesays.com\/es\/194515\/"},"modified":"2025-10-22T20:15:24","modified_gmt":"2025-10-22T20:15:24","slug":"el-rocasa-prepara-su-partido-ante-aula-valladolid-con-un-amistoso-frente-al-galdar-juvenil","status":"publish","type":"post","link":"https:\/\/www.europesays.com\/es\/194515\/","title":{"rendered":"El Rocasa prepara su partido ante Aula Valladolid con un amistoso frente al G\u00e1ldar juvenil"},"content":{"rendered":"<p style=\"text-align:justify;\">El Rocasa Gran Canaria disputar\u00e1 este mi\u00e9rcoles a las 20.00 horas un partido amistoso ante el Motosport Juani G\u00e1ldar, conjunto juvenil, en el Pabell\u00f3n Antonio Moreno. El encuentro se enmarca dentro de los preparativos del equipo teldense antes de afrontar la s\u00e9ptima jornada de la Liga Guerreras Iberdrola en la que se medir\u00e1 al Caja Rural Aula Valladolid el s\u00e1bado\u00a0 a las 18.00 horas en el Pabell\u00f3n Huerta del Rey.<\/p>\n<p style=\"text-align:justify;\">\u00a0<\/p>\n<p style=\"text-align:justify;\">El equipo dirigido por Carlos Herrera registra tres victorias y tres derrotas en las seis primeras jornadas de la competici\u00f3n. El conjunto inici\u00f3 la temporada con dos triunfos consecutivos, cay\u00f3 ante el S\u00faper Amara Bera Bera, venci\u00f3 en el derbi canario frente al CICAR Lanzarote Ciudad de Arrecife, y posteriormente encaden\u00f3 dos derrotas ante el Beti-Onak y el Costa del Sol M\u00e1laga.<\/p>\n<p style=\"text-align:justify;\">\u00a0<\/p>\n<p style=\"text-align:justify;\">La jugadora Lourdes \u201cLul\u00fa\u201d Guerra declar\u00f3 a la web del club que \u201cdos tropiezos no cambian el objetivo ni el nivel de ambici\u00f3n del equipo\u201d y afirm\u00f3 que la plantilla \u201cconf\u00eda en el trabajo que est\u00e1 realizando\u201d. La portera se\u00f1al\u00f3 que \u201cel Rocasa est\u00e1 construido para competir en la zona alta\u201d y que \u201cla plantilla ha mejorado en car\u00e1cter y confianza respecto a la temporada pasada\u201d. A\u00f1adi\u00f3 que \u201ccuando el partido se complica, el equipo ha aprendido a reaccionar y a darle la vuelta a las situaciones sin desesperarse\u201d.<\/p>\n<p style=\"text-align:justify;\">\u00a0<\/p>\n<p style=\"text-align:justify;\">Guerra explic\u00f3 que la plantilla ha realizado autocr\u00edtica tras los \u00faltimos encuentros, con el objetivo de \u201cmantener la continuidad y ser m\u00e1s contundentes en los momentos decisivos\u201d. Indic\u00f3 adem\u00e1s que el equipo \u201ctrabaja para corregir los errores y afrontar los pr\u00f3ximos partidos con m\u00e1s determinaci\u00f3n\u201d.<\/p>\n<p style=\"text-align:justify;\">\u00a0<\/p>\n<p style=\"text-align:justify;\">El Balonmano G\u00e1ldar Gran Canaria inform\u00f3 que el amistoso frente al Rocasa permitir\u00e1 a su equipo juvenil \u201cmedir su nivel ante un club de la m\u00e1xima categor\u00eda nacional\u201d y \u201cacumular experiencia competitiva\u201d. Este encuentro forma parte del calendario de actividad de la base galdense, que afronta una semana con varios compromisos en distintas categor\u00edas dentro de la Copa Apertura.<\/p>\n<p style=\"text-align:justify;\">\u00a0<\/p>\n<p style=\"text-align:justify;\">El Rocasa Gran Canaria continuar\u00e1 con su preparaci\u00f3n durante los pr\u00f3ximos d\u00edas en el Pabell\u00f3n Antonio Moreno, antes de viajar a Valladolid para disputar el encuentro correspondiente a la s\u00e9ptima jornada de la Liga Guerreras Iberdrola.<\/p>\n","protected":false},"excerpt":{"rendered":"El Rocasa Gran Canaria disputar\u00e1 este mi\u00e9rcoles a las 20.00 horas un partido amistoso ante el Motosport Juani&hellip;\n","protected":false},"author":2,"featured_media":194516,"comment_status":"","ping_status":"","sticky":false,"template":"","format":"standard","meta":{"footnotes":""},"categories":[278],"tags":[376,1896,6219,26502,209,168,7051,1180,2958,25,2586,32619,24,41854,18496,41855,1897,375,1854,41851,32605,11741,12728,3641,6238,41852,10,1925,2330,41856,41853,492,23,167,29725,41850,1370,159,12,1529,21],"class_list":{"0":"post-194515","1":"post","2":"type-post","3":"status-publish","4":"format-standard","5":"has-post-thumbnail","7":"category-balonmano","8":"tag-balonmano","9":"tag-canarias","10":"tag-canary-islands","11":"tag-cartas-al-director","12":"tag-cultura","13":"tag-deportes","14":"tag-diario-digital","15":"tag-editorial","16":"tag-entrevistas","17":"tag-es","18":"tag-espaa","19":"tag-espagne","20":"tag-espana","21":"tag-fotodenuncia","22":"tag-fuerteventura","23":"tag-gomera","24":"tag-gran-canaria","25":"tag-handball","26":"tag-hierro","27":"tag-informacin","28":"tag-informacion-general","29":"tag-islas-canarias","30":"tag-la-palma","31":"tag-lanzarote","32":"tag-las-palmas","33":"tag-majadero","34":"tag-noticias","35":"tag-opinion","36":"tag-prensa","37":"tag-prensa-espaola","38":"tag-pulsometro","39":"tag-sociedad","40":"tag-spain","41":"tag-sports","42":"tag-telde","43":"tag-teldeactualidad","44":"tag-tenerife","45":"tag-tiempo","46":"tag-titulares","47":"tag-ultima-hora","48":"tag-ultimas-noticias"},"share_on_mastodon":{"url":"","error":"Validation failed: Text character limit of 500 exceeded"},"_links":{"self":[{"href":"https:\/\/www.europesays.com\/es\/wp-json\/wp\/v2\/posts\/194515","targetHints":{"allow":["GET"]}}],"collection":[{"href":"https:\/\/www.europesays.com\/es\/wp-json\/wp\/v2\/posts"}],"about":[{"href":"https:\/\/www.europesays.com\/es\/wp-json\/wp\/v2\/types\/post"}],"author":[{"embeddable":true,"href":"https:\/\/www.europesays.com\/es\/wp-json\/wp\/v2\/users\/2"}],"replies":[{"embeddable":true,"href":"https:\/\/www.europesays.com\/es\/wp-json\/wp\/v2\/comments?post=194515"}],"version-history":[{"count":0,"href":"https:\/\/www.europesays.com\/es\/wp-json\/wp\/v2\/posts\/194515\/revisions"}],"wp:featuredmedia":[{"embeddable":true,"href":"https:\/\/www.europesays.com\/es\/wp-json\/wp\/v2\/media\/194516"}],"wp:attachment":[{"href":"https:\/\/www.europesays.com\/es\/wp-json\/wp\/v2\/media?parent=194515"}],"wp:term":[{"taxonomy":"category","embeddable":true,"href":"https:\/\/www.europesays.com\/es\/wp-json\/wp\/v2\/categories?post=194515"},{"taxonomy":"post_tag","embeddable":true,"href":"https:\/\/www.europesays.com\/es\/wp-json\/wp\/v2\/tags?post=194515"}],"curies":[{"name":"wp","href":"https:\/\/api.w.org\/{rel}","templated":true}]}}