{"id":194519,"date":"2025-10-22T20:19:15","date_gmt":"2025-10-22T20:19:15","guid":{"rendered":"https:\/\/www.europesays.com\/es\/194519\/"},"modified":"2025-10-22T20:19:15","modified_gmt":"2025-10-22T20:19:15","slug":"se-me-cayeron-las-lagrimas-cuando-vi-salir-a-serena-williams-por-la-puerta","status":"publish","type":"post","link":"https:\/\/www.europesays.com\/es\/194519\/","title":{"rendered":"\u00abSe me cayeron las l\u00e1grimas cuando vi salir a Serena Williams por la puerta\u00bb"},"content":{"rendered":"<p>Luc\u00eda Garc\u00eda Cortes tiene 17 a\u00f1os, juega al tenis desde que su padre Marcos la apunt\u00f3 en el cole a una actividad extraescolar de la  &#8230; que \u00abme acab\u00e9 enamorando\u00bb y ha llegado a representar a Asturias Asturias en el campeonato de Espa\u00f1a por comunidades en categor\u00eda infantil y el a\u00f1o pasado fue al campeonato de Espa\u00f1a cadete. Ayer se plant\u00f3 en el Aeropuerto de Asturias para esperar a Serena Williams, Premio Princesa de los Deportes. Y acab\u00f3 sac\u00e1ndose una foto con ella. \u00abTambi\u00e9n me firm\u00f3 una pelota\u00bb, presume a\u00fan emocionada. \u00abLa seguridad no me dejaba acercarme, pero le dije que era mi \u00eddolo, que la admiraba much\u00edsimo. Ella se par\u00f3, me cogi\u00f3 la pelota que le di para que firmase, fue muy agradable. Fue un momento que no olvidar\u00e9 nunca\u00bb, cuenta.<\/p>\n<p class=\"v-p\"> Luc\u00eda, que est\u00e1 muy agradecida a todos sus entrenadores -empez\u00f3 en el Club Santa Olaya con los Avenda\u00f1o, despu\u00e9s estuvo seis a\u00f1os con Rosa Dom\u00ednguez y ahora entrena en Tur\u00f3n con Jos\u00e9 Manuel Garc\u00eda, del club de Tenis de Mieres- ha tenido la mala suerte de lesionarse el a\u00f1o pasado. \u00abMe romp\u00ed el ligamento cruzado anterior y el menisco interno en un entrenamiento. Me oper\u00e9 el pasado mes de marzo y ahora llevo varias semanas ya entrenando, despu\u00e9s de trabajar muy duro por recuperarme\u00bb. Su sue\u00f1o siempre fue ir a Estados Unidos con una beca deportiva a trav\u00e9s del tenis, pero la lesi\u00f3n le ha parado un poco los planes. \u00abSigo con esta idea a pesar de la lesi\u00f3n\u00bb, asegura. <\/p>\n<p class=\"v-p\">S\u00ed es cierto que \u00abSerena siempre ha sido mi \u00eddolo, mi tenista favorita desde que era muy peque\u00f1a\u00bb. Es por eso, nos cuenta, que \u00abal venir aqu\u00ed a Asturias, quer\u00eda verla como fuese\u00bb. El caso es que ayer por la ma\u00f1ana, a las ocho, ten\u00eda un examen en el instituto. Pero en cuanto acab\u00f3, sali\u00f3 corriendo. Fuera le esperaba su padre, Marcos, que la llev\u00f3 al Aeropuerto a ver si ten\u00edan suerte. \u00abNo ten\u00edamos la certeza de que iba a venir hoy, esperamos varias horas y conseguimos verla. Fue un momento superemocionante. Se me cayeron las l\u00e1grimas cuando la vi salir por la puerta em el aeropuerto. Fue superagradable, supermaja\u00bb, asegura. Esta noche, si lo consigue, dormir\u00e1 feliz en su casa de Manzaneda, en Goz\u00f3n, porque ha cumplido uno de sus sue\u00f1os: conocer a la que, como dice su padre, \u00abes la mejor tenista de la historia\u00bb. Y corrobora lo que dice su hija. \u00abEs muy maja. Impresiona cuando la tienes ah\u00ed delante\u00bb, asegura. As\u00ed fue que cuando la vio marcharse le dijo: \u00abSerena, grande\u00bb.<\/p>\n","protected":false},"excerpt":{"rendered":"Luc\u00eda Garc\u00eda Cortes tiene 17 a\u00f1os, juega al tenis desde que su padre Marcos la apunt\u00f3 en el&hellip;\n","protected":false},"author":2,"featured_media":194520,"comment_status":"","ping_status":"","sticky":false,"template":"","format":"standard","meta":{"footnotes":""},"categories":[274],"tags":[54089,168,25,24,14593,740,16427,54090,23,167,327,326,308],"class_list":{"0":"post-194519","1":"post","2":"type-post","3":"status-publish","4":"format-standard","5":"has-post-thumbnail","7":"category-tenis","8":"tag-cayeron","9":"tag-deportes","10":"tag-es","11":"tag-espana","12":"tag-lagrimas","13":"tag-puerta","14":"tag-salir","15":"tag-serena","16":"tag-spain","17":"tag-sports","18":"tag-tenis","19":"tag-tennis","20":"tag-williams"},"share_on_mastodon":{"url":"https:\/\/pubeurope.com\/@es\/115419674213454340","error":""},"_links":{"self":[{"href":"https:\/\/www.europesays.com\/es\/wp-json\/wp\/v2\/posts\/194519","targetHints":{"allow":["GET"]}}],"collection":[{"href":"https:\/\/www.europesays.com\/es\/wp-json\/wp\/v2\/posts"}],"about":[{"href":"https:\/\/www.europesays.com\/es\/wp-json\/wp\/v2\/types\/post"}],"author":[{"embeddable":true,"href":"https:\/\/www.europesays.com\/es\/wp-json\/wp\/v2\/users\/2"}],"replies":[{"embeddable":true,"href":"https:\/\/www.europesays.com\/es\/wp-json\/wp\/v2\/comments?post=194519"}],"version-history":[{"count":0,"href":"https:\/\/www.europesays.com\/es\/wp-json\/wp\/v2\/posts\/194519\/revisions"}],"wp:featuredmedia":[{"embeddable":true,"href":"https:\/\/www.europesays.com\/es\/wp-json\/wp\/v2\/media\/194520"}],"wp:attachment":[{"href":"https:\/\/www.europesays.com\/es\/wp-json\/wp\/v2\/media?parent=194519"}],"wp:term":[{"taxonomy":"category","embeddable":true,"href":"https:\/\/www.europesays.com\/es\/wp-json\/wp\/v2\/categories?post=194519"},{"taxonomy":"post_tag","embeddable":true,"href":"https:\/\/www.europesays.com\/es\/wp-json\/wp\/v2\/tags?post=194519"}],"curies":[{"name":"wp","href":"https:\/\/api.w.org\/{rel}","templated":true}]}}