{"id":194521,"date":"2025-10-22T20:25:20","date_gmt":"2025-10-22T20:25:20","guid":{"rendered":"https:\/\/www.europesays.com\/es\/194521\/"},"modified":"2025-10-22T20:25:20","modified_gmt":"2025-10-22T20:25:20","slug":"mexico-es-un-gran-premio-con-altura-motorsports","status":"publish","type":"post","link":"https:\/\/www.europesays.com\/es\/194521\/","title":{"rendered":"M\u00e9xico es un gran premio con altura \u2013 Motorsports"},"content":{"rendered":"<p>Nelson Vicente \u2013 Contacto: <a href=\"https:\/\/motorsports.com.uy\/cdn-cgi\/l\/email-protection\" class=\"__cf_email__\" data-cfemail=\"aadacfc6c5dcc3c9cfc4decfdfd3eacdc7cbc3c684c9c5c7\" rel=\"nofollow noopener\" target=\"_blank\">[email\u00a0protected]<\/a><\/p>\n<p><img loading=\"lazy\" decoding=\"async\" class=\"size-full wp-image-57414\" src=\"https:\/\/www.europesays.com\/es\/wp-content\/uploads\/2025\/10\/11-A-PODIO-VERS-MEX-2021-AFP.jpg\" alt=\"\" width=\"1000\" height=\"651\"  \/><\/p>\n<p class=\"wp-caption-text\">Max Verstappen es el m\u00e1ximo ganador en el aut\u00f3dromo azteca. Foto: AFP<\/p>\n<p>El hist\u00f3rico Gran Premio de M\u00e9xico de F\u00f3rmula Uno, denominado actualmente, desde el a\u00f1o 2021, como Gran Premio de la Ciudad de M\u00e9xico, tendr\u00e1 este pr\u00f3ximo fin de semana la disputa de una nueva edici\u00f3n, la que ser\u00e1 la vig\u00e9sima fecha de la temporada de la m\u00e1xima categor\u00eda.<\/p>\n<p>La competencia, que se disputa en el aut\u00f3dromo Hermanos Rodr\u00edguez ubicado en el Parque Magdalena Mixhuca de la capital azteca, tiene su aspecto m\u00e1s destacado por tratarse del gran premio que se desarrolla a m\u00e1s altitud con respecto al nivel del mar, debido a los 2.240 metros de altura en los que se ubica la capital.<\/p>\n<p>Esto es, evidentemente, un aspecto a tener en consideraci\u00f3n por parte de equipos y pilotos.<\/p>\n<p>Ese r\u00e9cord de altitud que ostenta la ciudad de M\u00e9xico, provoca que la densidad del aire sea casi un 25 % menor que la que hay a nivel del mar, lo que, a su vez, provoca que haya una cuarta parte menos de ox\u00edgeno, factores que, obviamente, inciden en el rendimiento y funcionamiento, no solamente de los motores, sino tambi\u00e9n en la parte de aerodinamia de los b\u00f3lidos.<\/p>\n<p>La m\u00e1s baja densidad del aire que al nivel del mar, provoca que la resistencia aerodin\u00e1mica del auto tambi\u00e9n sea menor, lo que permite alcanzar altas velocidades en las rectas, superando los 350 kil\u00f3metros por hora.<\/p>\n<p>Por otra parte, la menor cantidad de ox\u00edgeno que tiene el aire de la capital azteca incide directa y notoriamente en la p\u00e9rdida de potencia de los motores, siendo \u00e9ste, otro de los aspectos a tener muy en cuenta durante este pr\u00f3ximo gran premio.<\/p>\n<p>Otro tema es el de la refrigeraci\u00f3n de los elementos del auto, debido a las especiales condiciones del aire, que pueden ocasionar el recalentamiento de algunas piezas, arriesgando la fiabilidad de las unidades de potencia.<\/p>\n<p>Los\u00a0 ingenieros deben lograr la mejor relaci\u00f3n entre aumentar las entradas y los conductos de aire, sin provocar mermas en el rendimiento aerodin\u00e1mico.<\/p>\n<p>Y a ello se le suman los riesgos del recalentamiento del sistema de frenos, con un mayor desgaste y menor capacidad de frenado.<\/p>\n","protected":false},"excerpt":{"rendered":"Nelson Vicente \u2013 Contacto: [email\u00a0protected] Max Verstappen es el m\u00e1ximo ganador en el aut\u00f3dromo azteca. Foto: AFP El&hellip;\n","protected":false},"author":2,"featured_media":194522,"comment_status":"","ping_status":"","sticky":false,"template":"","format":"standard","meta":{"footnotes":""},"categories":[270],"tags":[168,25,24,306,271,272,23,167],"class_list":{"0":"post-194521","1":"post","2":"type-post","3":"status-publish","4":"format-standard","5":"has-post-thumbnail","7":"category-formula-1","8":"tag-deportes","9":"tag-es","10":"tag-espana","11":"tag-f1","12":"tag-formula-1","13":"tag-formula1","14":"tag-spain","15":"tag-sports"},"share_on_mastodon":{"url":"https:\/\/pubeurope.com\/@es\/115419698131995332","error":""},"_links":{"self":[{"href":"https:\/\/www.europesays.com\/es\/wp-json\/wp\/v2\/posts\/194521","targetHints":{"allow":["GET"]}}],"collection":[{"href":"https:\/\/www.europesays.com\/es\/wp-json\/wp\/v2\/posts"}],"about":[{"href":"https:\/\/www.europesays.com\/es\/wp-json\/wp\/v2\/types\/post"}],"author":[{"embeddable":true,"href":"https:\/\/www.europesays.com\/es\/wp-json\/wp\/v2\/users\/2"}],"replies":[{"embeddable":true,"href":"https:\/\/www.europesays.com\/es\/wp-json\/wp\/v2\/comments?post=194521"}],"version-history":[{"count":0,"href":"https:\/\/www.europesays.com\/es\/wp-json\/wp\/v2\/posts\/194521\/revisions"}],"wp:featuredmedia":[{"embeddable":true,"href":"https:\/\/www.europesays.com\/es\/wp-json\/wp\/v2\/media\/194522"}],"wp:attachment":[{"href":"https:\/\/www.europesays.com\/es\/wp-json\/wp\/v2\/media?parent=194521"}],"wp:term":[{"taxonomy":"category","embeddable":true,"href":"https:\/\/www.europesays.com\/es\/wp-json\/wp\/v2\/categories?post=194521"},{"taxonomy":"post_tag","embeddable":true,"href":"https:\/\/www.europesays.com\/es\/wp-json\/wp\/v2\/tags?post=194521"}],"curies":[{"name":"wp","href":"https:\/\/api.w.org\/{rel}","templated":true}]}}