{"id":194538,"date":"2025-10-22T20:33:13","date_gmt":"2025-10-22T20:33:13","guid":{"rendered":"https:\/\/www.europesays.com\/es\/194538\/"},"modified":"2025-10-22T20:33:13","modified_gmt":"2025-10-22T20:33:13","slug":"el-senor-de-los-anillos-cumple-25-anos-y-prepara-unas-magicas-noches-de-hobbits-con-el-reparto-original-vandal","status":"publish","type":"post","link":"https:\/\/www.europesays.com\/es\/194538\/","title":{"rendered":"&#039;El Se\u00f1or de los Anillos&#039; cumple 25 a\u00f1os y prepara unas m\u00e1gicas &#039;Noches de Hobbits&#039; con el reparto original &#8211; Vandal"},"content":{"rendered":"<ol>\n<li><a href=\"https:\/\/news.google.com\/rss\/articles\/CBMi5AFBVV95cUxOd3FCTlFjbkFTSk4wbkg0X1pXOVJSMEhNY3NnbUZ0NlU1N25QM2FCdmFoUVRLajZaM1RVTE9hRnZUX0FqcV9SV0loeE50RkdkZHpnQlNlcmZoWGMtNlhKSUVhekJNWGpmZHBUQVpwdG9mOVktVEVJc1Rvc1pJTmFRU2ZISmljMi05bUNUZ3pNTUw3QWpnOFBlRzk3U3VBM0Z6V0J4OS1Zd1Jyd3o3bFlmN1E2Zzl3UHR1N3RidndGajZxanZmUnJsTHpkNm1XbG9ubHZVVldBd3M2eU5tS2xJOFJEWVXSAeoBQVVfeXFMUFBnSVFHTzNYZktIZEdnYzRBMlhDb0YzOTVRVGMxWGQwZnF2QWhQRUVMLTJfME9ibFY4dV9LX05VTkJwcVpNejlmcmh4NXN5SXoyRThHLTFtOXZPOTZvUlREeFB4V1lKLV9kd2FoSG5QN2RvWFdzSGR4MHp6dzVMWU9oajc4eFR2cFN2bVBDWmRXZ3BxMndjWmdINWJPS3dnV2JjRlBuN05oZGo2VlFHOTVUQ3hLZ1NsRUhSb2VvZDJ3dzdsTEl1TFo3SThYOHVodmpVd2tnd1R6MTRUMjl0dmRqMl9NVGlEQXhn?oc=5\" target=\"_blank\" rel=\"nofollow noopener\">&#8216;El Se\u00f1or de los Anillos&#8217; cumple 25 a\u00f1os y prepara unas m\u00e1gicas &#8216;Noches de Hobbits&#8217; con el reparto original<\/a>&nbsp;&nbsp;Vandal<\/li>\n<li><a href=\"https:\/\/news.google.com\/rss\/articles\/CBMiuAFBVV95cUxQb0dKMmV4ZEZDQXNLdDdpMV8yWHliWkJ3MWl6VTRfZncxSzVJdzlOdVBheUpyQkktMzlpS0dlR2dPUU5Bb2Nkdkx2LUdETHhVZ0dsY19YVllrcHpoR2dCMEdWcWpXZFVfY2tfTUJTUDFRY3lSbVU0UVRtZFRjVnFhazk5bjBIZ0xoWC0tRjhldTRackFjT2tNNU1yYzZmYWJLaG02ZF9zTTh6dmsxdlJtQXctMkNDSHFu?oc=5\" target=\"_blank\" rel=\"nofollow noopener\">El se\u00f1or de los anillos celebrar\u00e1 sus 25 a\u00f1os con \u00abNoches de Hobbits\u00bb que reunir\u00e1 al elenco de la trilog\u00eda<\/a>&nbsp;&nbsp;Hobby Consolas<\/li>\n<li><a href=\"https:\/\/news.google.com\/rss\/articles\/CBMitgFBVV95cUxNUTd5MHNYY2JfaF9Jb0hER1ROYnkzcnU3ME1ueEtjelI4em9WdVhobER3MUFaYnpFSjAwRnp1eTJSdmJaMm9FUnBKMUtJT3NoOFhFUmpLQjliR19nMEo0SjYtbzFxS0ZCTF9QaDU3Y00wak9hclp2ZS1XZUxVNVJvU0t3cWFHc00zbnJXRHluZ00zdkRvaUhVcnFjQ2N2Q3JuMjBlUEt3NEVzZnJMcWZGVDc2QzFWZ9IBuwFBVV95cUxOQ09Rbk5vOHNEYnVZUzM5V3h0cm5JeUlvemVmWlhMWldUOEV1NnUtek14bUludF94Nk1ndXV2S0ZxQnY3UUpvVThqY0Njc1ZrWi03b3RRTjFXQUtZaUJJcC1yYzBCbW5YSGs5YmtaZzdMQ2JuaGxVc29xdEJqVUJHVl9pT0hxZDdWcmpybEJxU0Etc1lHUzNOMkJ5X05NS1doVWRBR19XbXZyT3FfLW1ZeVA1MWVvS251bDBN?oc=5\" target=\"_blank\" rel=\"nofollow noopener\">\u00bfQuieres pasar un d\u00eda con los hobbits? Fechas y ubicaciones del tour de &#8216;El se\u00f1or de los anillos&#8217;<\/a>&nbsp;&nbsp;ElPlural.com<\/li>\n<\/ol>\n","protected":false},"excerpt":{"rendered":"&#8216;El Se\u00f1or de los Anillos&#8217; cumple 25 a\u00f1os y prepara unas m\u00e1gicas &#8216;Noches de Hobbits&#8217; con el reparto&hellip;\n","protected":false},"author":2,"featured_media":194539,"comment_status":"","ping_status":"","sticky":false,"template":"","format":"standard","meta":{"footnotes":""},"categories":[169],"tags":[177,146,147,25,24,2065,176,175,23],"class_list":{"0":"post-194538","1":"post","2":"type-post","3":"status-publish","4":"format-standard","5":"has-post-thumbnail","7":"category-cine","8":"tag-cine","9":"tag-entertainment","10":"tag-entretenimiento","11":"tag-es","12":"tag-espana","13":"tag-faltan-tags","14":"tag-film","15":"tag-movies","16":"tag-spain"},"share_on_mastodon":{"url":"https:\/\/pubeurope.com\/@es\/115419729371367909","error":""},"_links":{"self":[{"href":"https:\/\/www.europesays.com\/es\/wp-json\/wp\/v2\/posts\/194538","targetHints":{"allow":["GET"]}}],"collection":[{"href":"https:\/\/www.europesays.com\/es\/wp-json\/wp\/v2\/posts"}],"about":[{"href":"https:\/\/www.europesays.com\/es\/wp-json\/wp\/v2\/types\/post"}],"author":[{"embeddable":true,"href":"https:\/\/www.europesays.com\/es\/wp-json\/wp\/v2\/users\/2"}],"replies":[{"embeddable":true,"href":"https:\/\/www.europesays.com\/es\/wp-json\/wp\/v2\/comments?post=194538"}],"version-history":[{"count":0,"href":"https:\/\/www.europesays.com\/es\/wp-json\/wp\/v2\/posts\/194538\/revisions"}],"wp:featuredmedia":[{"embeddable":true,"href":"https:\/\/www.europesays.com\/es\/wp-json\/wp\/v2\/media\/194539"}],"wp:attachment":[{"href":"https:\/\/www.europesays.com\/es\/wp-json\/wp\/v2\/media?parent=194538"}],"wp:term":[{"taxonomy":"category","embeddable":true,"href":"https:\/\/www.europesays.com\/es\/wp-json\/wp\/v2\/categories?post=194538"},{"taxonomy":"post_tag","embeddable":true,"href":"https:\/\/www.europesays.com\/es\/wp-json\/wp\/v2\/tags?post=194538"}],"curies":[{"name":"wp","href":"https:\/\/api.w.org\/{rel}","templated":true}]}}