{"id":194542,"date":"2025-10-22T20:35:15","date_gmt":"2025-10-22T20:35:15","guid":{"rendered":"https:\/\/www.europesays.com\/es\/194542\/"},"modified":"2025-10-22T20:35:15","modified_gmt":"2025-10-22T20:35:15","slug":"la-inflamacion-de-las-encias-se-asocia-con-danos-cerebrales","status":"publish","type":"post","link":"https:\/\/www.europesays.com\/es\/194542\/","title":{"rendered":"La inflamaci\u00f3n de las enc\u00edas se asocia con da\u00f1os cerebrales"},"content":{"rendered":"<p lang=\"EN-US\" xml:lang=\"EN-US\">El estudio compar\u00f3 a una cohorte de pacientes con enfermedad periodontal con quienes ten\u00edan la \u2018boca sana\u2019. En dicho estudio se encontr\u00f3 una relaci\u00f3n significativa (despu\u00e9s de eliminar factores confusores, es decir, aquellos factores que ya se sabe que pueden tener una relaci\u00f3n con el da\u00f1o cerebral) entre la enfermedad periodontal y el da\u00f1o en sustancia blanca cerebral. Esas \u2018manchas\u2019 en el cerebro, que no son m\u00e1s que peque\u00f1as cicatrices que se producen por efecto de factores de riesgo cardiovascular o simplemente la edad, pueden relacionarse con el envejecimiento cerebral, riesgo de ictus o demencia (concretamente, la demencia vascular).\u00a0<\/p>\n<p lang=\"EN-US\" xml:lang=\"EN-US\">Este art\u00edculo viene a unirse a la corriente de art\u00edculos en la \u00faltima d\u00e9cada y media que intenta relacionar la enfermedad periodontal con m\u00faltiples factores como enfermedades cardiovasculares, ictus, da\u00f1o vascular, demencia o incluso atrofia cerebral. Hay que interpretar los resultados con cuidado, primero, porque hubo mucho tiempo entre la revisi\u00f3n dental y la resonancia [cerebral] y segundo, por ser un estudio observacional que no permite demostrar una clara causalidad.\u00a0<\/p>\n<p lang=\"EN-US\" xml:lang=\"EN-US\">El estudio se apoya en datos y m\u00e9todos s\u00f3lidos y su principal fortaleza es el n\u00famero de pacientes, bastante alto. No obstante, como ha sido comentado previamente, es un estudio observacional con las limitaciones que eso conlleva. La limitaci\u00f3n m\u00e1s importante en este estudio es el largo tiempo entre el an\u00e1lisis dental y la realizaci\u00f3n de resonancia magn\u00e9tica.\u00a0<\/p>\n<p lang=\"EN-US\" xml:lang=\"EN-US\">Viene a aportar m\u00e1s informaci\u00f3n y evidencia sobre varios trabajos previos de car\u00e1cter similar, es decir, que buscan relaci\u00f3n entre la enfermedad periodontal y da\u00f1o cerebral de diverso tipo. La principal novedad probablemente radica en el n\u00famero de pacientes y en el tiempo aparente de seguimiento, aunque no es un seguimiento \u2018real\u2019 sino m\u00e1s bien una cohorte de pacientes. No aporta, en s\u00ed, nada radicalmente nuevo, puesto que hay art\u00edculos previos que ya describ\u00edan esa relaci\u00f3n entre enfermedad periodontal y da\u00f1o vascular, aunque con menor n\u00famero de pacientes. Sin ir m\u00e1s lejos hay un <a href=\"https:\/\/www.mdpi.com\/1660-4601\/17\/5\/1694\" rel=\"nofollow noopener\" target=\"_blank\">estudio japon\u00e9s de 2020<\/a> similar, aunque con un n\u00famero menor de pacientes.\u00a0<\/p>\n<p lang=\"EN-US\" xml:lang=\"EN-US\">La relevancia de este estudio es, lamentablemente, limitada. La realidad es que ya hace una d\u00e9cada aproximadamente que se estudia e intentamos informar de la posible relaci\u00f3n entre enfermedad periodontal y varios factores de da\u00f1o cerebral. Ser\u00eda interesante ser capaces de derivar a una evaluaci\u00f3n bucal completa desde la seguridad social a pacientes que creemos que tienen mucho riesgo vascular o riesgo de demencia.\u00a0<\/p>\n<p lang=\"EN-US\" xml:lang=\"EN-US\">Las recomendaciones est\u00e1n claras, aunque es algo que se sabe desde hace mucho: hay que mantener una salud bucal buena, no solo por la propia salud dental (que es algo que quiz\u00e1s todos entendemos) sino tambi\u00e9n por la posible implicaci\u00f3n al futuro en factores como el da\u00f1o vascular o incluso el da\u00f1o y atrofia cerebrales. Esto es especialmente importante en personas con riesgo vascular elevado o riesgo elevado de demencia.<\/p>\n","protected":false},"excerpt":{"rendered":"El estudio compar\u00f3 a una cohorte de pacientes con enfermedad periodontal con quienes ten\u00edan la \u2018boca sana\u2019. En&hellip;\n","protected":false},"author":2,"featured_media":194543,"comment_status":"","ping_status":"","sticky":false,"template":"","format":"standard","meta":{"footnotes":""},"categories":[92],"tags":[25,24,165,11289,24080,166,23],"class_list":{"0":"post-194542","1":"post","2":"type-post","3":"status-publish","4":"format-standard","5":"has-post-thumbnail","7":"category-salud","8":"tag-es","9":"tag-espana","10":"tag-health","11":"tag-neurologia","12":"tag-odontologia","13":"tag-salud","14":"tag-spain"},"share_on_mastodon":{"url":"https:\/\/pubeurope.com\/@es\/115419737316660496","error":""},"_links":{"self":[{"href":"https:\/\/www.europesays.com\/es\/wp-json\/wp\/v2\/posts\/194542","targetHints":{"allow":["GET"]}}],"collection":[{"href":"https:\/\/www.europesays.com\/es\/wp-json\/wp\/v2\/posts"}],"about":[{"href":"https:\/\/www.europesays.com\/es\/wp-json\/wp\/v2\/types\/post"}],"author":[{"embeddable":true,"href":"https:\/\/www.europesays.com\/es\/wp-json\/wp\/v2\/users\/2"}],"replies":[{"embeddable":true,"href":"https:\/\/www.europesays.com\/es\/wp-json\/wp\/v2\/comments?post=194542"}],"version-history":[{"count":0,"href":"https:\/\/www.europesays.com\/es\/wp-json\/wp\/v2\/posts\/194542\/revisions"}],"wp:featuredmedia":[{"embeddable":true,"href":"https:\/\/www.europesays.com\/es\/wp-json\/wp\/v2\/media\/194543"}],"wp:attachment":[{"href":"https:\/\/www.europesays.com\/es\/wp-json\/wp\/v2\/media?parent=194542"}],"wp:term":[{"taxonomy":"category","embeddable":true,"href":"https:\/\/www.europesays.com\/es\/wp-json\/wp\/v2\/categories?post=194542"},{"taxonomy":"post_tag","embeddable":true,"href":"https:\/\/www.europesays.com\/es\/wp-json\/wp\/v2\/tags?post=194542"}],"curies":[{"name":"wp","href":"https:\/\/api.w.org\/{rel}","templated":true}]}}