{"id":194556,"date":"2025-10-22T20:42:28","date_gmt":"2025-10-22T20:42:28","guid":{"rendered":"https:\/\/www.europesays.com\/es\/194556\/"},"modified":"2025-10-22T20:42:28","modified_gmt":"2025-10-22T20:42:28","slug":"el-rahi-sepisur-adesal-lucha-sin-suerte-ante-un-morvedre-superior-y-cae-en-la-copa-de-la-reina","status":"publish","type":"post","link":"https:\/\/www.europesays.com\/es\/194556\/","title":{"rendered":"El Rahi Sepisur Adesal lucha sin suerte ante un Morvedre superior y cae en la Copa de la Reina"},"content":{"rendered":"<p class=\"ft-text\"><strong>25 &#8211; Rahi Sepisur C\u00f3rdoba Adesal: <\/strong>Irene Garc\u00eda (2), Camila Bonnazola (1), Zoe Turnes (4), Amanda Valero, Carla Montero (5), Luc\u00eda Vacas (5), Irene Lesmes, Nicole Blatche, F\u00e1tima Acu\u00f1a (3), \u00c1ngela Ruiz (4), Mar\u00eda Jes\u00fas Miranda (1) e Inmaculada Garc\u00eda-Navas.<\/p>\n<p class=\"ft-text\"><strong>33 &#8211; Morvedre: <\/strong>Fernanda Pinhate (2), Martina Catala (2), Beatriz Masseu (1), Khadija El Jellabi (1), Remei Gallart (3), Lilly Leticia (3), Rebeca L\u00f3pez (5), Candelaria Cuadrado (2), Paola Santos, Mar\u00eda P\u00e9rez, Sara Palanques (6), Andrea Claramonte (4), Luc\u00eda G\u00e1mez, Luc\u00eda Julve (3) y Carla Zalves (1).<\/p>\n<p class=\"ft-text\"><strong>Parciales: <\/strong>3-1, 6-4, 7-7, 9-9, 11-12, 11-16 (descanso), 14-18, 16-20, 16-25, 20-27, 21-30 y 25-33.<\/p>\n<p class=\"ft-text\"><strong>\u00c1rbitros: <\/strong>David Montes y Armando Abel P\u00e9rez. Excluyeron a Turnes y Montero, del Adesal y a El Jellabi, Leticia, Palanques y Claramonte, del Morvedre.<\/p>\n","protected":false},"excerpt":{"rendered":"25 &#8211; Rahi Sepisur C\u00f3rdoba Adesal: Irene Garc\u00eda (2), Camila Bonnazola (1), Zoe Turnes (4), Amanda Valero, Carla&hellip;\n","protected":false},"author":2,"featured_media":194557,"comment_status":"","ping_status":"","sticky":false,"template":"","format":"standard","meta":{"footnotes":""},"categories":[278],"tags":[1128,376,168,25,24,375,591,54091,6562,6563,23,167,11057],"class_list":{"0":"post-194556","1":"post","2":"type-post","3":"status-publish","4":"format-standard","5":"has-post-thumbnail","7":"category-balonmano","8":"tag-adesal","9":"tag-balonmano","10":"tag-deportes","11":"tag-es","12":"tag-espana","13":"tag-handball","14":"tag-lucha","15":"tag-rafa-moreno","16":"tag-rahi","17":"tag-sepisur","18":"tag-spain","19":"tag-sports","20":"tag-suerte"},"share_on_mastodon":{"url":"https:\/\/pubeurope.com\/@es\/115419764711048085","error":""},"_links":{"self":[{"href":"https:\/\/www.europesays.com\/es\/wp-json\/wp\/v2\/posts\/194556","targetHints":{"allow":["GET"]}}],"collection":[{"href":"https:\/\/www.europesays.com\/es\/wp-json\/wp\/v2\/posts"}],"about":[{"href":"https:\/\/www.europesays.com\/es\/wp-json\/wp\/v2\/types\/post"}],"author":[{"embeddable":true,"href":"https:\/\/www.europesays.com\/es\/wp-json\/wp\/v2\/users\/2"}],"replies":[{"embeddable":true,"href":"https:\/\/www.europesays.com\/es\/wp-json\/wp\/v2\/comments?post=194556"}],"version-history":[{"count":0,"href":"https:\/\/www.europesays.com\/es\/wp-json\/wp\/v2\/posts\/194556\/revisions"}],"wp:featuredmedia":[{"embeddable":true,"href":"https:\/\/www.europesays.com\/es\/wp-json\/wp\/v2\/media\/194557"}],"wp:attachment":[{"href":"https:\/\/www.europesays.com\/es\/wp-json\/wp\/v2\/media?parent=194556"}],"wp:term":[{"taxonomy":"category","embeddable":true,"href":"https:\/\/www.europesays.com\/es\/wp-json\/wp\/v2\/categories?post=194556"},{"taxonomy":"post_tag","embeddable":true,"href":"https:\/\/www.europesays.com\/es\/wp-json\/wp\/v2\/tags?post=194556"}],"curies":[{"name":"wp","href":"https:\/\/api.w.org\/{rel}","templated":true}]}}