{"id":194558,"date":"2025-10-22T20:44:16","date_gmt":"2025-10-22T20:44:16","guid":{"rendered":"https:\/\/www.europesays.com\/es\/194558\/"},"modified":"2025-10-22T20:44:16","modified_gmt":"2025-10-22T20:44:16","slug":"urrutia-reivindica-la-tradicion-taurina-de-cantabria-y-la-defensa-y-promocion-de-la-tauromaquia-del-gobierno-regional-2","status":"publish","type":"post","link":"https:\/\/www.europesays.com\/es\/194558\/","title":{"rendered":"Urrutia reivindica \u201cla tradici\u00f3n taurina\u201d de Cantabria y la defensa y promoci\u00f3n de la tauromaquia del Gobierno regional"},"content":{"rendered":"<p data-gtm-element-container=\"modulo-texto-link\" class=\"paragraph\">La consejera interviene en la inauguraci\u00f3n del 41\u00ba Congreso Nacional de Cirug\u00eda Taurina que se celebra hasta el s\u00e1bado en Santander<\/p>\n<p data-gtm-element-container=\"modulo-texto-link\" class=\"paragraph\">SANTANDER, 22 (EUROPA PRESS)<\/p>\n<p data-gtm-element-container=\"modulo-texto-link\" class=\"paragraph\">La consejera de Presidencia, Isabel Urrutia, ha reivindicado \u201cla tradici\u00f3n taurina\u201d de Cantabria y la defensa y promoci\u00f3n de la tauromaquia impulsada por el Gobierno regional en la inauguraci\u00f3n del 41 Congreso Nacional de Cirug\u00eda Taurina.<\/p>\n<p data-gtm-element-container=\"modulo-texto-link\" class=\"paragraph\">En su intervenci\u00f3n, ha materializado esta defensa en diversas actuaciones, citando como ejemplo de este apoyo la partida para impulsar tauromaquia en el mundo rural, la participaci\u00f3n del Ejecutivo este a\u00f1o en la nueva edici\u00f3n del Premio Nacional de Tauromaquia y la donaci\u00f3n de material de quir\u00f3fano para la renovaci\u00f3n y modernizaci\u00f3n de la enfermer\u00eda de la plaza de toros de Santander.<\/p>\n<p data-gtm-element-container=\"modulo-texto-link\" class=\"paragraph\">En este \u00e1mbito, ha comparado la cirug\u00eda taurina con la medicina de emergencia, donde el profesional sanitario debe actuar \u201cen un contexto de urgencia m\u00e1xima, con una capacidad de decisi\u00f3n instant\u00e1nea y con una ejecuci\u00f3n magistral para abordar heridas y trayectorias\u201d.<\/p>\n<p data-gtm-element-container=\"modulo-texto-link\" class=\"paragraph\">Urrutia ha se\u00f1alado que la actividad m\u00e9dica siempre ha acompa\u00f1ado el espect\u00e1culo que representa la fiesta taurina \u201cy ha crecido y evolucionado con ella hasta hacerse completamente imprescindible\u201d.<\/p>\n<p data-gtm-element-container=\"modulo-texto-link\" class=\"paragraph\">En este sentido, ha ensalzado la figura del cirujano y del m\u00e9dico de las plazas de toros en su labor de curar al torero y proteger la integridad del espect\u00e1culo y la vida de sus protagonistas.<\/p>\n<p data-gtm-element-container=\"modulo-texto-link\" class=\"paragraph\">Adem\u00e1s de expresar el apoyo a esta reuni\u00f3n nacional, Urrutia ha felicitado a la Sociedad Espa\u00f1ola de Cirug\u00eda Taurina (SECT) por la conmemoraci\u00f3n de su 50 aniversario \u201cdedicado a cuidar y a mejorar nuestra fiesta nacional\u201d.<\/p>\n<p data-gtm-element-container=\"modulo-texto-link\" class=\"paragraph\">En la inauguraci\u00f3n del congreso, la consejera ha estado acompa\u00f1ada por la alcaldesa de Santander, Gema Igual; el presidente de la Sociedad Espa\u00f1ola de Cirug\u00eda Taurina (SECT), Pascual Gonz\u00e1lez; y el presidente del comit\u00e9 organizador, Daniel Casanova.<\/p>\n<p data-gtm-element-container=\"modulo-texto-link\" class=\"paragraph\">Desde hoy y hasta el s\u00e1bado, esta 41 reuni\u00f3n va a abordar diversas cuestiones relacionadas con las innovaciones quir\u00fargicas, revisi\u00f3n de casos cl\u00ednicos y puesta en com\u00fan de experiencias de profesionales de la plaza, la enfermer\u00eda o el hospital.<\/p>\n<p data-gtm-element-container=\"modulo-texto-link\" class=\"paragraph\">El congreso ha dado comienzo en el Palacio de la Magdalena con un saludo a cargo de Alfonso Uss\u00eda por v\u00eddeo, y contar\u00e1 tambi\u00e9n en los pr\u00f3ximos d\u00edas con la participaci\u00f3n, entre otros, del presidente de la Fundaci\u00f3n del Toro de Lidia, Victorino Mart\u00edn, y del extorero Enrique Ponce. La conferencia inaugural ha sido impartida por el doctor Daniel Casanova.<\/p>\n<p data-gtm-element-container=\"modulo-texto-link\" class=\"paragraph\">En el marco de este congreso el viernes tendr\u00e1 lugar al a 47 Asamblea General de la Sociedad Espa\u00f1ola de Cirug\u00eda Taurina, que este a\u00f1o conmemora el 50 aniversario de su fundaci\u00f3n.<\/p>\n","protected":false},"excerpt":{"rendered":"La consejera interviene en la inauguraci\u00f3n del 41\u00ba Congreso Nacional de Cirug\u00eda Taurina que se celebra hasta el&hellip;\n","protected":false},"author":2,"featured_media":148726,"comment_status":"","ping_status":"","sticky":false,"template":"","format":"standard","meta":{"footnotes":""},"categories":[277],"tags":[373,168,25,24,23,167,374],"class_list":{"0":"post-194558","1":"post","2":"type-post","3":"status-publish","4":"format-standard","5":"has-post-thumbnail","7":"category-toreo","8":"tag-bullfighting","9":"tag-deportes","10":"tag-es","11":"tag-espana","12":"tag-spain","13":"tag-sports","14":"tag-toreo"},"share_on_mastodon":{"url":"https:\/\/pubeurope.com\/@es\/115419772553379487","error":""},"_links":{"self":[{"href":"https:\/\/www.europesays.com\/es\/wp-json\/wp\/v2\/posts\/194558","targetHints":{"allow":["GET"]}}],"collection":[{"href":"https:\/\/www.europesays.com\/es\/wp-json\/wp\/v2\/posts"}],"about":[{"href":"https:\/\/www.europesays.com\/es\/wp-json\/wp\/v2\/types\/post"}],"author":[{"embeddable":true,"href":"https:\/\/www.europesays.com\/es\/wp-json\/wp\/v2\/users\/2"}],"replies":[{"embeddable":true,"href":"https:\/\/www.europesays.com\/es\/wp-json\/wp\/v2\/comments?post=194558"}],"version-history":[{"count":0,"href":"https:\/\/www.europesays.com\/es\/wp-json\/wp\/v2\/posts\/194558\/revisions"}],"wp:featuredmedia":[{"embeddable":true,"href":"https:\/\/www.europesays.com\/es\/wp-json\/wp\/v2\/media\/148726"}],"wp:attachment":[{"href":"https:\/\/www.europesays.com\/es\/wp-json\/wp\/v2\/media?parent=194558"}],"wp:term":[{"taxonomy":"category","embeddable":true,"href":"https:\/\/www.europesays.com\/es\/wp-json\/wp\/v2\/categories?post=194558"},{"taxonomy":"post_tag","embeddable":true,"href":"https:\/\/www.europesays.com\/es\/wp-json\/wp\/v2\/tags?post=194558"}],"curies":[{"name":"wp","href":"https:\/\/api.w.org\/{rel}","templated":true}]}}