{"id":194570,"date":"2025-10-22T20:53:16","date_gmt":"2025-10-22T20:53:16","guid":{"rendered":"https:\/\/www.europesays.com\/es\/194570\/"},"modified":"2025-10-22T20:53:16","modified_gmt":"2025-10-22T20:53:16","slug":"jimena-blazquez-abandona-inesperadamente-la-direccion-del-caac-dos-anos-despues-de-su-polemico-nombramiento-cultura","status":"publish","type":"post","link":"https:\/\/www.europesays.com\/es\/194570\/","title":{"rendered":"Jimena Bl\u00e1zquez abandona inesperadamente la direcci\u00f3n del CAAC dos a\u00f1os despu\u00e9s de su pol\u00e9mico nombramiento | Cultura"},"content":{"rendered":"<p class=\"\">Justo dos a\u00f1os despu\u00e9s de que en octubre de 2023 la Junta de Andaluc\u00eda <a href=\"https:\/\/elpais.com\/smoda\/placeres\/jimena-blazquez-en-el-mundo-del-arte-hay-que-vestir-comodo.html\" target=\"_self\" rel=\"nofollow noopener\" title=\"https:\/\/elpais.com\/smoda\/placeres\/jimena-blazquez-en-el-mundo-del-arte-hay-que-vestir-comodo.html\">nombrara por sorpresa a la comisaria Jimena Bl\u00e1zquez<\/a> (C\u00e1diz, 1974) directora del Centro Andaluz de Arte Contempor\u00e1neo (CAAC), sin concurso p\u00fablico ni anuncio previo al director vigente entonces, Juan Antonio \u00c1lvarez Reyes, al que la noticia le pill\u00f3 a\u00fan sentado en la mesa de su despacho, la instituci\u00f3n vuelve a tambalearse por la c\u00fapula. Bl\u00e1zquez ha anunciado este mi\u00e9rcoles, de manera igualmente sorpresiva, su renuncia al puesto, para lo que ha alegado \u201cmotivos personales\u201d. <\/p>\n<p class=\"\">La entrada de Jimena Bl\u00e1zquez como m\u00e1xima responsable del museo andaluz -una de las instituciones m\u00e1s destacadas del panorama nacional en la gesti\u00f3n, colecci\u00f3n y difusi\u00f3n del arte contempor\u00e1neo- fue una decisi\u00f3n del anterior consejero de Cultura y Turismo de la Junta de Andaluc\u00eda, el malague\u00f1o Arturo Bernal, <a href=\"https:\/\/elpais.com\/cultura\/2023-11-02\/el-relevo-en-la-direccion-del-centro-andaluz-de-arte-contemporaneo-sin-concurso-publico-desata-la-protesta-del-sector.html\" target=\"_blank\" rel=\"nofollow noopener\" title=\"https:\/\/elpais.com\/cultura\/2023-11-02\/el-relevo-en-la-direccion-del-centro-andaluz-de-arte-contemporaneo-sin-concurso-publico-desata-la-protesta-del-sector.html\">que provoc\u00f3 una verdadera conmoci\u00f3n en el sector<\/a>, toda vez que se realiz\u00f3 como un nombramiento directo ratificado en el Consejo de Gobierno de la Junta de Andaluc\u00eda, sin concurrencia p\u00fablica y contraviniendo las recomendaciones del Documento de Buenas Pr\u00e1cticas en Museos y Centros de Arte en Espa\u00f1a por el que se rigen estos centros desde 2007. <\/p>\n<p class=\"\">Personalidades del mundo del arte, asociaciones y colectivos salieron entonces en tromba a apoyar el trabajo <a href=\"https:\/\/elpais.com\/cultura\/2023-11-03\/la-comision-asesora-del-caac-dimite-en-bloque-por-la-polemica-destitucion-del-director-y-su-sucesora-defiende-su-nombramiento-a-dedo.html\" target=\"_blank\" rel=\"nofollow noopener\" title=\"https:\/\/elpais.com\/cultura\/2023-11-03\/la-comision-asesora-del-caac-dimite-en-bloque-por-la-polemica-destitucion-del-director-y-su-sucesora-defiende-su-nombramiento-a-dedo.html\">desarrollado por el anterior director, Juan Antonio \u00c1lvarez Reyes<\/a>, que llevaba al frente de la instituci\u00f3n desde 2010, y provoc\u00f3 la dimisi\u00f3n en bloque de la Comisi\u00f3n T\u00e9cnica del CAAC, un \u00f3rgano consultivo integrado hasta entonces por nombres tan prestigiosos como los de Estrella de Diego, catedr\u00e1tica de la Universidad Complutense; Mar\u00eda Dolores Jim\u00e9nez Blanco, profesora de la misma universidad; Juan Cuenca, artista y arquitecto; Francisco Jarauta, catedr\u00e1tico de la Universidad de Murcia; y V\u00edctor P\u00e9rez Escolano, exdirector del Museo de Arte Contempor\u00e1neo de Sevilla y catedr\u00e1tico de Arquitectura de la Universidad de Sevilla, entre otros. <\/p>\n<p class=\"\">La protesta no iba dirigida expresamente a la figura de Bl\u00e1zquez, doctora en arte contempor\u00e1neo, coleccionista, mecenas, comisaria y cr\u00edtica de arte bien conocida en el mundo del arte contempor\u00e1neo en todo el territorio nacional y con cierta carrera internacional, sino por el m\u00e9todo elegido para su nombramiento.<\/p>\n<p><img decoding=\"auto\" class=\"_re lazyload a_m-h\" height=\"277\"  width=\"414\"  src=\"https:\/\/www.europesays.com\/es\/wp-content\/uploads\/2025\/10\/Y6XUN733IZG6PCAYTA4FSZMMAI.jpg\" loading=\"lazy\"\/>Obra del proyecto &#8216;Profundis&#8217;, de la artista colombiana Delcy Morelos, expuesta en el CAAC en 2024.PACO PUENTES<\/p>\n<p class=\"\">Por este motivo, la actual <a href=\"https:\/\/elpais.com\/noticias\/andalucia\/\" target=\"_self\" rel=\"nofollow noopener\" title=\"https:\/\/elpais.com\/noticias\/andalucia\/\">consejera de Cultura y Deporte de la Junta de Andaluc\u00eda<\/a>, Patricia del Pozo, que hab\u00eda precedido y ha sustituido despu\u00e9s en el cargo a Arturo Bernal, con visibles discrepancias en su gesti\u00f3n, no quiere repetir errores y ha anunciado la convocatoria de un concurso p\u00fablico para elegir la nueva direcci\u00f3n del Centro. Dicha f\u00f3rmula de selecci\u00f3n, ha informado en un comunicado, \u201cse ajustar\u00e1 a las recomendaciones del Documento de Buenas Pr\u00e1cticas en Museos y Centros de Arte en Espa\u00f1a\u201d. <\/p>\n<p class=\"\">Igualmente, Del Pozo ha agradecido a Jimena Bl\u00e1zquez \u201cla labor desempe\u00f1ada durante su etapa al frente del CAAC, reforzando su papel de referencia dentro del mapa del arte contempor\u00e1neo en Espa\u00f1a\u201d. \u201cBajo su direcci\u00f3n, el museo ha ampliado los v\u00ednculos de la instituci\u00f3n con el contexto andaluz y ha ganado proyecci\u00f3n hacia el exterior\u201d, ha se\u00f1alado. <\/p>\n<p class=\"\">Bl\u00e1zquez <a href=\"https:\/\/elpais.com\/noticias\/caac-centro-andaluz-arte-contemporaneo\/\" target=\"_blank\" rel=\"nofollow noopener\" title=\"https:\/\/elpais.com\/noticias\/caac-centro-andaluz-arte-contemporaneo\/\">deja la programaci\u00f3n del Centro Andaluz de Arte Contempor\u00e1neo<\/a> (CAAC), en Sevilla, y del Centro de Creaci\u00f3n Contempor\u00e1nea de Andaluc\u00eda (C3A), en C\u00f3rdoba, cerrada para los pr\u00f3ximos a\u00f1os, \u201cgarantizando la continuidad institucional\u201d -insiste la Junta de Andaluc\u00eda a los medios-, as\u00ed como la ampliaci\u00f3n de la instituci\u00f3n radicada en la capital andaluza hacia el Pabell\u00f3n del Siglo XV de la Exposici\u00f3n Universal de 1992 (anexo al monasterio de la Cartuja), cuya apertura est\u00e1 prevista para 2026. <\/p>\n<p class=\"\">La direcci\u00f3n del CAAC es uno de los cargos m\u00e1s atractivos dentro del sector del arte contempor\u00e1neo nacional, toda vez que el museo andaluz -un \u00f3rgano aut\u00f3nomo insertado dentro del organigrama de la Consejer\u00eda de Cultura de la Junta de Andaluc\u00eda- asume la gesti\u00f3n de las colecciones de los antiguos Conjunto Monumental de la Cartuja y del Museo de Arte Contempor\u00e1neo de Sevilla, y compite en igualdad de condiciones con otras instituciones nacionales de su g\u00e9nero, como el Instituto Valenciano de Arte Moderno (IVAM), el MUSAC de Le\u00f3n o el Museo Patio Herreriano de Valladolid.<\/p>\n","protected":false},"excerpt":{"rendered":"Justo dos a\u00f1os despu\u00e9s de que en octubre de 2023 la Junta de Andaluc\u00eda nombrara por sorpresa a&hellip;\n","protected":false},"author":2,"featured_media":194571,"comment_status":"","ping_status":"","sticky":false,"template":"","format":"standard","meta":{"footnotes":""},"categories":[173],"tags":[229,2875,233,231,230,43708,209,232,14663,234,146,147,25,24,3873,1171,23],"class_list":{"0":"post-194570","1":"post","2":"type-post","3":"status-publish","4":"format-standard","5":"has-post-thumbnail","7":"category-arte-y-diseno","8":"tag-arte","9":"tag-arte-contemporaneo","10":"tag-arte-y-diseno","11":"tag-arts","12":"tag-arts-and-design","13":"tag-caac","14":"tag-cultura","15":"tag-design","16":"tag-dimisiones","17":"tag-diseno","18":"tag-entertainment","19":"tag-entretenimiento","20":"tag-es","21":"tag-espana","22":"tag-museos","23":"tag-sevilla","24":"tag-spain"},"share_on_mastodon":{"url":"https:\/\/pubeurope.com\/@es\/115419808802289543","error":""},"_links":{"self":[{"href":"https:\/\/www.europesays.com\/es\/wp-json\/wp\/v2\/posts\/194570","targetHints":{"allow":["GET"]}}],"collection":[{"href":"https:\/\/www.europesays.com\/es\/wp-json\/wp\/v2\/posts"}],"about":[{"href":"https:\/\/www.europesays.com\/es\/wp-json\/wp\/v2\/types\/post"}],"author":[{"embeddable":true,"href":"https:\/\/www.europesays.com\/es\/wp-json\/wp\/v2\/users\/2"}],"replies":[{"embeddable":true,"href":"https:\/\/www.europesays.com\/es\/wp-json\/wp\/v2\/comments?post=194570"}],"version-history":[{"count":0,"href":"https:\/\/www.europesays.com\/es\/wp-json\/wp\/v2\/posts\/194570\/revisions"}],"wp:featuredmedia":[{"embeddable":true,"href":"https:\/\/www.europesays.com\/es\/wp-json\/wp\/v2\/media\/194571"}],"wp:attachment":[{"href":"https:\/\/www.europesays.com\/es\/wp-json\/wp\/v2\/media?parent=194570"}],"wp:term":[{"taxonomy":"category","embeddable":true,"href":"https:\/\/www.europesays.com\/es\/wp-json\/wp\/v2\/categories?post=194570"},{"taxonomy":"post_tag","embeddable":true,"href":"https:\/\/www.europesays.com\/es\/wp-json\/wp\/v2\/tags?post=194570"}],"curies":[{"name":"wp","href":"https:\/\/api.w.org\/{rel}","templated":true}]}}