{"id":194578,"date":"2025-10-22T20:58:29","date_gmt":"2025-10-22T20:58:29","guid":{"rendered":"https:\/\/www.europesays.com\/es\/194578\/"},"modified":"2025-10-22T20:58:29","modified_gmt":"2025-10-22T20:58:29","slug":"guino-a-zaragoza-en-la-pelicula-un-fantasma-en-la-batalla-de-agustin-diaz-yanes","status":"publish","type":"post","link":"https:\/\/www.europesays.com\/es\/194578\/","title":{"rendered":"Gui\u00f1o a Zaragoza en la pel\u00edcula &#8216;Un fantasma en la batalla&#8217; de Agust\u00edn D\u00edaz Yanes"},"content":{"rendered":"<p class=\"paragraph\">Tras su excelente acogida en el <b>Festival de Cine de San Sebasti\u00e1n<\/b>, el cineasta <a href=\"https:\/\/www.heraldo.es\/noticias\/ocio-y-cultura\/2025\/10\/14\/agustin-dias-yanes-europa-no-esta-sobrada-de-lideres-y-todo-empieza-a-ser-como-una-pesadilla-1861687.html\" title=\"Agust\u00edn D\u00edaz Yanes: &quot;Europa no est\u00e1 sobrada de l\u00edderes y todo empieza a ser como una pesadilla&quot;\" rel=\"nofollow noopener\" target=\"_blank\">Agust\u00edn D\u00edaz Yanes<\/a> estren\u00f3 hace casi un mes la pel\u00edcula \u2018Un fantasma en la batalla\u2019. El director y guionista visit\u00f3 la capital aragonesa junto al actor A<b>ndr\u00e9s Gertr\u00fadix<\/b> el pasado d\u00eda 8 para participar en una sesi\u00f3n del ciclo \u2018La buena estrella\u2019 en el Aula Magna del Paraninfo, cita que modera el escritor y profesor de la <a href=\"https:\/\/www.heraldo.es\/tags\/instituciones_empresas\/universidad_zaragoza.html\" title=\"Universidad de Zaragoza\" rel=\"nofollow noopener\" target=\"_blank\">Universidad de Zaragoza<\/a> <b>Luis Alegre. <\/b><\/p>\n<p class=\"paragraph\">Los productores de \u2018La sociedad de la nieve\u2019, <b>J. A. Bayona, Bel\u00e9n Atienza y Sandra Hermida<\/b> realizan esta cinta, dirigida por D\u00edaz Yanes y protagonizada por el mencionado<b> Gertr\u00fadix, Susana Abaitua, Iraia Elias, Ra\u00fal Ar\u00e9valo <\/b>y <b>Ariadna Gil,<\/b> y que actualmente puede verse en Netflix.<\/p>\n<p class=\"paragraph\">La cinta recibi\u00f3 buenas cr\u00edticas tras su presentaci\u00f3n en la reciente edici\u00f3n del<b> Festival de Cine de San Sebasti\u00e1n,<\/b> donde se present\u00f3 fuera de concurso. De este filme se ha dicho que es \u00abuna vuelta a lo grande de D\u00edaz Yanes que muestra la historia de Espa\u00f1a a trav\u00e9s de la lucha contra ETA\u00bb o \u00abun thriller mod\u00e9lico, vibrante y hondo\u00bb.<\/p>\n<p class=\"paragraph\"><b>\u2018Un fantasma en la batalla\u2019 <\/b>se inspira en la mayor operaci\u00f3n encubierta contra ETA, que supuso un antes y un despu\u00e9s en la lucha antiterrorista en Espa\u00f1a. Cimentada en el contexto hist\u00f3rico, pol\u00edtico y social de los a\u00f1os 90 y los 2000, la pel\u00edcula cuenta la historia de Amaia (Susana Abaitua), una joven guardia civil que permanece m\u00e1s de una d\u00e9cada trabajando como agente encubierta dentro de la banda terrorista, con el objetivo de localizar los zulos que ten\u00edan escondidos en el sur de Francia.<\/p>\n<p>        <img decoding=\"async\" loading=\"lazy\" width=\"640\" alt=\"Agust\u00edn D\u00edaz Yanes estuvo en Zaragoza, en el Paraninfo, en el ciclo 'La buena estrella' y habl\u00f3 de su pel\u00edcula 'Un fantasma en la batalla'.\" height=\"427\" src=\"https:\/\/imagenes.heraldo.es\/files\/image_640_auto\/uploads\/imagenes\/2025\/10\/13\/agujstin-diaz-yanes-estrena-un-fantasma-en-la-batalla-sobre-eta.jpeg\" data-full-src=\"https:\/\/www.europesays.com\/es\/wp-content\/uploads\/2025\/10\/agujstin-diaz-yanes-estrena-un-fantasma-en-la-batalla-sobre-eta.jpeg\"\/><\/p>\n<p>    Agust\u00edn D\u00edaz Yanes estuvo en Zaragoza, en el Paraninfo, en el ciclo &#8216;La buena estrella&#8217; y habl\u00f3 de su pel\u00edcula &#8216;Un fantasma en la batalla&#8217;.HA_Archivo<\/p>\n<p class=\"paragraph\"><b>Agust\u00edn D\u00edaz Yanes, <\/b>de madre zaragozana, fue guionista de<b> Rafa Mole\u00f3n<\/b> o <b>Pedro Almod\u00f3var <\/b>antes de debutar como director con la aclamada \u2018Nadie hablar\u00e1 de nosotras cuando hayamos muerto\u2019 (1995), por la que recibi\u00f3 numerosos reconocimientos. Ha dirigido tambi\u00e9n<b> \u2018Sin noticias de Dios\u2019, \u2018Solo quiero caminar\u2019, \u2018Oro\u2019 <\/b>o<b> \u2018Alatriste\u2019,<\/b> uno de los largometrajes m\u00e1s populares del cine espa\u00f1ol del siglo XXI.<\/p>\n<p class=\"paragraph\">Su conexi\u00f3n con la capital aragonesa est\u00e1 presente en su \u00faltima pel\u00edcula. Hay un peque\u00f1o gui\u00f1o en uno de los planos en los que se muestra el informe de personal del personaje de Amaya que interpreta la actriz <b>Susana Abaitua. <\/b>En \u00e9l figuran entre otros datos los apellidos y el nombre, Mateos Gin\u00e9s, Amaya, y el lugar de nacimiento, <a href=\"https:\/\/www.heraldo.es\/tags\/lugares\/zaragoza.html\" title=\"Zaragoza\" rel=\"nofollow noopener\" target=\"_blank\">Zaragoza<\/a>, un detalle que no se ha escapado a los cin\u00e9filos zaragozanos.<\/p>\n","protected":false},"excerpt":{"rendered":"Tras su excelente acogida en el Festival de Cine de San Sebasti\u00e1n, el cineasta Agust\u00edn D\u00edaz Yanes estren\u00f3&hellip;\n","protected":false},"author":2,"featured_media":194579,"comment_status":"","ping_status":"","sticky":false,"template":"","format":"standard","meta":{"footnotes":""},"categories":[169],"tags":[30423,4095,177,146,147,25,24,25514,176,175,1257,23,491],"class_list":{"0":"post-194578","1":"post","2":"type-post","3":"status-publish","4":"format-standard","5":"has-post-thumbnail","7":"category-cine","8":"tag-agustin","9":"tag-batalla","10":"tag-cine","11":"tag-entertainment","12":"tag-entretenimiento","13":"tag-es","14":"tag-espana","15":"tag-fantasma","16":"tag-film","17":"tag-movies","18":"tag-pelicula","19":"tag-spain","20":"tag-zaragoza"},"share_on_mastodon":{"url":"https:\/\/pubeurope.com\/@es\/115419827671548783","error":""},"_links":{"self":[{"href":"https:\/\/www.europesays.com\/es\/wp-json\/wp\/v2\/posts\/194578","targetHints":{"allow":["GET"]}}],"collection":[{"href":"https:\/\/www.europesays.com\/es\/wp-json\/wp\/v2\/posts"}],"about":[{"href":"https:\/\/www.europesays.com\/es\/wp-json\/wp\/v2\/types\/post"}],"author":[{"embeddable":true,"href":"https:\/\/www.europesays.com\/es\/wp-json\/wp\/v2\/users\/2"}],"replies":[{"embeddable":true,"href":"https:\/\/www.europesays.com\/es\/wp-json\/wp\/v2\/comments?post=194578"}],"version-history":[{"count":0,"href":"https:\/\/www.europesays.com\/es\/wp-json\/wp\/v2\/posts\/194578\/revisions"}],"wp:featuredmedia":[{"embeddable":true,"href":"https:\/\/www.europesays.com\/es\/wp-json\/wp\/v2\/media\/194579"}],"wp:attachment":[{"href":"https:\/\/www.europesays.com\/es\/wp-json\/wp\/v2\/media?parent=194578"}],"wp:term":[{"taxonomy":"category","embeddable":true,"href":"https:\/\/www.europesays.com\/es\/wp-json\/wp\/v2\/categories?post=194578"},{"taxonomy":"post_tag","embeddable":true,"href":"https:\/\/www.europesays.com\/es\/wp-json\/wp\/v2\/tags?post=194578"}],"curies":[{"name":"wp","href":"https:\/\/api.w.org\/{rel}","templated":true}]}}