{"id":194582,"date":"2025-10-22T21:00:11","date_gmt":"2025-10-22T21:00:11","guid":{"rendered":"https:\/\/www.europesays.com\/es\/194582\/"},"modified":"2025-10-22T21:00:11","modified_gmt":"2025-10-22T21:00:11","slug":"desarrollan-cerdos-modificados-geneticamente-que-resisten-la-peste-porcina-clasica","status":"publish","type":"post","link":"https:\/\/www.europesays.com\/es\/194582\/","title":{"rendered":"Desarrollan cerdos modificados gen\u00e9ticamente que resisten la peste porcina cl\u00e1sica\u00a0"},"content":{"rendered":"<p class=\"article-text\">\n        Un equipo internacional de investigadores ha usado la herramienta de <a href=\"https:\/\/www.eldiario.es\/temas\/edicion-genetica\/\" target=\"_blank\" data-mrf-recirculation=\"links-noticia\" class=\"link\" rel=\"nofollow noopener\">edici\u00f3n gen\u00e9tica<\/a> CRISPR para modificar en cerdos un gen clave para la replicaci\u00f3n del virus de la peste porcina cl\u00e1sica. El experimento, que se publica este mi\u00e9rcoles en la revista\u00a0Trends in Biotechnology, fue realizado en cuatro animales y mostr\u00f3 una protecci\u00f3n completa frente a la enfermedad.\u00a0\n    <\/p>\n<p>    <a href=\"https:\/\/www.eldiario.es\/sociedad\/investigadores-primer-cordero-modificado-geneticamente-espana_1_11584403.html\" data-mrf-recirculation=\"saber-mas\" data-dl-event=\"saber-mas\" rel=\"nofollow noopener\" target=\"_blank\"><\/p>\n<p class=\"know-more__title\">Un grupo de investigadores consigue generar el primer cordero modificado gen\u00e9ticamente en Espa\u00f1a<\/p>\n<p>            <img decoding=\"async\" class=\"lazy\" loading=\"lazy\" data-src=\"https:\/\/static.eldiario.es\/clip\/adabbe7d-74f5-4431-a7dc-91723d9916f0_16-9-aspect-ratio_default_0.jpg\" src=\"data:image\/svg+xml,%3Csvg xmlns=\" http:=\"\" viewbox=\"0 0 880 495\" alt=\"Un grupo de investigadores consigue generar el primer cordero modificado gen\u00e9ticamente en Espa\u00f1a\"\/><\/p>\n<p>                        <\/a><\/p>\n<p class=\"article-text\">\n        Los autores se han centrado en generar mutaciones en el gen DNAJC14, implicado en la replicaci\u00f3n de los pestivirus. Estudios previos en cultivos celulares hab\u00edan demostrado que DNAJC14 desempe\u00f1a un\u00a0<a href=\"https:\/\/pmc.ncbi.nlm.nih.gov\/articles\/PMC9364808\/\" target=\"_blank\" data-mrf-recirculation=\"links-noticia\" class=\"link\" rel=\"nofollow noopener\">papel esencial<\/a>\u00a0en la replicaci\u00f3n de estos virus. Los cient\u00edficos generaron animales editados mediante microinyecci\u00f3n de embriones en estadio de cigoto con el sistema CRISPR\/Cas9, con el objetivo de introducir una mutaci\u00f3n puntual espec\u00edfica (W576A) en este gen.\u00a0\n    <\/p>\n<p class=\"article-text\">\n        Los resultados muestran que estos animales, y las c\u00e9lulas derivadas de ellos, son resistentes a la infecci\u00f3n por el virus de la peste porcina cl\u00e1sica, y que sus cultivos celulares presentan igualmente resistencia frente al virus de la diarrea viral bovina (BVDV). Seg\u00fan los investigadores, el avance podr\u00eda servir como un m\u00e9todo adicional para controlar este tipo de virus, que suponen un gran coste econ\u00f3mico y de bienestar animal. \u00a0\n    <\/p>\n<p>    Implicaciones sanitarias y econ\u00f3micas<\/p>\n<p class=\"article-text\">\n        Para<strong>\u00a0<\/strong><a href=\"https:\/\/portalinvestigacion.um.es\/investigadores\/332408\/detalle\" target=\"_blank\" data-mrf-recirculation=\"links-noticia\" class=\"link\" rel=\"nofollow noopener\">Joaqu\u00edn Gadea<\/a>, catedr\u00e1tico de Fisiolog\u00eda e investigador en la facultad de Veterinaria de la Universidad de Murcia, se trata de un art\u00edculo de gran calidad que confirma la utilidad de la edici\u00f3n gen\u00e9tica como herramienta para generar resistencia viral en animales de producci\u00f3n, lo que tiene enormes implicaciones sanitarias, de bienestar animal y econ\u00f3micas.\u00a0\n    <\/p>\n<p class=\"article-text\">\n        \u201cLa peste porcina cl\u00e1sica sigue siendo una de las enfermedades m\u00e1s devastadoras del sector porcino, ya que provoca alta mortalidad, p\u00e9rdidas productivas, un aumento del uso de antibi\u00f3ticos y repercusiones en la seguridad alimentaria debido a la reducci\u00f3n de la disponibilidad de prote\u00ednas animales de alta calidad\u201d, explica Gadea al <a href=\"https:\/\/sciencemediacentre.es\/\" target=\"_blank\" data-mrf-recirculation=\"links-noticia\" class=\"link\" rel=\"nofollow noopener\">SMC<\/a>.\n    <\/p>\n<blockquote class=\"quote\">\n<p class=\"quote-text\">La peste porcina cl\u00e1sica sigue siendo una de las enfermedades m\u00e1s devastadoras del sector porcino, ya que provoca alta mortalidad, p\u00e9rdidas productivas y un aumento del uso de antibi\u00f3ticos<\/p>\n<p>\n                        Joaqu\u00edn Gadea<br \/>\n                                        \u2014 Catedr\u00e1tico de Fisiolog\u00eda de la facultad de Veterinaria de la Universidad de Murcia\n                      <\/p>\n<\/blockquote>\n<p class=\"article-text\">\n        En opini\u00f3n del experto este nuevo estudio ampl\u00eda significativamente el repertorio de genes diana y demuestra la versatilidad y solidez de la estrategia de edici\u00f3n gen\u00e9tica para el control de enfermedades infecciosas. \u201cEs un gran avance cient\u00edfico y de alta calidad, que consolida la edici\u00f3n gen\u00e9tica como una herramienta realista y eficaz para el control de enfermedades infecciosas en el ganado, que permite mejorar simult\u00e1neamente la salud y la productividad animal\u201d.\n    <\/p>\n<p class=\"article-text\">\n        <a href=\"https:\/\/www.irec.es\/personal\/detalle\/gortazar-schmidt-christian\/\" target=\"_blank\" data-mrf-recirculation=\"links-noticia\" class=\"link\" rel=\"nofollow noopener\">Christian Gort\u00e1zar,<\/a><strong> <\/strong>catedr\u00e1tico de Sanidad Animal en el Instituto de Investigaci\u00f3n en Recursos Cineg\u00e9ticos (IREC), recuerda que hay alg\u00fan precedente de edici\u00f3n gen\u00e9tica para crear cerdos resistentes al virus del s\u00edndrome respiratorio y reproductivo porcino PRRS. \u201cEste trabajo propone lo mismo para un virus importante, el pestivirus causante de la peste porcina cl\u00e1sica (PPC) del cerdo\u201d, asegura al SMC. \u201cEl ensayo, pese a incluir muy pocos animales de experimentaci\u00f3n, resulta muy prometedor. Las implicaciones para el control de la PPC pueden ser importantes\u201d.\u00a0\n    <\/p>\n<blockquote class=\"quote\">\n<p class=\"quote-text\">Ser\u00eda muy interesante lograr efectos similares en enfermedades m\u00e1s insidiosas y que a\u00fan no cuentan con buenas vacunas aprobadas, como la peste porcina africana<\/p>\n<p>\n                        Christian Gort\u00e1zar<br \/>\n                                        \u2014 Catedr\u00e1tico de Sanidad Animal en el Instituto de Investigaci\u00f3n en Recursos Cineg\u00e9ticos (IREC)\n                      <\/p>\n<\/blockquote>\n<p class=\"article-text\">\n        No obstante, apunta Gort\u00e1zar, se trata de una enfermedad que puede controlarse mediante vacunas, bioseguridad, y atenci\u00f3n al reservorio silvestre. \u201cSer\u00eda muy interesante lograr efectos similares en enfermedades m\u00e1s insidiosas y que a\u00fan no cuentan con buenas vacunas aprobadas, como la peste porcina africana\u201d, subraya.\u00a0\n    <\/p>\n<p>    Sin aplicaci\u00f3n en Europa<\/p>\n<p class=\"article-text\">\n        M\u00e1s all\u00e1 de la relevancia del avance, Cort\u00e1zar recuerda que son todav\u00eda pocos los pa\u00edses que aceptan la edici\u00f3n del genoma del ganado en productos objeto de consumo y comercio. \u201cDesafortunadamente, las autoridades europeas a\u00fan no han autorizado el uso de animales editados gen\u00e9ticamente, a pesar de que la EFSA [Autoridad Europea de Seguridad Alimentaria] ha emitido informes en los que se\u00f1ala que la edici\u00f3n gen\u00e9tica no es equivalente a la transg\u00e9nesis y que su riesgo es comparable al de la reproducci\u00f3n natural\u201d, se\u00f1ala Gadea.\u00a0\n    <\/p>\n<p>    <a href=\"https:\/\/www.eldiario.es\/sociedad\/trasplantan-primera-vez-higado-cerdo-modificado-geneticamente-persona-viva_1_12668323.html\" data-mrf-recirculation=\"saber-mas-abajo\" data-dl-event=\"saber-mas-abajo\" rel=\"nofollow noopener\" target=\"_blank\"><\/p>\n<p class=\"know-more__title\">Trasplantan por primera vez un h\u00edgado de cerdo modificado gen\u00e9ticamente a una persona viva<\/p>\n<p>            <img decoding=\"async\" class=\"lazy\" loading=\"lazy\" data-src=\"https:\/\/static.eldiario.es\/clip\/f3b610a8-756d-4ccc-8238-25835ad32b56_16-9-aspect-ratio_default_0.jpg\" src=\"data:image\/svg+xml,%3Csvg xmlns=\" http:=\"\" viewbox=\"0 0 880 495\" alt=\"Trasplantan por primera vez un h\u00edgado de cerdo modificado gen\u00e9ticamente a una persona viva\"\/><\/p>\n<p>                        <\/a><\/p>\n<p class=\"article-text\">\n        \u201cEsta situaci\u00f3n, unida a la falta de apoyo empresarial y a la limitada protecci\u00f3n de patentes a la que tienen acceso los grupos acad\u00e9micos, est\u00e1 frenando el desarrollo de estos modelos en Espa\u00f1a\u201d, insiste. La falta de recursos para mantener personal cualificado sigue siendo uno de los principales problemas estructurales de la ciencia espa\u00f1ola\u201c.\n    <\/p>\n","protected":false},"excerpt":{"rendered":"Un equipo internacional de investigadores ha usado la herramienta de edici\u00f3n gen\u00e9tica CRISPR para modificar en cerdos un&hellip;\n","protected":false},"author":2,"featured_media":194583,"comment_status":"","ping_status":"","sticky":false,"template":"","format":"standard","meta":{"footnotes":""},"categories":[92],"tags":[54092,2683,15448,25,24,54094,165,54093,54096,54097,54095,166,23],"class_list":{"0":"post-194582","1":"post","2":"type-post","3":"status-publish","4":"format-standard","5":"has-post-thumbnail","7":"category-salud","8":"tag-cerdos","9":"tag-clasica","10":"tag-desarrollan","11":"tag-es","12":"tag-espana","13":"tag-geneticamente","14":"tag-health","15":"tag-modificados","16":"tag-peste","17":"tag-porcina","18":"tag-resisten","19":"tag-salud","20":"tag-spain"},"share_on_mastodon":{"url":"https:\/\/pubeurope.com\/@es\/115419835645738627","error":""},"_links":{"self":[{"href":"https:\/\/www.europesays.com\/es\/wp-json\/wp\/v2\/posts\/194582","targetHints":{"allow":["GET"]}}],"collection":[{"href":"https:\/\/www.europesays.com\/es\/wp-json\/wp\/v2\/posts"}],"about":[{"href":"https:\/\/www.europesays.com\/es\/wp-json\/wp\/v2\/types\/post"}],"author":[{"embeddable":true,"href":"https:\/\/www.europesays.com\/es\/wp-json\/wp\/v2\/users\/2"}],"replies":[{"embeddable":true,"href":"https:\/\/www.europesays.com\/es\/wp-json\/wp\/v2\/comments?post=194582"}],"version-history":[{"count":0,"href":"https:\/\/www.europesays.com\/es\/wp-json\/wp\/v2\/posts\/194582\/revisions"}],"wp:featuredmedia":[{"embeddable":true,"href":"https:\/\/www.europesays.com\/es\/wp-json\/wp\/v2\/media\/194583"}],"wp:attachment":[{"href":"https:\/\/www.europesays.com\/es\/wp-json\/wp\/v2\/media?parent=194582"}],"wp:term":[{"taxonomy":"category","embeddable":true,"href":"https:\/\/www.europesays.com\/es\/wp-json\/wp\/v2\/categories?post=194582"},{"taxonomy":"post_tag","embeddable":true,"href":"https:\/\/www.europesays.com\/es\/wp-json\/wp\/v2\/tags?post=194582"}],"curies":[{"name":"wp","href":"https:\/\/api.w.org\/{rel}","templated":true}]}}