{"id":194584,"date":"2025-10-22T21:01:16","date_gmt":"2025-10-22T21:01:16","guid":{"rendered":"https:\/\/www.europesays.com\/es\/194584\/"},"modified":"2025-10-22T21:01:16","modified_gmt":"2025-10-22T21:01:16","slug":"sofia-palazuelo-sorprende-con-vestido-de-invitada-de-estilo-diosa-griega","status":"publish","type":"post","link":"https:\/\/www.europesays.com\/es\/194584\/","title":{"rendered":"Sof\u00eda Palazuelo sorprende con vestido de invitada de estilo diosa griega"},"content":{"rendered":"<p data-journey-content=\"true\" data-node-id=\"2\" class=\"css-6wxqfj emevuu60\"><strong data-node-id=\"2.0\">Sof\u00eda Palazuelo<\/strong> <strong data-node-id=\"2.2\">nunca defrauda con sus <a href=\"https:\/\/www.elle.com\/es\/star-style\/el-estilo-de\/g69087941\/invitadas-boda-mejor-vestidas-fin-de-semana\/\" data-vars-ga-outbound-link=\"https:\/\/www.elle.com\/es\/star-style\/el-estilo-de\/g69087941\/invitadas-boda-mejor-vestidas-fin-de-semana\/\" data-vars-ga-ux-element=\"Hyperlink\" data-vars-ga-call-to-action=\"looks de invitada\" data-node-id=\"2.2.1\" class=\"body-link css-103hk4r emevuu60\" rel=\"nofollow noopener\" target=\"_blank\">looks de invitada<\/a>.<\/strong> Cada vez que aparece, se convierte en la mejor vestida del evento. Independientemente de si se trata de una boda, un concierto en la \u00f3pera o un evento de negocios. Ella siempre destaca. Y los motivos son simples: sus <strong data-node-id=\"2.4\">gustos cl\u00e1sicos y elegantes.<\/strong><\/p>\n<p data-journey-content=\"true\" data-node-id=\"3\" class=\"css-6wxqfj emevuu60\">El estilo de Sof\u00eda Palazuelo lo podr\u00edamos definir como sofisticado, femenino y atemporal. Ella no suele atreverse con <a href=\"https:\/\/www.elle.com\/es\/moda\/tendencias\/a65799589\/estilos-tendencias-de-otono-para-incorporar-y-para-olvidar\/\" data-vars-ga-outbound-link=\"https:\/\/www.elle.com\/es\/moda\/tendencias\/a65799589\/estilos-tendencias-de-otono-para-incorporar-y-para-olvidar\/\" data-vars-ga-ux-element=\"Hyperlink\" data-vars-ga-call-to-action=\"las tendencias m\u00e1s extravagantes\" data-node-id=\"3.1\" class=\"body-link css-103hk4r emevuu60\" rel=\"nofollow noopener\" target=\"_blank\">las tendencias m\u00e1s extravagantes<\/a>, prefiere apostar por la elegancia de la sencillez. As\u00ed pues, sus estilismos siempre derrochan glamour y minimalismo. Y es que, para brillar, no hace falta arriesgar.<\/p>\n<p data-journey-content=\"true\" data-node-id=\"4\" class=\"css-6wxqfj emevuu60\">As\u00ed nos lo ha vuelto a demostrar la duquesa de Hu\u00e9scar durante una especial <strong data-node-id=\"4.1\">cena celebrada con el fin de reconocer a Alberto Morillas como una \u00ableyenda del perfume<\/strong>\u00ab, Una velada que tal y como asegura Palazuelo, \u00abfusion\u00f3 arte y cultura\u00bb, y en la que, una vez m\u00e1s, se encarg\u00f3 de poner el broche de oro con su acertado estilismo. <\/p>\n<p>Sof\u00eda Palazuelo, la invitada m\u00e1s espectacular del 2025<\/p>\n<p data-journey-content=\"true\" data-node-id=\"7\" class=\"css-6wxqfj emevuu60\">Este a\u00f1o, Sof\u00eda Palazuelo nos ha deslumbrado con todos y cada uno de sus estilismos de invitada. Hace unos d\u00edas, por ejemplo, nos sorprendi\u00f3 como <a href=\"https:\/\/www.elle.com\/es\/star-style\/el-estilo-de\/a69006312\/sofia-palazuelo-espectacular-invitada-boda-hermano-vestido-cruzado-pamela-caceres\/\" data-vars-ga-outbound-link=\"https:\/\/www.elle.com\/es\/star-style\/el-estilo-de\/a69006312\/sofia-palazuelo-espectacular-invitada-boda-hermano-vestido-cruzado-pamela-caceres\/\" data-vars-ga-ux-element=\"Hyperlink\" data-vars-ga-call-to-action=\"la invitada m\u00e1s espectacular durante la boda de su hermano en C\u00e1ceres\" data-node-id=\"7.1\" class=\"body-link css-103hk4r emevuu60\" rel=\"nofollow noopener\" target=\"_blank\">la invitada m\u00e1s espectacular durante la boda de su hermano en C\u00e1ceres<\/a>. Pero el estilismo que luci\u00f3 anoche nos parece todav\u00eda m\u00e1s impresionante.<\/p>\n<p data-journey-content=\"true\" data-node-id=\"9\" class=\"css-6wxqfj emevuu60\">Al m\u00e1s puro <strong data-node-id=\"9.1\">estilo diosa griega<\/strong>, Sof\u00eda derrochaba m\u00e1s elegancia que nunca en la cena celebrada en el exclusivo Palacio de Liria. Y eso que el list\u00f3n estaba muy alto.<\/p>\n<p data-journey-content=\"true\" data-node-id=\"10\" class=\"css-6wxqfj emevuu60\">En un color gris perla, con un hermoso<strong data-node-id=\"10.1\"> escote asim\u00e9trico anudado al cuello<\/strong> y con una impresionante <strong data-node-id=\"10.3\">espalda descubierta<\/strong>, el vestido que llev\u00f3 Sof\u00eda se coloc\u00f3 autom\u00e1ticamente en el podio de los mejores looks de la duquesa, y del <strong data-node-id=\"10.5\"><a href=\"https:\/\/www.elle.com\/es\/moda\/noticias\/a67962118\/tendencias-moda-otono-invierno-2025-el-corte-ingles\/\" data-vars-ga-outbound-link=\"https:\/\/www.elle.com\/es\/moda\/noticias\/a67962118\/tendencias-moda-otono-invierno-2025-el-corte-ingles\/\" data-vars-ga-ux-element=\"Hyperlink\" data-vars-ga-call-to-action=\"oto\u00f1o 2025.\" data-node-id=\"10.5.0\" class=\"body-link css-103hk4r emevuu60\" rel=\"nofollow noopener\" target=\"_blank\">oto\u00f1o 2025.<\/a><\/strong><\/p>\n<p>El vestido de invitada m\u00e1s elegante de Sof\u00eda Palazuelo <\/p>\n<p data-journey-content=\"true\" data-node-id=\"12\" class=\"css-6wxqfj emevuu60\">\u00bfPor qu\u00e9 estilo diosa griega? Por su<strong data-node-id=\"12.1\"> dise\u00f1o inspirado en la moda hel\u00e9nica cl\u00e1sica.<\/strong> Corte largo y fluido, tejido vaporoso, escote asim\u00e9trico, color suave, detalles de drapeados&#8230; Contaba con todos y cada uno de los detalles caracter\u00edsticos de este tipo de piezas.<\/p>\n<p><img draggable=\"true\" alt=\"sofa palazuelo vestido invitada\" title=\"Sof\u00eda Palazuelo vestido invitada\" loading=\"lazy\" width=\"706\" height=\"1150\" decoding=\"async\" data-nimg=\"1\" style=\"color:transparent;width:100%;height:auto;\"   src=\"https:\/\/www.europesays.com\/es\/wp-content\/uploads\/2025\/10\/sofia-palazuelo-vestido-invitada-elle-68f913df2c5a4.png\" class=\"css-0 e1g79fud0\"\/><a target=\"_blank\" rel=\"noopener nofollow\" data-theme-key=\"base-link\" href=\"https:\/\/pinterest.com\/pin\/create\/button\/?url=https:\/\/www.elle.com\/es\/star-style\/noticias-famosos\/a69124365\/sofia-palazuelo-vestido-invitada-diosa-griega-otono\/&amp;description=- ElleSpain&amp;media=https:\/\/hips.hearstapps.com\/hmg-prod\/images\/sofia-palazuelo-vestido-invitada-elle-68f913df2c5a4.png?resize=1600:*\" class=\"pinterest css-on9hn5 e1c1bym14\"><img decoding=\"async\" data-dynamic-svg=\"true\" src=\"https:\/\/www.elle.com\/_assets\/design-tokens\/fre\/static\/icons\/social\/pinterest.e8cf655.svg?primary=%2523ffffff\" loading=\"lazy\" data-testid=\"dynamic-svg-base\" height=\"auto\" width=\"auto\" alt=\"pinterest\" class=\"css-4lml0h e1mlxuuw1\"\/><\/a><\/p>\n<p>@omarsosabartolome\/\/Instagram<\/p>\n<p data-journey-content=\"true\" data-node-id=\"14\" class=\"css-6wxqfj emevuu60\">\u00bfC\u00f3mo lo combin\u00f3 Palazuelo? Con unas sencillas <strong data-node-id=\"14.1\">sandalias de tac\u00f3n en negro<\/strong>, para crear as\u00ed un contraste de lo m\u00e1s elegante y favorecedor. Adem\u00e1s, no quiso apostar por grandes y vistosos complementos. Tan solo por unos pendientes joya que combinaban de maravilla con el collar que vest\u00eda el escote. Estaba sencillamente deslumbrante.<\/p>\n","protected":false},"excerpt":{"rendered":"Sof\u00eda Palazuelo nunca defrauda con sus looks de invitada. Cada vez que aparece, se convierte en la mejor&hellip;\n","protected":false},"author":2,"featured_media":194585,"comment_status":"","ping_status":"","sticky":false,"template":"","format":"standard","meta":{"footnotes":""},"categories":[91],"tags":[253,146,147,25,24,23],"class_list":{"0":"post-194584","1":"post","2":"type-post","3":"status-publish","4":"format-standard","5":"has-post-thumbnail","7":"category-entretenimiento","8":"tag-discover","9":"tag-entertainment","10":"tag-entretenimiento","11":"tag-es","12":"tag-espana","13":"tag-spain"},"share_on_mastodon":{"url":"https:\/\/pubeurope.com\/@es\/115419839984458294","error":""},"_links":{"self":[{"href":"https:\/\/www.europesays.com\/es\/wp-json\/wp\/v2\/posts\/194584","targetHints":{"allow":["GET"]}}],"collection":[{"href":"https:\/\/www.europesays.com\/es\/wp-json\/wp\/v2\/posts"}],"about":[{"href":"https:\/\/www.europesays.com\/es\/wp-json\/wp\/v2\/types\/post"}],"author":[{"embeddable":true,"href":"https:\/\/www.europesays.com\/es\/wp-json\/wp\/v2\/users\/2"}],"replies":[{"embeddable":true,"href":"https:\/\/www.europesays.com\/es\/wp-json\/wp\/v2\/comments?post=194584"}],"version-history":[{"count":0,"href":"https:\/\/www.europesays.com\/es\/wp-json\/wp\/v2\/posts\/194584\/revisions"}],"wp:featuredmedia":[{"embeddable":true,"href":"https:\/\/www.europesays.com\/es\/wp-json\/wp\/v2\/media\/194585"}],"wp:attachment":[{"href":"https:\/\/www.europesays.com\/es\/wp-json\/wp\/v2\/media?parent=194584"}],"wp:term":[{"taxonomy":"category","embeddable":true,"href":"https:\/\/www.europesays.com\/es\/wp-json\/wp\/v2\/categories?post=194584"},{"taxonomy":"post_tag","embeddable":true,"href":"https:\/\/www.europesays.com\/es\/wp-json\/wp\/v2\/tags?post=194584"}],"curies":[{"name":"wp","href":"https:\/\/api.w.org\/{rel}","templated":true}]}}