{"id":194612,"date":"2025-10-22T21:18:12","date_gmt":"2025-10-22T21:18:12","guid":{"rendered":"https:\/\/www.europesays.com\/es\/194612\/"},"modified":"2025-10-22T21:18:12","modified_gmt":"2025-10-22T21:18:12","slug":"el-consejo-audiovisual-de-andalucia-y-la-universidad-de-sevilla-presentan-un-libro-pionero-sobre-ia-y-desinformacion","status":"publish","type":"post","link":"https:\/\/www.europesays.com\/es\/194612\/","title":{"rendered":"El Consejo Audiovisual de Andaluc\u00eda y la Universidad de Sevilla presentan un libro \u00abpionero\u00bb sobre IA y desinformaci\u00f3n"},"content":{"rendered":"<p>   SEVILLA 22 Oct. (EUROPA PRESS) &#8211; <\/p>\n<p>   La Feria del Libro de Sevilla (Jardines de Murillo) acoge este jueves, 23 de octubre, a las 18,00 horas, la presentaci\u00f3n del libro \u00abpionero\u00bb &#8216;Inteligencia Artificial y Desinformaci\u00f3n&#8217;, una obra colectiva que analiza el impacto de la IA en el ecosistema informativo y comunicativo contempor\u00e1neo.<\/p>\n<p>   As\u00ed lo ha indicado el Consejo Audiovisual de Andaluc\u00eda (CAA) en nota de prensa, donde ha detallado tambi\u00e9n que el volumen, editado por la Editorial Universidad de Sevilla (EUS), inaugura la nueva Colecci\u00f3n Monograf\u00edas_CAA impulsada por el CAA.<\/p>\n<p>   El acto contar\u00e1 con la intervenci\u00f3n del presidente del CAA, Domi del Postigo, la consejera del CAA y coordinadora de la obra, Mar\u00eda del Mar Ram\u00edrez, y la directora de la Editorial Universidad de Sevilla, Araceli L\u00f3pez Serena.<\/p>\n<p>    Esta publicaci\u00f3n surge del compromiso del CAA por \u00abimpulsar, difundir y conectar\u00bb la investigaci\u00f3n cient\u00edfica con la sociedad, especialmente en \u00e1reas que afectan al audiovisual, la comunicaci\u00f3n p\u00fablica y los derechos de la ciudadan\u00eda. Con esta primera monograf\u00eda, el organismo ha consolidado \u00absu voluntad de transferir conocimiento, fomentar alianzas con la academia y reforzar el debate sobre los grandes desaf\u00edos \u00e9ticos y sociales derivados de la revoluci\u00f3n digital\u00bb.<\/p>\n<p>   La obra aborda, desde m\u00faltiples enfoques, las profundas transformaciones que la IA est\u00e1 generando en la producci\u00f3n, circulaci\u00f3n y consumo de informaci\u00f3n. Entre sus contenidos han destacado, el marco jur\u00eddico y las implicaciones \u00e9ticas de la IA, los sesgos algor\u00edtmicos, riesgos y retos asociados; el uso de la IA frente a la desinformaci\u00f3n, la ciberseguridad y fen\u00f3menos de exclusi\u00f3n social y digital; el papel de los organismos reguladores del audiovisual y las din\u00e1micas tecnol\u00f3gicas que alimentan la desinformaci\u00f3n y su impacto en la opini\u00f3n p\u00fablica; as\u00ed como enfoques metodol\u00f3gicos para el estudio de la IA; an\u00e1lisis de nuevos consumos medi\u00e1ticos; educaci\u00f3n medi\u00e1tica; defensa de las audiencias y tecnolog\u00edas emergentes aplicadas a la difusi\u00f3n de la informaci\u00f3n.<\/p>\n<p>   Asimismo, la entidad ha indicado que el volumen ofrece tambi\u00e9n reflexiones sobre los desaf\u00edos \u00e9ticos que plantea la IA y su repercusi\u00f3n directa en el futuro del periodismo y la comunicaci\u00f3n audiovisual. Con esta obra inaugural, la Colecci\u00f3n Monograf\u00edas_CAA aspira a convertirse en \u00abun referente acad\u00e9mico y profesional\u00bb, con t\u00edtulos que \u00abcontribuyan a comprender y anticipar los cambios que est\u00e1n redefiniendo el ecosistema medi\u00e1tico\u00bb.<\/p>\n","protected":false},"excerpt":{"rendered":"SEVILLA 22 Oct. (EUROPA PRESS) &#8211; La Feria del Libro de Sevilla (Jardines de Murillo) acoge este jueves,&hellip;\n","protected":false},"author":2,"featured_media":194613,"comment_status":"","ping_status":"","sticky":false,"template":"","format":"standard","meta":{"footnotes":""},"categories":[172],"tags":[224,146,147,25,24,225,23],"class_list":{"0":"post-194612","1":"post","2":"type-post","3":"status-publish","4":"format-standard","5":"has-post-thumbnail","7":"category-libros","8":"tag-books","9":"tag-entertainment","10":"tag-entretenimiento","11":"tag-es","12":"tag-espana","13":"tag-libros","14":"tag-spain"},"share_on_mastodon":{"url":"https:\/\/pubeurope.com\/@es\/115419906334515213","error":""},"_links":{"self":[{"href":"https:\/\/www.europesays.com\/es\/wp-json\/wp\/v2\/posts\/194612","targetHints":{"allow":["GET"]}}],"collection":[{"href":"https:\/\/www.europesays.com\/es\/wp-json\/wp\/v2\/posts"}],"about":[{"href":"https:\/\/www.europesays.com\/es\/wp-json\/wp\/v2\/types\/post"}],"author":[{"embeddable":true,"href":"https:\/\/www.europesays.com\/es\/wp-json\/wp\/v2\/users\/2"}],"replies":[{"embeddable":true,"href":"https:\/\/www.europesays.com\/es\/wp-json\/wp\/v2\/comments?post=194612"}],"version-history":[{"count":0,"href":"https:\/\/www.europesays.com\/es\/wp-json\/wp\/v2\/posts\/194612\/revisions"}],"wp:featuredmedia":[{"embeddable":true,"href":"https:\/\/www.europesays.com\/es\/wp-json\/wp\/v2\/media\/194613"}],"wp:attachment":[{"href":"https:\/\/www.europesays.com\/es\/wp-json\/wp\/v2\/media?parent=194612"}],"wp:term":[{"taxonomy":"category","embeddable":true,"href":"https:\/\/www.europesays.com\/es\/wp-json\/wp\/v2\/categories?post=194612"},{"taxonomy":"post_tag","embeddable":true,"href":"https:\/\/www.europesays.com\/es\/wp-json\/wp\/v2\/tags?post=194612"}],"curies":[{"name":"wp","href":"https:\/\/api.w.org\/{rel}","templated":true}]}}