{"id":194614,"date":"2025-10-22T21:19:08","date_gmt":"2025-10-22T21:19:08","guid":{"rendered":"https:\/\/www.europesays.com\/es\/194614\/"},"modified":"2025-10-22T21:19:08","modified_gmt":"2025-10-22T21:19:08","slug":"fue-lo-mas-surrealista-del-mundo","status":"publish","type":"post","link":"https:\/\/www.europesays.com\/es\/194614\/","title":{"rendered":"Fue lo m\u00e1s surrealista del mundo"},"content":{"rendered":"<p class=\"c-paragraph\">Manu R\u00edos y <a href=\"https:\/\/www.20minutos.es\/tags\/personas\/blanca-suarez-actriz.html\" title=\"Blanca Su\u00e1rez\" rel=\"nofollow noopener\" target=\"_blank\">Blanca Su\u00e1rez<\/a> han sido los protagonistas de <a href=\"https:\/\/www.20minutos.es\/tags\/instituciones-empresas\/el-hormiguero.html\" title=\"El hormiguero\" rel=\"nofollow noopener\" target=\"_blank\">El Hormiguero<\/a> en la noche de este mi\u00e9rcoles. Los actores han visitado el programa de <a href=\"https:\/\/www.20minutos.es\/tags\/personas\/pablo-motos.html\" title=\"Pablo Motos\" rel=\"nofollow noopener\" target=\"_blank\">Pablo Motos<\/a> para <b>promocionar la segunda temporada de la serie Respira, <\/b>que llega a Netflix el pr\u00f3ximo 31 de octubre.<\/p>\n<p class=\"c-paragraph\">Adem\u00e1s de ofrecer detalles sobre los nuevos cap\u00edtulos y demostrar sus dotes m\u00e9dicos en directo operando nada m\u00e1s y nada menos que una pechuga de pollo, los int\u00e9rpretes han recordado <b>alguna que otra an\u00e9cdota de su vida personal.<\/b><\/p>\n<p class=\"c-paragraph\">Una de las que ha destacado ha sido la vez que Manu R\u00edos acab\u00f3 en una fiesta organizada por Madonna. <b>\u00abFue despu\u00e9s de una fiesta de los Oscars\u00bb,<\/b> apunt\u00f3 el presentador para dar paso a su invitado a contar la historia.<\/p>\n<p class=\"c-paragraph\">\u00abSi, o sea, no me invit\u00f3 ella directamente, fui el +1 de alguien. Fue lo m\u00e1s surrealista del mundo, <b>de repente estaba bailando con Sharon Stone<\/b>\u00ab, reconoci\u00f3 el joven en una primera instancia. El actor, popular tambi\u00e9n por su papel en\u00a0\u00c9lite, ofreci\u00f3 un dato curioso sobre dicha velada: \u00abNo hab\u00eda ni un m\u00f3vil y siempre es guay cuando en una fiesta tienes conversaciones con la gente\u00bb.<\/p>\n<p class=\"c-paragraph\">Por su parte, Blanca Su\u00e1rez matiz\u00f3 en que ella no va a fiestas con Madonna: \u00abPor ahora no coincido con ella\u00bb.<b> \u00abPero s\u00ed vas a fiestas en las que te emborrachas y te haces tatuajes\u00bb,<\/b> le se\u00f1al\u00f3 Pablo Motos.\u00a0<\/p>\n<p class=\"c-paragraph\">\u00abS\u00ed, nunca he mezclado esas dos cosas, siempre lo hago al principio, pero he visto mezclas duras. <b>He sido testigo de noches alegres, ma\u00f1anitas tristes,<\/b> de &#8216;wow, ma\u00f1ana cuando te despiertas y veas lo que te acabas de hacer&#8230;\u00bb, respondi\u00f3 ella entre risas.<\/p>\n","protected":false},"excerpt":{"rendered":"Manu R\u00edos y Blanca Su\u00e1rez han sido los protagonistas de El Hormiguero en la noche de este mi\u00e9rcoles.&hellip;\n","protected":false},"author":2,"featured_media":194615,"comment_status":"","ping_status":"","sticky":false,"template":"","format":"standard","meta":{"footnotes":""},"categories":[171],"tags":[31150,5813,146,147,25,24,54101,23,214],"class_list":{"0":"post-194614","1":"post","2":"type-post","3":"status-publish","4":"format-standard","5":"has-post-thumbnail","7":"category-tv","8":"tag-blanca-suarez","9":"tag-el-hormiguero","10":"tag-entertainment","11":"tag-entretenimiento","12":"tag-es","13":"tag-espana","14":"tag-manu-rios","15":"tag-spain","16":"tag-tv"},"share_on_mastodon":{"url":"https:\/\/pubeurope.com\/@es\/115419910322076036","error":""},"_links":{"self":[{"href":"https:\/\/www.europesays.com\/es\/wp-json\/wp\/v2\/posts\/194614","targetHints":{"allow":["GET"]}}],"collection":[{"href":"https:\/\/www.europesays.com\/es\/wp-json\/wp\/v2\/posts"}],"about":[{"href":"https:\/\/www.europesays.com\/es\/wp-json\/wp\/v2\/types\/post"}],"author":[{"embeddable":true,"href":"https:\/\/www.europesays.com\/es\/wp-json\/wp\/v2\/users\/2"}],"replies":[{"embeddable":true,"href":"https:\/\/www.europesays.com\/es\/wp-json\/wp\/v2\/comments?post=194614"}],"version-history":[{"count":0,"href":"https:\/\/www.europesays.com\/es\/wp-json\/wp\/v2\/posts\/194614\/revisions"}],"wp:featuredmedia":[{"embeddable":true,"href":"https:\/\/www.europesays.com\/es\/wp-json\/wp\/v2\/media\/194615"}],"wp:attachment":[{"href":"https:\/\/www.europesays.com\/es\/wp-json\/wp\/v2\/media?parent=194614"}],"wp:term":[{"taxonomy":"category","embeddable":true,"href":"https:\/\/www.europesays.com\/es\/wp-json\/wp\/v2\/categories?post=194614"},{"taxonomy":"post_tag","embeddable":true,"href":"https:\/\/www.europesays.com\/es\/wp-json\/wp\/v2\/tags?post=194614"}],"curies":[{"name":"wp","href":"https:\/\/api.w.org\/{rel}","templated":true}]}}