{"id":194617,"date":"2025-10-22T21:21:12","date_gmt":"2025-10-22T21:21:12","guid":{"rendered":"https:\/\/www.europesays.com\/es\/194617\/"},"modified":"2025-10-22T21:21:12","modified_gmt":"2025-10-22T21:21:12","slug":"una-intensa-gau-beltza-abrira-la-semana-de-terror-en-la-que-se-recordara-a-david-lynch","status":"publish","type":"post","link":"https:\/\/www.europesays.com\/es\/194617\/","title":{"rendered":"Una intensa &#8216;gau beltza&#8217; abrir\u00e1 la Semana de Terror, en la que se recordar\u00e1 a David Lynch"},"content":{"rendered":"<p>Mucho cine procedente de Estados Unidos, tambi\u00e9n algunos de los m\u00e1s importantes t\u00edtulos del g\u00e9nero de producci\u00f3n vasca del \u00faltimo a\u00f1o y la inevitable presencia  &#8230; de t\u00edtulos japoneses, sobre todo de anime, son los ingredientes principales de la 36 edici\u00f3n de la Semana de Cine Fant\u00e1stico y de Terror, que comenzar\u00e1 el viernes 30 con un intensa y larga &#8216;gau beltza&#8217;.<\/p>\n<p class=\"v-p\">La inauguraci\u00f3n correr\u00e1 a cargo de &#8216;Gaua&#8217;, la \u00faltima pel\u00edcula de Paul Urkijo que, en palabras del director del festival, Josemi Beltr\u00e1n, \u00abes magn\u00edfica\u00bb. Dirigida para \u00abun p\u00fablico m\u00e1s amplio\u00bb que sus anteriores filmes &#8216;Errementari&#8217; e &#8216;Irati&#8217;, se proyectar\u00e1 en el Auditorio del Kursaal. Antes habr\u00e1 sesi\u00f3n de maquillaje en el Boulevard y una kalejira, con est\u00e9tica de akelarre, hasta la Zurriola.<\/p>\n<p><a href=\"http:\/\/www.diariovasco.com\/culturas\/cine\/36a-semana-cine-fantastico-terror-consulta-seccion-20251022193551-nt.html#vtm_modulosEngag=mod-rel:culturas:noticia:1:cmp:1-not\" class=\"v-a-link\" aria-label=\"Imagen\" rel=\"nofollow noopener\" target=\"_blank\"><\/p>\n<p><img decoding=\"async\" loading=\"lazy\" src=\"https:\/\/www.europesays.com\/es\/wp-content\/uploads\/2025\/10\/Gaua-klWG--366x256@Diario Vasco.jpg\" class=\"v-a-img\" width=\"258\" height=\"180\" alt=\"\" data-voc-vtm-id=\"in-text-traffic\"\/><\/p>\n<p><\/a><\/p>\n<p class=\"v-p\">En la noche de los muertos, la celebraci\u00f3n continuar\u00e1 en el Teatro Principal con la denominada &#8216;Halloween gaua&#8217;. Se proyectar\u00e1n &#8216;V\/H\/S\/Halloween&#8217;, con uno de los cap\u00edtulos dirigido por Paco Plaza, y la finlandesa &#8216;The Creeps&#8217;, en ambos casos con una fuerte carga de nostalgia noventera. <\/p>\n<p>Cabeza borradora<\/p>\n<p class=\"v-p\">Uno de los invitados de la sesi\u00f3n nocturna en la sede del certamen de la Parte Vieja ser\u00e1 el protagonista del cartel, Jos\u00e9 Miguel Monz\u00f3n Navarro, m\u00e1s conocido como el Gran Wyoming, que ha transmutado en el personaje central de &#8216;Eraserhead&#8217; (&#8216;Cabeza borradora&#8217;, 1977). Porque en esta edici\u00f3n se va a recordar y homenajear al director de la pel\u00edcula, David Lynch, fallecido el pasado enero, responsable de un cine on\u00edrico, surrealista e inquietante con una particular est\u00e9tica. La Semana de Cine Fant\u00e1stico y de Terror ha programado su pel\u00edcula inici\u00e1tica que se proyectar\u00e1 en Tabakalera \u00abpara que aquellos que no la conocen puedan verla por primera vez y los que s\u00ed, tengan una nueva oportunidad\u00bb.<\/p>\n<p class=\"v-p\">Otro de los pases especiales que tendr\u00e1n lugar en Tabakalera, en esta ocasi\u00f3n en colaboraci\u00f3n con la Filmoteca Vasca, es &#8216;La torre de los siete jorobados&#8217; (1944), una de las obras maestras del genial Edgar Neville.<\/p>\n<p>Un chimpanc\u00e9 con rabia<\/p>\n<p class=\"v-p\">&#8216;Primate&#8217;, de Johannes Roberts, el director de &#8216;A 47 metros&#8217;, &#8216;Los extra\u00f1os: cacer\u00eda nocturna&#8217; y &#8216;Residente Evil: Bienvenidos a Raccoon City&#8217;. La sinopsis de la pel\u00edcula, que se incluye en el g\u00e9nero &#8216;terror animal&#8217; y cuyo estreno mundial en las salas comerciales no est\u00e1 previsto hasta enero, se\u00f1ala que \u00abtras regresar de la universidad, Lucy se re\u00fane con su familia, incluido el chimpanc\u00e9 Ben. Ben contrae la rabia durante una fiesta en la piscina y se vuelve muy agresivo.<\/p>\n<p class=\"v-p\">Uno de los t\u00edtulos espa\u00f1oles m\u00e1s esperados es &#8216;Silencio&#8217;, una miniserie de vampiras dirigida por Eduardo Casanova.<\/p>\n<p class=\"v-p\">&#8216;Gaua&#8217; no ser\u00e1 la \u00fanica pel\u00edcula que cuenta con producci\u00f3n vasca incluida en la Secci\u00f3n Oficial. Tambi\u00e9n se podr\u00e1 ver &#8216;Decorado&#8217; y &#8216;Santa Zeta&#8217;. La primera es una animaci\u00f3n, de Alberto V\u00e1zquez, autor de la exitosa &#8216;Unicorn Wars&#8217; (2022), que retoma el personaje de su corto del mismo t\u00edtulo y del c\u00f3mic recientemente publicado. Antonio Mu\u00f1oz de Mesa firma &#8216;Santa Zeta&#8217;, donde una conocida influencer de viajes utiliza sus redes sociales como tapadera para recorrer el mundo cazando pederastas, obsesionada con encontrar al asesino de su hermana peque\u00f1a.<\/p>\n<p class=\"v-p\">Josemi Beltr\u00e1n destaca que en esta edici\u00f3n en la programaci\u00f3n de la Secci\u00f3n Oficial hay hasta ocho pel\u00edculas procedentes de Estados Unidos, \u00abque es un indicativo de la buena salud que goza su cine\u00bb. Adem\u00e1s de la clausura, \u00abque es muy entretenida y ca\u00f1era\u00bb, destaca el t\u00edtulo para toda la familia &#8216;La leyenda de Ochi&#8217;. Tampoco falta una adaptaci\u00f3n de Stephen King, &#8216;La larga marcha.&#8217;<\/p>\n<p class=\"v-p\">Este jueves, a las 09.00 horas comienza la venta de abonos, que incluye una invitaci\u00f3n para la inauguraci\u00f3n, en la taquilla del Teatro Principal. El lunes se vender\u00e1n las entradas sueltas a partir de las 11.30 horas en las taquillas del Principal y Victoria Eugenia y en la web de Donostia Kultura. Las entradas para la proyecci\u00f3n de &#8216;Gaua&#8217; tambi\u00e9n se vender\u00e1n en la taquilla y en la web del Kursaal.<\/p>\n","protected":false},"excerpt":{"rendered":"Mucho cine procedente de Estados Unidos, tambi\u00e9n algunos de los m\u00e1s importantes t\u00edtulos del g\u00e9nero de producci\u00f3n vasca&hellip;\n","protected":false},"author":2,"featured_media":194618,"comment_status":"","ping_status":"","sticky":false,"template":"","format":"standard","meta":{"footnotes":""},"categories":[169],"tags":[177,54103,146,147,25,24,23987,176,16474,175,54102,37954,773,23,6667],"class_list":{"0":"post-194617","1":"post","2":"type-post","3":"status-publish","4":"format-standard","5":"has-post-thumbnail","7":"category-cine","8":"tag-cine","9":"tag-clausurara","10":"tag-entertainment","11":"tag-entretenimiento","12":"tag-es","13":"tag-espana","14":"tag-fantastico","15":"tag-film","16":"tag-johannes","17":"tag-movies","18":"tag-primate","19":"tag-roberts","20":"tag-semana","21":"tag-spain","22":"tag-terror"},"share_on_mastodon":{"url":"https:\/\/pubeurope.com\/@es\/115419918786672453","error":""},"_links":{"self":[{"href":"https:\/\/www.europesays.com\/es\/wp-json\/wp\/v2\/posts\/194617","targetHints":{"allow":["GET"]}}],"collection":[{"href":"https:\/\/www.europesays.com\/es\/wp-json\/wp\/v2\/posts"}],"about":[{"href":"https:\/\/www.europesays.com\/es\/wp-json\/wp\/v2\/types\/post"}],"author":[{"embeddable":true,"href":"https:\/\/www.europesays.com\/es\/wp-json\/wp\/v2\/users\/2"}],"replies":[{"embeddable":true,"href":"https:\/\/www.europesays.com\/es\/wp-json\/wp\/v2\/comments?post=194617"}],"version-history":[{"count":0,"href":"https:\/\/www.europesays.com\/es\/wp-json\/wp\/v2\/posts\/194617\/revisions"}],"wp:featuredmedia":[{"embeddable":true,"href":"https:\/\/www.europesays.com\/es\/wp-json\/wp\/v2\/media\/194618"}],"wp:attachment":[{"href":"https:\/\/www.europesays.com\/es\/wp-json\/wp\/v2\/media?parent=194617"}],"wp:term":[{"taxonomy":"category","embeddable":true,"href":"https:\/\/www.europesays.com\/es\/wp-json\/wp\/v2\/categories?post=194617"},{"taxonomy":"post_tag","embeddable":true,"href":"https:\/\/www.europesays.com\/es\/wp-json\/wp\/v2\/tags?post=194617"}],"curies":[{"name":"wp","href":"https:\/\/api.w.org\/{rel}","templated":true}]}}