{"id":194642,"date":"2025-10-22T21:36:15","date_gmt":"2025-10-22T21:36:15","guid":{"rendered":"https:\/\/www.europesays.com\/es\/194642\/"},"modified":"2025-10-22T21:36:15","modified_gmt":"2025-10-22T21:36:15","slug":"el-tiempo-le-da-la-razon-a-checo-perez-tras-su-despido-de-red-bull","status":"publish","type":"post","link":"https:\/\/www.europesays.com\/es\/194642\/","title":{"rendered":"El tiempo le da la raz\u00f3n a Checo P\u00e9rez tras su despido de Red Bull"},"content":{"rendered":"<p>Marko, quien fue el gran impulsor de la llegada del japon\u00e9s y de la sustituci\u00f3n de <strong>Sergio P\u00e9rez<\/strong>, ha mostrado su frustraci\u00f3n en p\u00fablico tras el <strong>Gran Premio de Estados Unidos<\/strong>, donde lament\u00f3 la diferencia entre sus dos pilotos. \u201cEs triste cuando uno est\u00e1 en la pole y el otro ni siquiera pasa a la Q2\u201d, declar\u00f3 el asesor del equipo, en clara referencia a <strong>Tsunoda<\/strong>, quien ha sido incapaz de acompa\u00f1ar a <strong>Max Verstappen<\/strong> en la lucha por los puntos.<\/p>\n","protected":false},"excerpt":{"rendered":"Marko, quien fue el gran impulsor de la llegada del japon\u00e9s y de la sustituci\u00f3n de Sergio P\u00e9rez,&hellip;\n","protected":false},"author":2,"featured_media":194643,"comment_status":"","ping_status":"","sticky":false,"template":"","format":"standard","meta":{"footnotes":""},"categories":[270],"tags":[168,25,24,306,271,272,23,167],"class_list":{"0":"post-194642","1":"post","2":"type-post","3":"status-publish","4":"format-standard","5":"has-post-thumbnail","7":"category-formula-1","8":"tag-deportes","9":"tag-es","10":"tag-espana","11":"tag-f1","12":"tag-formula-1","13":"tag-formula1","14":"tag-spain","15":"tag-sports"},"share_on_mastodon":{"url":"https:\/\/pubeurope.com\/@es\/115419977451561630","error":""},"_links":{"self":[{"href":"https:\/\/www.europesays.com\/es\/wp-json\/wp\/v2\/posts\/194642","targetHints":{"allow":["GET"]}}],"collection":[{"href":"https:\/\/www.europesays.com\/es\/wp-json\/wp\/v2\/posts"}],"about":[{"href":"https:\/\/www.europesays.com\/es\/wp-json\/wp\/v2\/types\/post"}],"author":[{"embeddable":true,"href":"https:\/\/www.europesays.com\/es\/wp-json\/wp\/v2\/users\/2"}],"replies":[{"embeddable":true,"href":"https:\/\/www.europesays.com\/es\/wp-json\/wp\/v2\/comments?post=194642"}],"version-history":[{"count":0,"href":"https:\/\/www.europesays.com\/es\/wp-json\/wp\/v2\/posts\/194642\/revisions"}],"wp:featuredmedia":[{"embeddable":true,"href":"https:\/\/www.europesays.com\/es\/wp-json\/wp\/v2\/media\/194643"}],"wp:attachment":[{"href":"https:\/\/www.europesays.com\/es\/wp-json\/wp\/v2\/media?parent=194642"}],"wp:term":[{"taxonomy":"category","embeddable":true,"href":"https:\/\/www.europesays.com\/es\/wp-json\/wp\/v2\/categories?post=194642"},{"taxonomy":"post_tag","embeddable":true,"href":"https:\/\/www.europesays.com\/es\/wp-json\/wp\/v2\/tags?post=194642"}],"curies":[{"name":"wp","href":"https:\/\/api.w.org\/{rel}","templated":true}]}}