{"id":194648,"date":"2025-10-22T21:39:08","date_gmt":"2025-10-22T21:39:08","guid":{"rendered":"https:\/\/www.europesays.com\/es\/194648\/"},"modified":"2025-10-22T21:39:08","modified_gmt":"2025-10-22T21:39:08","slug":"jose-luis-martinez-almeida-sobre-la-polemica-de-rosalia-no-puede-haber-excepciones-en-las-sanciones-hola","status":"publish","type":"post","link":"https:\/\/www.europesays.com\/es\/194648\/","title":{"rendered":"Jos\u00e9 Luis Mart\u00ednez-Almeida, sobre la pol\u00e9mica de Rosal\u00eda: \u201cNo puede haber excepciones en las sanciones\u201d &#8211; HOLA"},"content":{"rendered":"<ol>\n<li><a href=\"https:\/\/news.google.com\/rss\/articles\/CBMiqAFBVV95cUxPNnV0TGk3Z3lqUUxKVk53aDU3MTM4bzhDUFVSRVRWdzNrcjdBY1dyZDJndzVQaDhPN1owOEc4WWJfMzNWWGtxNTBNaGNVU2IweTNNbExZVEtEVDhEYU5iZFE4TE9WdVNYTTNXSXpqRW11SkhpYU8wd2xoZ3pXZVp2bEZJZG9UdnhESG1xVnpxWEtKdENnVTVnQVkxT1ItM1VaRVRrd3lVN04?oc=5\" target=\"_blank\" rel=\"nofollow noopener\">Jos\u00e9 Luis Mart\u00ednez-Almeida, sobre la pol\u00e9mica de Rosal\u00eda: \u201cNo puede haber excepciones en las sanciones\u201d<\/a>&nbsp;&nbsp;HOLA<\/li>\n<li><a href=\"https:\/\/news.google.com\/rss\/articles\/CBMi6gFBVV95cUxOZWZnX1B4OGlGRURycWpIeEpzMmRmMmNkeVI3RjhtS0FtQWEwM19sVHR5c1BtQkhaa0Q1emVKR3p1Nm01RkNSRDBqSHV6cGl2bjFrUlRObjhOaUJXWTdzcU5HVTdERjdPQXhxbU1hSVBQQUdHam1ycVVHR3RLNF9KdUFWcDJ3RVBFV3FUYXFwZENUUHM1WjdIZG9URWlMUHFrZThoSXZ4WHlMVTNHblJZSmxkUmVvUFZEdjdwdG4wWXBWaURWOWpIYzlPU25TX211VkRES3BtSm9MWWhvMEhoRGhENU1VNGdxdXc?oc=5\" target=\"_blank\" rel=\"nofollow noopener\">Almeida acusa a Rosal\u00eda de \u201cponer en peligro la integridad de las personas\u201d con su acto en Callao del lunes<\/a>&nbsp;&nbsp;EL PA\u00cdS<\/li>\n<li><a href=\"https:\/\/news.google.com\/rss\/articles\/CBMiywFBVV95cUxNNGllR1FtdjVFTVFhdkFjYnJ4dXpFQjFJYkpSaXFUZi1TQTBreHd3ZmxkRzhiTmY0eE5yeVVkMG5mN2w1a251V0hram43ZWFsSHAtTXZPT0x5LU5mZm5uRmpNSGRZN1RTZHN1ZTRwY240Y1A2Z0VQU1VHempyckQ0UC1GX3FhU0pXSWhLblJUbG5KbW5IQ3FQVGM4MG8tb0NsTG1vVWtKbVZRV2RjTUcwWFNYVWF1dnphRFhsMlRuMERjZDVVUHdRX1cwTQ?oc=5\" target=\"_blank\" rel=\"nofollow noopener\">La Polic\u00eda advierte de que el acto de Rosal\u00eda en Callao puso \u00aben peligro la integridad f\u00edsica de las personas\u00bb<\/a>&nbsp;&nbsp;20Minutos<\/li>\n<li><a href=\"https:\/\/news.google.com\/rss\/articles\/CBMiekFVX3lxTFBlREJPajlZM2F5UkJXaVh1anBsYWllaFZheDZqSWRETUNXMkhmS2c5T0twN01IYU9RQ3c3NjRtbzhPUGR0QU5JMG9rb2xhOHJTcTN4elVTQVBSa2l1UmxNZVFTVmJRNW5kcWNjN3RZQXZHRnhMWWdqX0xn0gF6QVVfeXFMTlFwYXFQQWpYUzIxWk9VamtYajFkakR4Z3hEVmZtM0EzckFTUDRkYkQyTlJydHNwVVplMEllNHkyd2pQU2JVb3cyX2FPbzB4Y3lEcU44dHhDNHZ3RFlHSmxORG80OWNqTC1JUDl4SEJwWlRLdEVBUUpwcGc?oc=5\" target=\"_blank\" rel=\"nofollow noopener\">Almeida afirma que el evento de Rosal\u00eda \u00abpuso en peligro la integridad f\u00edsica de las personas\u00bb<\/a>&nbsp;&nbsp;El Mundo<\/li>\n<li><a href=\"https:\/\/news.google.com\/rss\/articles\/CBMiqAFBVV95cUxObkQ1WXNvVnAxbWUtYzFKN3otUzkzSWVxWGtDRTJEMlNaZVZnWTN1M0haTVNkRnF2cEFMamQzRC05dFFwRmtXOFF4QlZrQi1xNW50TUJuRDdsdjU0S2hiZzRtSkgyOWQ2Z1FhVUdXRFNmbTRVWlZoSnduZmZqVHUyQUtpZDQyck51WGZmZmNjVHpXM2VCeTBwc1NZV0ZlOTVEUXZsM282MEzSAa4BQVVfeXFMUHhXbnVGLXhJZG5maEZrbXEzV0ZGRXVXbjd3V29TUHVPV3k5SFpPWmNDNlh6VmpMTWVMdmgzU0wtQU9vVjJxMUlZSTc0bjRFX05FNVVXVXdpVkJxSWFRVHcwNVNoTC1ybXgtQTJfZ3pBSjBBMnBLTWY3QzlxR0tmQTZXc202cWxFdTRmUzN6ZnJwSmpZWTF6TV9lSnZCVDZyXzFxX0NlR0dMWDlTazRn?oc=5\" target=\"_blank\" rel=\"nofollow noopener\">El sorprendente v\u00ednculo entre el nuevo disco &#8216;Lux&#8217; de Rosal\u00eda y Murcia: el vinilo esconde un gui\u00f1o a esta reliquia<\/a>&nbsp;&nbsp;El Confidencial<\/li>\n<\/ol>\n","protected":false},"excerpt":{"rendered":"Jos\u00e9 Luis Mart\u00ednez-Almeida, sobre la pol\u00e9mica de Rosal\u00eda: \u201cNo puede haber excepciones en las sanciones\u201d&nbsp;&nbsp;HOLA Almeida acusa a&hellip;\n","protected":false},"author":2,"featured_media":137804,"comment_status":"","ping_status":"","sticky":false,"template":"","format":"standard","meta":{"footnotes":""},"categories":[174],"tags":[517,255,146,147,25,24,256,3516,4147,23],"class_list":{"0":"post-194648","1":"post","2":"type-post","3":"status-publish","4":"format-standard","5":"has-post-thumbnail","7":"category-famosos","8":"tag-actualidad","9":"tag-celebrities","10":"tag-entertainment","11":"tag-entretenimiento","12":"tag-es","13":"tag-espana","14":"tag-famosos","15":"tag-jose-luis-martinez-almeida","16":"tag-rosalia","17":"tag-spain"},"share_on_mastodon":{"url":"https:\/\/pubeurope.com\/@es\/115419988948512250","error":""},"_links":{"self":[{"href":"https:\/\/www.europesays.com\/es\/wp-json\/wp\/v2\/posts\/194648","targetHints":{"allow":["GET"]}}],"collection":[{"href":"https:\/\/www.europesays.com\/es\/wp-json\/wp\/v2\/posts"}],"about":[{"href":"https:\/\/www.europesays.com\/es\/wp-json\/wp\/v2\/types\/post"}],"author":[{"embeddable":true,"href":"https:\/\/www.europesays.com\/es\/wp-json\/wp\/v2\/users\/2"}],"replies":[{"embeddable":true,"href":"https:\/\/www.europesays.com\/es\/wp-json\/wp\/v2\/comments?post=194648"}],"version-history":[{"count":0,"href":"https:\/\/www.europesays.com\/es\/wp-json\/wp\/v2\/posts\/194648\/revisions"}],"wp:featuredmedia":[{"embeddable":true,"href":"https:\/\/www.europesays.com\/es\/wp-json\/wp\/v2\/media\/137804"}],"wp:attachment":[{"href":"https:\/\/www.europesays.com\/es\/wp-json\/wp\/v2\/media?parent=194648"}],"wp:term":[{"taxonomy":"category","embeddable":true,"href":"https:\/\/www.europesays.com\/es\/wp-json\/wp\/v2\/categories?post=194648"},{"taxonomy":"post_tag","embeddable":true,"href":"https:\/\/www.europesays.com\/es\/wp-json\/wp\/v2\/tags?post=194648"}],"curies":[{"name":"wp","href":"https:\/\/api.w.org\/{rel}","templated":true}]}}