{"id":194649,"date":"2025-10-22T21:40:08","date_gmt":"2025-10-22T21:40:08","guid":{"rendered":"https:\/\/www.europesays.com\/es\/194649\/"},"modified":"2025-10-22T21:40:08","modified_gmt":"2025-10-22T21:40:08","slug":"graciela-iturbide-la-fotografa-que-viaja-por-mexico-y-espana-huyendo-del-turismo","status":"publish","type":"post","link":"https:\/\/www.europesays.com\/es\/194649\/","title":{"rendered":"Graciela Iturbide, la fot\u00f3grafa que viaja por M\u00e9xico y Espa\u00f1a huyendo del turismo"},"content":{"rendered":"<p style=\"\">En la nueva exposici\u00f3n de <a href=\"https:\/\/www.abc.es\/cultura\/arte\/mexicana-graciela-iturbide-expone-fotografias-premiadas-princesa-20251022174218-vi.html\" data-voc-vtm-id=\"in-text-traffic\" title=\"Graciela Iturbide\" rel=\"nofollow noopener\" target=\"_blank\">Graciela Iturbide<\/a> no te recibe una fotograf\u00eda, sino un maizal, un maizal que se abre en un pasillo que no tiene pero podr\u00eda tener una alfombra roja, en un feliz contraste campo-ciudad. Dice el cartel: \u00abEl ma\u00edz es  &#8230; uno de los s\u00edmbolos m\u00e1s antiguos y significativos de Mesoam\u00e9rica, donde ha sido centro de rituales, mitos y vida cotidiana. Tras su llegada a Europa en el siglo XVI, transform\u00f3 tambi\u00e9n las pr\u00e1cticas agr\u00edcolas y culturales del continente, y su cultivo se integr\u00f3 profundamente en el paisaje rural asturiano\u00bb. Ya se sabe: todoslos caminos llevan a Oviedo. A la F\u00e1brica de Armas, en este caso. Al Taller de Ca\u00f1ones.<\/p>\n<p class=\"voc-p\" style=\"\">Al otro lado del maizal encontramos el resultado de varios viajes f\u00edsicos y espirituales (\u00bfno son todos los grandes viajes as\u00ed?) en los que la fot\u00f3grafa, premio Princesa de Asturias de las Artes 2025, ha retratado paisajes, rostros, heridas, recuerdos, tradiciones, historias y otras cosas m\u00e1s o menos invisibles entre M\u00e9xico y Espa\u00f1a, siempre en blanco y negro, que es como ella sue\u00f1a. Est\u00e1 su primera captura: una ni\u00f1a que mira fuera del marco en Zihuatanejo y que est\u00e1 esperando algo, tal vez el tiempo. Ya ah\u00ed se percibe su obsesi\u00f3n, nos cuenta la comisaria, Beatriz Mackenzie, por la intuici\u00f3n, por el encuentro fortuito, imprevisible, eso que exige tanto trabajo, tanta mirada. Fue Manuel \u00c1lvarez Bravo quien le ense\u00f1\u00f3 que ten\u00eda \u00abun ojo para ver y un coraz\u00f3n para sentir\u00bb. Todo eso \u2013la foto, la lecci\u00f3n\u2013 sucedi\u00f3 en 1969.<\/p>\n<p class=\"voc-p\" style=\"\">Diez a\u00f1os despu\u00e9s Iturbide recibi\u00f3 el encargo de hacer un registro fotogr\u00e1fico de los &#8216;seris&#8217;, un pueblo dedicado a la recolecci\u00f3n y la pesca en el estado de Sonora, al norte de M\u00e9xico. Ella mira a los ojos, se detiene en ellos, huye del folclorismo, busca personas. Hace lo mismo en Juchit\u00e1n, a donde va por invitaci\u00f3n del pintor oaxaque\u00f1o Francisco Toledo. All\u00ed se detiene en las mujeres y los &#8216;muxes&#8217;, hombres que adoptan roles y vestimentas femeninas. <\/p>\n<p>\nLa fiesta del morir\n<\/p>\n<p class=\"voc-p\" style=\"\">Tambi\u00e9n tiene un espacio para la celebraci\u00f3n de la muerte, tan distinta y festiva, y la encuentra en Chalma, Xochimilco, Ciudad de M\u00e9xico y muchos otros lugares. Lo mismo hizo en Espa\u00f1a, donde se obsesion\u00f3 por la Semana Santa, las procesiones, y las fiestas populares. No es dif\u00edcil recordar a Cristina Garc\u00eda Rodero mirando sus fotos de Pe\u00f1afiel. <\/p>\n<p class=\"voc-p\" style=\"\">En Lanzarote, asegura, encontr\u00f3 una paz volc\u00e1nica: se enamor\u00f3 de la quietud de sus paisajes casi extraterrestres. En esa secci\u00f3n aparece una cita de Mar\u00eda Baranda: \u00abUna espiral enciende toda su sed en el desierto y su hueco alumbra lo que no vemos, lo que buscamos siempre en el alma de la tierra\u00bb. Y cuando fue a Ibiza, Salamanca, Valladolid y Almer\u00eda se acord\u00f3 de &#8216;Las hurdes, tierra sin pan&#8217;, de Bu\u00f1uel. Muchas de estas fotograf\u00edas son in\u00e9ditas. <\/p>\n<p class=\"voc-p\" style=\"\">\u00abHoy en d\u00eda todo parece como si ya hubiera sido fotografiado, que nada escapa al destino del recuerdo tur\u00edstico. No es f\u00e1cil distanciarse de los prejuicios que refuerzan las simplificaciones y los estereotipos. Pero debemos superar las im\u00e1genes estandarizadas para que la fotograf\u00eda y los viajes sean una forma de entender y celebrar nuestras diferencias y similitudes\u00bb, escribe Iturbide en la pared, a modo de po\u00e9tica.<\/p>\n<p class=\"voc-p\" style=\"\">A Iturbide le interesan los p\u00e1jaros, quiz\u00e1s porque miran como privilegiados y pueden estar solos cuando quieren. En una de sus fotograf\u00edas, &#8216;Ojos para volar&#8217;, vemos a una mujer que se tapa los ojos con lo que parecen dos gorriones. \u00abEn mi tierra sembrar\u00e9 p\u00e1jaros\u00bb, so\u00f1\u00f3 una noche. Y no ment\u00eda. <\/p>\n<p class=\"voc-p\" style=\"\">En 2004, le permitieron retratar el ba\u00f1o de Frida Kahlo en la Casa Azul, cerrado durante m\u00e1s de cincuenta a\u00f1os. All\u00ed document\u00f3 los instrumentos de su tortura: la bata del hospital, las muletas, los cors\u00e9s, las pr\u00f3tesis, los medicamentos. Esta serie es su retrato m\u00e1s crudo. <\/p>\n","protected":false},"excerpt":{"rendered":"En la nueva exposici\u00f3n de Graciela Iturbide no te recibe una fotograf\u00eda, sino un maizal, un maizal que&hellip;\n","protected":false},"author":2,"featured_media":194650,"comment_status":"","ping_status":"","sticky":false,"template":"","format":"standard","meta":{"footnotes":""},"categories":[173],"tags":[229,233,231,230,232,234,146,147,25,24,44892,53571,54104,53572,1906,23,4664,4127],"class_list":{"0":"post-194649","1":"post","2":"type-post","3":"status-publish","4":"format-standard","5":"has-post-thumbnail","7":"category-arte-y-diseno","8":"tag-arte","9":"tag-arte-y-diseno","10":"tag-arts","11":"tag-arts-and-design","12":"tag-design","13":"tag-diseno","14":"tag-entertainment","15":"tag-entretenimiento","16":"tag-es","17":"tag-espana","18":"tag-fotografa","19":"tag-graciela","20":"tag-huyendo","21":"tag-iturbide","22":"tag-mexico","23":"tag-spain","24":"tag-turismo","25":"tag-viaja"},"share_on_mastodon":{"url":"https:\/\/pubeurope.com\/@es\/115419992938217009","error":""},"_links":{"self":[{"href":"https:\/\/www.europesays.com\/es\/wp-json\/wp\/v2\/posts\/194649","targetHints":{"allow":["GET"]}}],"collection":[{"href":"https:\/\/www.europesays.com\/es\/wp-json\/wp\/v2\/posts"}],"about":[{"href":"https:\/\/www.europesays.com\/es\/wp-json\/wp\/v2\/types\/post"}],"author":[{"embeddable":true,"href":"https:\/\/www.europesays.com\/es\/wp-json\/wp\/v2\/users\/2"}],"replies":[{"embeddable":true,"href":"https:\/\/www.europesays.com\/es\/wp-json\/wp\/v2\/comments?post=194649"}],"version-history":[{"count":0,"href":"https:\/\/www.europesays.com\/es\/wp-json\/wp\/v2\/posts\/194649\/revisions"}],"wp:featuredmedia":[{"embeddable":true,"href":"https:\/\/www.europesays.com\/es\/wp-json\/wp\/v2\/media\/194650"}],"wp:attachment":[{"href":"https:\/\/www.europesays.com\/es\/wp-json\/wp\/v2\/media?parent=194649"}],"wp:term":[{"taxonomy":"category","embeddable":true,"href":"https:\/\/www.europesays.com\/es\/wp-json\/wp\/v2\/categories?post=194649"},{"taxonomy":"post_tag","embeddable":true,"href":"https:\/\/www.europesays.com\/es\/wp-json\/wp\/v2\/tags?post=194649"}],"curies":[{"name":"wp","href":"https:\/\/api.w.org\/{rel}","templated":true}]}}