{"id":194651,"date":"2025-10-22T21:41:10","date_gmt":"2025-10-22T21:41:10","guid":{"rendered":"https:\/\/www.europesays.com\/es\/194651\/"},"modified":"2025-10-22T21:41:10","modified_gmt":"2025-10-22T21:41:10","slug":"la-literatura-es-el-mejor-medio-para-dar-salida-a-mis-ideas","status":"publish","type":"post","link":"https:\/\/www.europesays.com\/es\/194651\/","title":{"rendered":"\u201cLa literatura es el mejor medio para dar salida a mis ideas\u201d"},"content":{"rendered":"<p>Las primeras veces siempre son especiales. Adentrarte en un sector nuevo genera en ocasiones nerviosismo y provoca que lleguemos a dudar si verdaderamente valemos para ese proyecto que hemos comenzado. A <strong>Pablo de Tom\u00e1s Esponera<\/strong> no le ha pasado eso. Este realizador audiovisual zaragozano ten\u00eda un anhelo desde hace tiempo y ha ido a por \u00e9l sin pensarlo.<strong> Este viernes a las 19.00 horas, en el Espacio Ocho Sentidos, presentar\u00e1 su primer <a target=\"_blank\" href=\"https:\/\/www.aragondigital.es\/tags\/libros\/\" rel=\"nofollow noopener\">libro <\/a>titulado \u201cEl cielo de los descarriados\u201d.<\/strong><\/p>\n<p>\u201cEsta es la <a target=\"_blank\" href=\"https:\/\/www.aragondigital.es\/tags\/historia\/\" rel=\"nofollow noopener\">historia<\/a> de <strong>un bar, su propietario y los clientes que acuden a \u00e9l.<\/strong> <strong>Representan la decadencia del barrio que habitan,<\/strong> donde cada personaje cuenta con una serie de penurias con las que tratan de convivir\u201d, explica De Tom\u00e1s Esponera. Ernesto, el due\u00f1o del bar El Cielo, lleva media vida escuchando las miserias y confesiones de sus clientes. Entre las sombras de la crisis y el desgaste de los a\u00f1os, el <a target=\"_blank\" href=\"https:\/\/www.aragondigital.es\/tags\/bares\/\" rel=\"nofollow noopener\">bar <\/a>se convierte en refugio y \u00faltima trinchera de <strong>quienes a\u00fan buscan un rinc\u00f3n donde sentirse vivos.<\/strong><\/p>\n<p>IDENTIFICACI\u00d3N POR PARTE DEL LECTOR<\/p>\n<p>El nuevo escritor asegura que <strong>pretend\u00eda mostrar historias con las que el lector se sintiera identificado<\/strong> mediante \u201cpersonajes entra\u00f1ables que viven situaciones que est\u00e1n m\u00e1s cercanas de lo que creemos\u201d. Partiendo de un punto cotidiano, los personajes afrontan la realidad extrema del barrio en el que residen. \u201cQuer\u00eda reflejar<strong> el cambio de sociedad que se est\u00e1 viendo paulatinamente y arrojar un poco de luz mediante la nostalgia de los bares de antes\u201d<\/strong>, se\u00f1ala De Tom\u00e1s Esponera.<\/p>\n<p>En su caso, como en el de otra tanta gente, la pandemia <strong>provoc\u00f3 ciertos cambios importantes en su vida <\/strong>que le llevaron a mostrar <strong>un inter\u00e9s por la literatura que no hab\u00eda sentido hasta entonces<\/strong>. Despu\u00e9s de ejercer toda su vida en el mundo audiovisual, sinti\u00f3 que era el momento de lanzarse a la piscina y probar algo nuevo. \u201cDesde peque\u00f1o ten\u00eda propuestas que en un principio quer\u00eda desarrollar como guiones pero que por sus caracter\u00edsticas resultaban complejas. Al final, <strong>la literatura es el mejor medio para dar salida a mis ideas\u201d, expresa.<\/strong><\/p>\n<p>El autor no puede ocultar su ilusi\u00f3n por la presentaci\u00f3n al p\u00fablico que tiene este mismo viernes. Siente un gran orgullo cuando se da cuenta de que la editorial le ha dado la oportunidad de realizar una puesta de largo en su primer libro, \u201calgo muy complicado tal y como est\u00e1 el sector literario en la actualidad\u201d, dice.<strong> \u201cEspero el d\u00eda con nerviosismo pero tambi\u00e9n con muchas ganas\u201d<\/strong>, apunta.\u00a0<\/p>\n","protected":false},"excerpt":{"rendered":"Las primeras veces siempre son especiales. Adentrarte en un sector nuevo genera en ocasiones nerviosismo y provoca que&hellip;\n","protected":false},"author":2,"featured_media":194652,"comment_status":"","ping_status":"","sticky":false,"template":"","format":"standard","meta":{"footnotes":""},"categories":[172],"tags":[224,209,146,147,25,24,6750,225,671,2436,23],"class_list":{"0":"post-194651","1":"post","2":"type-post","3":"status-publish","4":"format-standard","5":"has-post-thumbnail","7":"category-libros","8":"tag-books","9":"tag-cultura","10":"tag-entertainment","11":"tag-entretenimiento","12":"tag-es","13":"tag-espana","14":"tag-estrenos","15":"tag-libros","16":"tag-literatura","17":"tag-presentacion","18":"tag-spain"},"share_on_mastodon":{"url":"https:\/\/pubeurope.com\/@es\/115419996802521837","error":""},"_links":{"self":[{"href":"https:\/\/www.europesays.com\/es\/wp-json\/wp\/v2\/posts\/194651","targetHints":{"allow":["GET"]}}],"collection":[{"href":"https:\/\/www.europesays.com\/es\/wp-json\/wp\/v2\/posts"}],"about":[{"href":"https:\/\/www.europesays.com\/es\/wp-json\/wp\/v2\/types\/post"}],"author":[{"embeddable":true,"href":"https:\/\/www.europesays.com\/es\/wp-json\/wp\/v2\/users\/2"}],"replies":[{"embeddable":true,"href":"https:\/\/www.europesays.com\/es\/wp-json\/wp\/v2\/comments?post=194651"}],"version-history":[{"count":0,"href":"https:\/\/www.europesays.com\/es\/wp-json\/wp\/v2\/posts\/194651\/revisions"}],"wp:featuredmedia":[{"embeddable":true,"href":"https:\/\/www.europesays.com\/es\/wp-json\/wp\/v2\/media\/194652"}],"wp:attachment":[{"href":"https:\/\/www.europesays.com\/es\/wp-json\/wp\/v2\/media?parent=194651"}],"wp:term":[{"taxonomy":"category","embeddable":true,"href":"https:\/\/www.europesays.com\/es\/wp-json\/wp\/v2\/categories?post=194651"},{"taxonomy":"post_tag","embeddable":true,"href":"https:\/\/www.europesays.com\/es\/wp-json\/wp\/v2\/tags?post=194651"}],"curies":[{"name":"wp","href":"https:\/\/api.w.org\/{rel}","templated":true}]}}